{"id":75,"date":"2024-09-30T00:00:00","date_gmt":"2024-09-29T23:00:00","guid":{"rendered":"https:\/\/proclim.com.pl\/?p=75"},"modified":"2024-09-30T00:00:00","modified_gmt":"2024-09-29T23:00:00","slug":"jak-zorganizowac-przestrzen-beauty-w-malej-lazience","status":"publish","type":"post","link":"https:\/\/proclim.com.pl\/ro\/jak-zorganizowac-przestrzen-beauty-w-malej-lazience\/","title":{"rendered":"Cum s\u0103 organizezi un spa\u021biu de \u00eenfrumuse\u021bare \u00eentr-o baie mic\u0103?"},"content":{"rendered":"<div class=\"kk-star-ratings kksr-auto kksr-align-left kksr-valign-top\"\n    data-payload='{&quot;align&quot;:&quot;left&quot;,&quot;id&quot;:&quot;75&quot;,&quot;slug&quot;:&quot;default&quot;,&quot;valign&quot;:&quot;top&quot;,&quot;ignore&quot;:&quot;&quot;,&quot;reference&quot;:&quot;auto&quot;,&quot;class&quot;:&quot;&quot;,&quot;count&quot;:&quot;0&quot;,&quot;legendonly&quot;:&quot;&quot;,&quot;readonly&quot;:&quot;&quot;,&quot;score&quot;:&quot;0&quot;,&quot;starsonly&quot;:&quot;&quot;,&quot;best&quot;:&quot;5&quot;,&quot;gap&quot;:&quot;5&quot;,&quot;greet&quot;:&quot;&quot;,&quot;legend&quot;:&quot;0\\\/5 - (0 votes)&quot;,&quot;size&quot;:&quot;24&quot;,&quot;title&quot;:&quot;Jak zorganizowa\u0107 przestrze\u0144 beauty w ma\u0142ej \u0142azience?&quot;,&quot;width&quot;:&quot;0&quot;,&quot;_legend&quot;:&quot;{score}\\\/{best} - ({count} {votes})&quot;,&quot;font_factor&quot;:&quot;1.25&quot;}'>\n            \n<div class=\"kksr-stars\">\n    \n<div class=\"kksr-stars-inactive\">\n            <div class=\"kksr-star\" data-star=\"1\" style=\"padding-right: 5px\">\n            \n\n<div class=\"kksr-icon\" style=\"width: 24px; height: 24px;\"><\/div>\n        <\/div>\n            <div class=\"kksr-star\" data-star=\"2\" style=\"padding-right: 5px\">\n            \n\n<div class=\"kksr-icon\" style=\"width: 24px; height: 24px;\"><\/div>\n        <\/div>\n            <div class=\"kksr-star\" data-star=\"3\" style=\"padding-right: 5px\">\n            \n\n<div class=\"kksr-icon\" style=\"width: 24px; height: 24px;\"><\/div>\n        <\/div>\n            <div class=\"kksr-star\" data-star=\"4\" style=\"padding-right: 5px\">\n            \n\n<div class=\"kksr-icon\" style=\"width: 24px; height: 24px;\"><\/div>\n        <\/div>\n            <div class=\"kksr-star\" data-star=\"5\" style=\"padding-right: 5px\">\n            \n\n<div class=\"kksr-icon\" style=\"width: 24px; height: 24px;\"><\/div>\n        <\/div>\n    <\/div>\n    \n<div class=\"kksr-stars-active\" style=\"width: 0px;\">\n            <div class=\"kksr-star\" style=\"padding-right: 5px\">\n            \n\n<div class=\"kksr-icon\" style=\"width: 24px; height: 24px;\"><\/div>\n        <\/div>\n            <div class=\"kksr-star\" style=\"padding-right: 5px\">\n            \n\n<div class=\"kksr-icon\" style=\"width: 24px; height: 24px;\"><\/div>\n        <\/div>\n            <div class=\"kksr-star\" style=\"padding-right: 5px\">\n            \n\n<div class=\"kksr-icon\" style=\"width: 24px; height: 24px;\"><\/div>\n        <\/div>\n            <div class=\"kksr-star\" style=\"padding-right: 5px\">\n            \n\n<div class=\"kksr-icon\" style=\"width: 24px; height: 24px;\"><\/div>\n        <\/div>\n            <div class=\"kksr-star\" style=\"padding-right: 5px\">\n            \n\n<div class=\"kksr-icon\" style=\"width: 24px; height: 24px;\"><\/div>\n        <\/div>\n    <\/div>\n<\/div>\n                \n\n<div class=\"kksr-legend\" style=\"font-size: 19.2px;\">\n            <span class=\"kksr-muted\"><\/span>\n    <\/div>\n    <\/div>\n<p>Organizarea unui spa\u021biu de \u00eenfrumuse\u021bare \u00eentr-o baie mic\u0103 este o provocare, dar una care poate fi realizat\u0103 cu succes. Cheia este o abordare bine g\u00e2ndit\u0103, care v\u0103 va permite s\u0103 profita\u021bi la maximum de spa\u021biul disponibil. Prin utilizarea de mobilier func\u021bional \u0219i metode eficiente de depozitare, po\u021bi crea un spa\u021biu armonios pentru \u00eengrijire. Indiferent de dimensiunea b\u0103ii tale, exist\u0103 o mul\u021bime de modalit\u0103\u021bi de a-\u021bi organiza cosmeticele, accesoriile \u0219i produsele de \u00eenfrumuse\u021bare. \u00cen articolul urm\u0103tor vom prezenta sfaturi practice \u0219i recomand\u0103ri despre organizarea spa\u021biului t\u0103u de \u00eenfrumuse\u021bare. Vei afla ce mobilier, accesorii \u0219i organizator de parfumuri \u0219i cosmetice se potrive\u0219te cel mai bine b\u0103ii tale.<\/p>\n<p><img decoding=\"async\" src=\"https:\/\/proclim.com.pl\/wp-content\/uploads\/2024\/09\/image-37.jpeg\" alt=\"Sposoby na optymalne zagospodarowanie przestrzeni beauty w ma\u0142ej \u0142azience.\" style=\"max-width:100%; height:auto;\"\/><\/p>\n<h2>Planificarea spa\u021biului<\/h2>\n<h3>Analiza spa\u021biului disponibil<\/h3>\n<p>Atunci c\u00e2nd amenajezi o baie mic\u0103, este esen\u021bial s\u0103 \u00een\u021belegi bine spa\u021biul disponibil. \u00cencep\u00e2nd cu m\u0103sur\u0103tori precise, este o idee bun\u0103 s\u0103 nota\u021bi toate elementele pe care dori\u021bi s\u0103 le include\u021bi, cum ar fi o chiuvet\u0103, un du\u0219 sau o toalet\u0103. F\u0103c\u00e2nd aceast\u0103 analiz\u0103, po\u021bi evalua \u0219i unde se afl\u0103 sursele de lumin\u0103 natural\u0103, ceea ce te poate ajuta s\u0103 pozi\u021bionezi oglinzile \u0219i mobilierul. Identificarea zonelor utilizabile care trebuie amenajate este urm\u0103torul pas. De asemenea, merit\u0103 s\u0103 lu\u0103m \u00een considerare ce produse sunt utilizate cel mai des \u0219i ar trebui s\u0103 fie u\u0219or accesibile. La sf\u00e2r\u0219itul acestei etape pute\u021bi ajunge s\u0103 stabili\u021bi ce poate fi schimbat sau eliminat din camer\u0103.<\/p>\n<h3>Stabilirea priorit\u0103\u021bilor<\/h3>\n<p>Dup\u0103 analizarea atent\u0103 a spa\u021biului disponibil, merit\u0103 s\u0103 stabili\u021bi priorit\u0103\u021bi pentru depozitarea cosmeticelor \u0219i accesoriilor. \u00cen aceast\u0103 faz\u0103, ar trebui s\u0103 stabile\u0219ti care produse sunt esen\u021biale pentru rutina ta zilnic\u0103 de \u00eengrijire \u0219i care pot fi p\u0103strate pentru mai t\u00e2rziu. Catalogarea produselor cosmetice \u00een func\u021bie de utilitatea lor te va ajuta s\u0103 decizi ce po\u021bi scoate sau pune pe plan secund. De asemenea, ar trebui s\u0103 planifica\u021bi o vizualizare a modului \u00een care s\u0103 organiza\u021bi aceste produse cosmetice \u00eentr-un anumit loc. Merit\u0103 s\u0103 v\u0103 asigura\u021bi c\u0103 produsele cel mai frecvent utilizate sunt u\u0219or accesibile. Atunci c\u00e2nd decide\u021bi asupra modific\u0103rilor, pute\u021bi lua \u00een considerare \u0219i amenajarea lor estetic\u0103, ceea ce va oferi spa\u021biului sanitar o nou\u0103 dimensiune.<\/p>\n<h2>Alegerea mobilierului \u0219i accesoriilor potrivite<\/h2>\n<h3>Mobilier func\u021bional<\/h3>\n<p>Alegerea mobilierului pentru o baie mic\u0103 ar trebui s\u0103 se concentreze pe func\u021bionalitatea \u0219i economisirea spa\u021biului. Cea mai bun\u0103 solu\u021bie este amplasarea de rafturi de-a lungul pere\u021bilor, ceea ce va ajuta la economisirea spa\u021biului pe podea. Utilizarea mobilierului sub chiuvet\u0103, care ofer\u0103 spa\u021biu suplimentar de depozitare, este, de asemenea, foarte practic\u0103. C\u00e2nd c\u0103uta\u021bi mobil\u0103, merit\u0103 s\u0103 acorda\u021bi aten\u021bie modelelor formate din diferite sec\u021biuni, care permit o sortare mai u\u0219oar\u0103 a produselor cosmetice. \u00cen plus, oglinzile cu rafturi \u00eencorporate sunt o solu\u021bie perfect\u0103 care v\u0103 permite s\u0103 combina\u021bi dou\u0103 func\u021bii \u00eentr-un singur element. \u00cen acest fel, spa\u021biul devine mai organizat \u0219i mai estetic.<\/p>\n<h3>Organizatoare \u0219i containere<\/h3>\n<p>Organizarea corect\u0103 a cosmeticelor este cheia men\u021binerii ordinii \u00eentr-o baie mic\u0103. Merit\u0103 s\u0103 investe\u0219ti \u00een diferite tipuri de organizatoare, cum ar fi recipiente transparente cu diviziuni care faciliteaz\u0103 sortarea produselor. Pentru parfumuri, recomand\u0103m utilizarea <strong>organizator de parfumuri<\/strong>, ceea ce va ajuta la men\u021binerea aspectului lor estetic \u0219i va permite accesul rapid. Exist\u0103, de asemenea, organizatoare sub form\u0103 de sertare extensibile care pot fi plasate \u00een dulapuri. Datorit\u0103 selec\u021biei atente de accesorii, \u00ee\u021bi po\u021bi p\u0103stra cosmeticele \u00een ordine. De asemenea, merit\u0103 s\u0103 ne amintim c\u0103 toate recipientele ar trebui s\u0103 fie estetice \u0219i pl\u0103cute la utilizare.<\/p>\n<h2>Depozitarea cosmeticelor<\/h2>\n<h3>Clasificarea produselor<\/h3>\n<p>Depozitarea cosmeticelor organizate pe categorii face via\u021ba mult mai u\u0219oar\u0103 \u0219i te ajut\u0103 s\u0103 r\u0103m\u00e2i organizat. Cu ajutorul organizatoarelor, pute\u021bi grupa produse cu scopuri similare, cum ar fi \u00eengrijirea facial\u0103, machiajul \u0219i accesoriile. Datorit\u0103 acestui fapt, \u00een timpul \u00eengrijirii zilnice vom avea acces facil la ceea ce este cel mai necesar. Clasificarea v\u0103 permite, de asemenea, s\u0103 vede\u021bi rapid ce produse merit\u0103 reaprovizionate \u0219i care pot fi aruncate. Acest lucru v\u0103 permite s\u0103 v\u0103 gestiona\u021bi mai bine produsele cosmetice \u0219i s\u0103 economisi\u021bi timp. Revizuirea sistematic\u0103 a spa\u021biului organizat ajut\u0103 la men\u021binerea ordinii \u0219i a unei rutine eficiente.<\/p>\n<h3>Utilizarea spa\u021biului vertical<\/h3>\n<p>Spa\u021biul vertical din baie este adesea subestimat, dar poate fi folosit \u00eentr-un mod extrem de eficient. Ag\u0103\u021barea cosmeticelor \u0219i accesoriilor pe c\u00e2rlige sau montarea rafturilor pe pere\u021bi este o idee grozav\u0103. \u00cen acest fel, pute\u021bi crea spa\u021biu suplimentar pentru produse care nu ocup\u0103 spa\u021biu de lucru pe blatul de lucru. Depozitarea vertical\u0103 este, de asemenea, o oportunitate excelent\u0103 de a utiliza organizatoare estetice care adaug\u0103 caracter interiorului. \u00cen plus, pute\u021bi folosi co\u0219uri suspendate pentru a a\u0219eza cosmeticele folosite zilnic. Re\u021bine\u021bi c\u0103 lizibilitatea \u0219i estetica sunt esen\u021biale atunci c\u00e2nd proiecta\u021bi un astfel de spa\u021biu.<\/p>\n<h2>Men\u021binerea ordinii<\/h2>\n<h3>Inspec\u021bii regulate<\/h3>\n<p>Men\u021binerea ordinii \u00eentr-un mic spa\u021biu de \u00eenfrumuse\u021bare necesit\u0103 controale regulate. Transparen\u021ba \u0219i organizarea \u00eenseamn\u0103 c\u0103 unele produse ar putea s\u0103 nu mai fie utilizate sau \u00ee\u0219i pot pierde calitatea. Se recomand\u0103 s\u0103 v\u0103 revizui\u021bi produsele cosmetice cel pu\u021bin o dat\u0103 la trei luni pentru a sc\u0103pa de produsele \u00eenvechite sau neutilizate. Este o idee bun\u0103 s\u0103 planifici o zi anume pentru a aborda aceast\u0103 sarcin\u0103. C\u00e2nd \u0219tim datele pentru \u00eentre\u021binere, este mai u\u0219or s\u0103 r\u0103m\u00e2nem organiza\u021bi \u0219i s\u0103 urm\u0103m o rutin\u0103. Prin urmare, zona de \u00eengrijire a b\u0103ii tale va deveni un loc mai pl\u0103cut \u00een care s\u0103-\u021bi petreci timpul.<\/p>\n<h3>Rutina de cur\u0103\u021benie<\/h3>\n<p>Cur\u0103\u021benia zilnic\u0103 a unei b\u0103i mici nu trebuie s\u0103 dureze mult dac\u0103 avem o rutin\u0103 potrivit\u0103. Sfaturi simple, cum ar fi punerea tuturor produselor la locul lor dup\u0103 utilizare, pot \u00eembun\u0103t\u0103\u021bi considerabil cur\u0103\u021benia general\u0103. Merit\u0103 s\u0103 te obi\u0219nuie\u0219ti cu acest obicei, va face organizarea \u0219i mai u\u0219oar\u0103. Asigurarea cur\u0103\u021beniei suprafe\u021belor interne ajut\u0103, de asemenea, la evitarea acumul\u0103rii de mirosuri nedorite \u0219i murd\u0103rie. De asemenea, \u00eencearc\u0103 s\u0103 p\u0103strezi un num\u0103r minim de produse, ceea ce \u00ee\u021bi va u\u0219ura mult \u00eengrijirea \u0219i organizarea zilnic\u0103. Cur\u0103\u021benia regulat\u0103 \u0219i rutina sunt cheia succesului \u00een organizarea spa\u021biului t\u0103u de \u00eenfrumuse\u021bare.<\/p>\n<h2>Inspira\u021bii \u0219i exemple<\/h2>\n<h3>Idei pentru aranjament<\/h3>\n<p>Mul\u021bi dintre noi ne inspir\u0103m pentru a vedea cum ar putea ar\u0103ta spa\u021biul perfect de \u00eenfrumuse\u021bare \u00eentr-o baie mic\u0103. Iat\u0103 c\u00e2teva idei care te vor ajuta s\u0103 te organizezi. Po\u021bi folosi culori deschise care vor m\u0103ri optic spa\u021biul \u0219i oglinzi care vor lumina \u00eemprejurimile. Rafturile decorative pentru cosmetice pot ac\u021biona ca element decorativ \u0219i \u00een acela\u0219i timp func\u021bional. De asemenea, lua\u021bi \u00een considerare un suport pentru prosoape care s\u0103 fie ag\u0103\u021bat deasupra toaletei pentru a economisi spa\u021biu pe podea. De asemenea, merit\u0103 s\u0103 folosi\u021bi o varietate de organizatoare care vor deveni o atrac\u021bie \u00een spa\u021biu. Diferen\u021bele impresionante de amenajare pot cre\u0219te semnificativ confortul \u0219i estetica noului loc.<\/p>\n<table>\n<caption>Ghid de organizare a cosmeticelor<\/caption>\n<tr>\n<th>Categorie<\/th>\n<th>Solu\u021bii propuse<\/th>\n<th>Organizare<\/th>\n<\/tr>\n<tr>\n<td>Inventa<\/td>\n<td>Organizatoare cu compartimente<\/td>\n<td>Aranjament dup\u0103 tipul cosmetic<\/td>\n<\/tr>\n<tr>\n<td>\u00cengrijire facial\u0103<\/td>\n<td>Rafturi suspendate<\/td>\n<td>La comand\u0103 (de exemplu, zi\/noapte)<\/td>\n<\/tr>\n<tr>\n<td>Accesorii<\/td>\n<td>Catarg suspendat<\/td>\n<td>\u00cemp\u0103r\u021birea \u00een cotidian \u0219i ocazional<\/td>\n<\/tr>\n<\/table>\n<p>Pe scurt, organizarea unui spa\u021biu de \u00eenfrumuse\u021bare \u00eentr-o baie mic\u0103 este o provocare, dar posibil\u0103. Cheia este s\u0103 \u00een\u021belegi spa\u021biul disponibil, s\u0103 stabile\u0219ti priorit\u0103\u021bi \u0219i s\u0103 alegi mobilierul \u0219i accesoriile potrivite. Clasificarea corect\u0103 a produselor cosmetice \u0219i utilizarea spa\u021biului vertical v\u0103 vor ajuta s\u0103 p\u0103stra\u021bi lucrurile organizate. \u00cen cele din urm\u0103, controalele regulate \u0219i o rutin\u0103 de cur\u0103\u021benie sunt p\u0103r\u021bi esen\u021biale ale rutinei tale de \u00eengrijire zilnic\u0103. Cu aceste sfaturi, po\u021bi transforma baia ta mic\u0103 \u00eentr-o zon\u0103 de frumuse\u021be inspirat\u0103.<\/p>\n<h2>FAQ<\/h2>\n<p><strong>1. Ce mobilier este cel mai potrivit pentru o baie mic\u0103?<\/strong><br \/>\nCea mai bun\u0103 alegere va fi mobilierul multifunc\u021bional, cum ar fi rafturile \u0219i dulapurile de sub chiuvet\u0103, care vor ajuta la economisirea spa\u021biului.<\/p>\n<p><strong>2. Ce organizatoare sunt cele mai practice pentru cosmetice?<\/strong><br \/>\nCele mai bune organizatoare sunt recipientele transparente cu diviziuni care faciliteaz\u0103 g\u0103sirea produselor \u0219i p\u0103strarea lor organizat\u0103.<\/p>\n<p><strong>3. C\u00e2t de des ar trebui s\u0103-mi revizuiesc produsele cosmetice?<\/strong><br \/>\nSe recomand\u0103 s\u0103 v\u0103 revizui\u021bi produsele cosmetice cel pu\u021bin o dat\u0103 la 3 luni pentru a v\u0103 asigura c\u0103 nu ave\u021bi produse expirate sau neutilizate.<\/p>\n<p><strong>4. Pot folosi spa\u021biul de deasupra chiuvetei?<\/strong><br \/>\nDa! Pute\u021bi instala rafturi sau rafturi de perete deasupra chiuvetei pentru a depozita cosmetice \u0219i accesorii. Aceasta este o modalitate excelent\u0103 de a maximiza spa\u021biul.<\/p>\n<p><strong>5. Care sunt metodele eficiente pentru men\u021binerea ordinii \u00eentr-o baie mic\u0103?<\/strong><br \/>\nPrintre metodele eficiente se num\u0103r\u0103 cur\u0103\u021benia regulat\u0103, organizarea pe categorii \u0219i utilizarea pere\u021bilor desp\u0103r\u021bitori. Ace\u0219ti pa\u0219i vor face mai u\u0219oar\u0103 organizarea.<\/p>","protected":false},"excerpt":{"rendered":"<p>Organizacja przestrzeni beauty w ma\u0142ej \u0142azience to wyzwanie, kt\u00f3re mo\u017cna jednak zrealizowa\u0107 z sukcesem. Kluczem jest dobrze przemy\u015blane podej\u015bcie, kt\u00f3re pozwoli maksymalnie wykorzysta\u0107 dost\u0119pne miejsce. Dzi\u0119ki zastosowaniu funkcjonalnych mebli oraz efektywnych metod przechowywania, mo\u017cna stworzy\u0107 harmonijn\u0105 przestrze\u0144 do piel\u0119gnacji. Niezale\u017cnie od rozmiar\u00f3w twojej \u0142azienki, jest wiele sposob\u00f3w na zorganizowanie kosmetyk\u00f3w, akcesori\u00f3w i produkt\u00f3w do piel\u0119gnacji. [&hellip;]<\/p>","protected":false},"author":1,"featured_media":73,"comment_status":"closed","ping_status":"closed","sticky":false,"template":"","format":"standard","meta":{"_acf_changed":false,"footnotes":""},"categories":[1],"tags":[],"class_list":["post-75","post","type-post","status-publish","format-standard","has-post-thumbnail","hentry","category-blog"],"acf":[],"yoast_head":"<!-- This site is optimized with the Yoast SEO plugin v23.2 - https:\/\/yoast.com\/wordpress\/plugins\/seo\/ -->\n<title>Jak zorganizowa\u0107 przestrze\u0144 beauty w ma\u0142ej \u0142azience? Praktyczne porady i inspiracje<\/title>\n<meta name=\"description\" content=\"Odkryj, jak skutecznie zorganizowa\u0107 kosmetyki w ma\u0142ej \u0142azience. Poznaj sprawdzone metody i inspiruj\u0105ce pomys\u0142y!\" \/>\n<meta name=\"robots\" content=\"index, follow, max-snippet:-1, max-image-preview:large, max-video-preview:-1\" \/>\n<link rel=\"canonical\" href=\"https:\/\/proclim.com.pl\/ro\/jak-zorganizowac-przestrzen-beauty-w-malej-lazience\/\" \/>\n<meta property=\"og:locale\" content=\"ro_RO\" \/>\n<meta property=\"og:type\" content=\"article\" \/>\n<meta property=\"og:title\" content=\"Jak zorganizowa\u0107 przestrze\u0144 beauty w ma\u0142ej \u0142azience? Praktyczne porady i inspiracje\" \/>\n<meta property=\"og:description\" content=\"Odkryj, jak skutecznie zorganizowa\u0107 kosmetyki w ma\u0142ej \u0142azience. Poznaj sprawdzone metody i inspiruj\u0105ce pomys\u0142y!\" \/>\n<meta property=\"og:url\" content=\"https:\/\/proclim.com.pl\/ro\/jak-zorganizowac-przestrzen-beauty-w-malej-lazience\/\" \/>\n<meta property=\"og:site_name\" content=\"proclim.com.pl\" \/>\n<meta property=\"article:published_time\" content=\"2024-09-29T23:00:00+00:00\" \/>\n<meta property=\"og:image\" content=\"https:\/\/proclim.com.pl\/wp-content\/uploads\/2024\/09\/image-36.jpeg\" \/>\n\t<meta property=\"og:image:width\" content=\"612\" \/>\n\t<meta property=\"og:image:height\" content=\"407\" \/>\n\t<meta property=\"og:image:type\" content=\"image\/jpeg\" \/>\n<meta name=\"author\" content=\"Urszula Jasi\u0144ska\" \/>\n<meta name=\"twitter:card\" content=\"summary_large_image\" \/>\n<meta name=\"twitter:label1\" content=\"Scris de\" \/>\n\t<meta name=\"twitter:data1\" content=\"Urszula Jasi\u0144ska\" \/>\n\t<meta name=\"twitter:label2\" content=\"Timp estimat pentru citire\" \/>\n\t<meta name=\"twitter:data2\" content=\"7 minute\" \/>\n<script type=\"application\/ld+json\" class=\"yoast-schema-graph\">{\"@context\":\"https:\/\/schema.org\",\"@graph\":[{\"@type\":\"WebPage\",\"@id\":\"https:\/\/proclim.com.pl\/jak-zorganizowac-przestrzen-beauty-w-malej-lazience\/\",\"url\":\"https:\/\/proclim.com.pl\/jak-zorganizowac-przestrzen-beauty-w-malej-lazience\/\",\"name\":\"Jak zorganizowa\u0107 przestrze\u0144 beauty w ma\u0142ej \u0142azience? Praktyczne porady i inspiracje\",\"isPartOf\":{\"@id\":\"https:\/\/proclim.com.pl\/#website\"},\"primaryImageOfPage\":{\"@id\":\"https:\/\/proclim.com.pl\/jak-zorganizowac-przestrzen-beauty-w-malej-lazience\/#primaryimage\"},\"image\":{\"@id\":\"https:\/\/proclim.com.pl\/jak-zorganizowac-przestrzen-beauty-w-malej-lazience\/#primaryimage\"},\"thumbnailUrl\":\"https:\/\/proclim.com.pl\/wp-content\/uploads\/2024\/09\/image-36.jpeg\",\"datePublished\":\"2024-09-29T23:00:00+00:00\",\"dateModified\":\"2024-09-29T23:00:00+00:00\",\"author\":{\"@id\":\"https:\/\/proclim.com.pl\/#\/schema\/person\/45c676b6550e197bc729f915ffc429e0\"},\"description\":\"Odkryj, jak skutecznie zorganizowa\u0107 kosmetyki w ma\u0142ej \u0142azience. Poznaj sprawdzone metody i inspiruj\u0105ce pomys\u0142y!\",\"breadcrumb\":{\"@id\":\"https:\/\/proclim.com.pl\/jak-zorganizowac-przestrzen-beauty-w-malej-lazience\/#breadcrumb\"},\"inLanguage\":\"ro-RO\",\"potentialAction\":[{\"@type\":\"ReadAction\",\"target\":[\"https:\/\/proclim.com.pl\/jak-zorganizowac-przestrzen-beauty-w-malej-lazience\/\"]}]},{\"@type\":\"ImageObject\",\"inLanguage\":\"ro-RO\",\"@id\":\"https:\/\/proclim.com.pl\/jak-zorganizowac-przestrzen-beauty-w-malej-lazience\/#primaryimage\",\"url\":\"https:\/\/proclim.com.pl\/wp-content\/uploads\/2024\/09\/image-36.jpeg\",\"contentUrl\":\"https:\/\/proclim.com.pl\/wp-content\/uploads\/2024\/09\/image-36.jpeg\",\"width\":612,\"height\":407,\"caption\":\"female hands open pink cosmetic bag for making makeup. Concept for storage and handling of cosmetic beauty products\"},{\"@type\":\"BreadcrumbList\",\"@id\":\"https:\/\/proclim.com.pl\/jak-zorganizowac-przestrzen-beauty-w-malej-lazience\/#breadcrumb\",\"itemListElement\":[{\"@type\":\"ListItem\",\"position\":1,\"name\":\"Home\",\"item\":\"https:\/\/proclim.com.pl\/\"},{\"@type\":\"ListItem\",\"position\":2,\"name\":\"Jak zorganizowa\u0107 przestrze\u0144 beauty w ma\u0142ej \u0142azience?\"}]},{\"@type\":\"WebSite\",\"@id\":\"https:\/\/proclim.com.pl\/#website\",\"url\":\"https:\/\/proclim.com.pl\/\",\"name\":\"proclim.com.pl\",\"description\":\"Organizer na perfumy: porz\u0105dek i styl w jednym miejscu.\",\"potentialAction\":[{\"@type\":\"SearchAction\",\"target\":{\"@type\":\"EntryPoint\",\"urlTemplate\":\"https:\/\/proclim.com.pl\/?s={search_term_string}\"},\"query-input\":\"required name=search_term_string\"}],\"inLanguage\":\"ro-RO\"},{\"@type\":\"Person\",\"@id\":\"https:\/\/proclim.com.pl\/#\/schema\/person\/45c676b6550e197bc729f915ffc429e0\",\"name\":\"Urszula Jasi\u0144ska\",\"image\":{\"@type\":\"ImageObject\",\"inLanguage\":\"ro-RO\",\"@id\":\"https:\/\/proclim.com.pl\/#\/schema\/person\/image\/\",\"url\":\"https:\/\/proclim.com.pl\/wp-content\/uploads\/2025\/02\/jdtygnenjz1_ad_avatar-96x96.jpg\",\"contentUrl\":\"https:\/\/proclim.com.pl\/wp-content\/uploads\/2025\/02\/jdtygnenjz1_ad_avatar-96x96.jpg\",\"caption\":\"Urszula Jasi\u0144ska\"},\"description\":\"Jestem Urszula Jasi\u0144ska, pasjonatka mody z wieloletnim do\u015bwiadczeniem w projektowaniu i stylizacji. Pracowa\u0142am z r\u00f3\u017cnymi markami, a tak\u017ce prowadz\u0119 bloga, na kt\u00f3rym dziel\u0119 si\u0119 swoimi spostrze\u017ceniami. Moim celem jest pomaganie innym w odnalezieniu w\u0142asnego stylu, zach\u0119cam do eksperymentowania z kolorami i krojami.\",\"url\":\"https:\/\/proclim.com.pl\/ro\/author\/urszula-jasinska\/\"}]}<\/script>\n<!-- \/ Yoast SEO plugin. -->","yoast_head_json":{"title":"Jak zorganizowa\u0107 przestrze\u0144 beauty w ma\u0142ej \u0142azience? Praktyczne porady i inspiracje","description":"Odkryj, jak skutecznie zorganizowa\u0107 kosmetyki w ma\u0142ej \u0142azience. Poznaj sprawdzone metody i inspiruj\u0105ce pomys\u0142y!","robots":{"index":"index","follow":"follow","max-snippet":"max-snippet:-1","max-image-preview":"max-image-preview:large","max-video-preview":"max-video-preview:-1"},"canonical":"https:\/\/proclim.com.pl\/ro\/jak-zorganizowac-przestrzen-beauty-w-malej-lazience\/","og_locale":"ro_RO","og_type":"article","og_title":"Jak zorganizowa\u0107 przestrze\u0144 beauty w ma\u0142ej \u0142azience? Praktyczne porady i inspiracje","og_description":"Odkryj, jak skutecznie zorganizowa\u0107 kosmetyki w ma\u0142ej \u0142azience. Poznaj sprawdzone metody i inspiruj\u0105ce pomys\u0142y!","og_url":"https:\/\/proclim.com.pl\/ro\/jak-zorganizowac-przestrzen-beauty-w-malej-lazience\/","og_site_name":"proclim.com.pl","article_published_time":"2024-09-29T23:00:00+00:00","og_image":[{"width":612,"height":407,"url":"https:\/\/proclim.com.pl\/wp-content\/uploads\/2024\/09\/image-36.jpeg","type":"image\/jpeg"}],"author":"Urszula Jasi\u0144ska","twitter_card":"summary_large_image","twitter_misc":{"Scris de":"Urszula Jasi\u0144ska","Timp estimat pentru citire":"7 minute"},"schema":{"@context":"https:\/\/schema.org","@graph":[{"@type":"WebPage","@id":"https:\/\/proclim.com.pl\/jak-zorganizowac-przestrzen-beauty-w-malej-lazience\/","url":"https:\/\/proclim.com.pl\/jak-zorganizowac-przestrzen-beauty-w-malej-lazience\/","name":"Jak zorganizowa\u0107 przestrze\u0144 beauty w ma\u0142ej \u0142azience? Praktyczne porady i inspiracje","isPartOf":{"@id":"https:\/\/proclim.com.pl\/#website"},"primaryImageOfPage":{"@id":"https:\/\/proclim.com.pl\/jak-zorganizowac-przestrzen-beauty-w-malej-lazience\/#primaryimage"},"image":{"@id":"https:\/\/proclim.com.pl\/jak-zorganizowac-przestrzen-beauty-w-malej-lazience\/#primaryimage"},"thumbnailUrl":"https:\/\/proclim.com.pl\/wp-content\/uploads\/2024\/09\/image-36.jpeg","datePublished":"2024-09-29T23:00:00+00:00","dateModified":"2024-09-29T23:00:00+00:00","author":{"@id":"https:\/\/proclim.com.pl\/#\/schema\/person\/45c676b6550e197bc729f915ffc429e0"},"description":"Odkryj, jak skutecznie zorganizowa\u0107 kosmetyki w ma\u0142ej \u0142azience. Poznaj sprawdzone metody i inspiruj\u0105ce pomys\u0142y!","breadcrumb":{"@id":"https:\/\/proclim.com.pl\/jak-zorganizowac-przestrzen-beauty-w-malej-lazience\/#breadcrumb"},"inLanguage":"ro-RO","potentialAction":[{"@type":"ReadAction","target":["https:\/\/proclim.com.pl\/jak-zorganizowac-przestrzen-beauty-w-malej-lazience\/"]}]},{"@type":"ImageObject","inLanguage":"ro-RO","@id":"https:\/\/proclim.com.pl\/jak-zorganizowac-przestrzen-beauty-w-malej-lazience\/#primaryimage","url":"https:\/\/proclim.com.pl\/wp-content\/uploads\/2024\/09\/image-36.jpeg","contentUrl":"https:\/\/proclim.com.pl\/wp-content\/uploads\/2024\/09\/image-36.jpeg","width":612,"height":407,"caption":"female hands open pink cosmetic bag for making makeup. Concept for storage and handling of cosmetic beauty products"},{"@type":"BreadcrumbList","@id":"https:\/\/proclim.com.pl\/jak-zorganizowac-przestrzen-beauty-w-malej-lazience\/#breadcrumb","itemListElement":[{"@type":"ListItem","position":1,"name":"Home","item":"https:\/\/proclim.com.pl\/"},{"@type":"ListItem","position":2,"name":"Jak zorganizowa\u0107 przestrze\u0144 beauty w ma\u0142ej \u0142azience?"}]},{"@type":"WebSite","@id":"https:\/\/proclim.com.pl\/#website","url":"https:\/\/proclim.com.pl\/","name":"proclim.com.pl","description":"Organizer na perfumy: porz\u0105dek i styl w jednym miejscu.","potentialAction":[{"@type":"SearchAction","target":{"@type":"EntryPoint","urlTemplate":"https:\/\/proclim.com.pl\/?s={search_term_string}"},"query-input":"required name=search_term_string"}],"inLanguage":"ro-RO"},{"@type":"Person","@id":"https:\/\/proclim.com.pl\/#\/schema\/person\/45c676b6550e197bc729f915ffc429e0","name":"Urszula Jasi\u0144ska","image":{"@type":"ImageObject","inLanguage":"ro-RO","@id":"https:\/\/proclim.com.pl\/#\/schema\/person\/image\/","url":"https:\/\/proclim.com.pl\/wp-content\/uploads\/2025\/02\/jdtygnenjz1_ad_avatar-96x96.jpg","contentUrl":"https:\/\/proclim.com.pl\/wp-content\/uploads\/2025\/02\/jdtygnenjz1_ad_avatar-96x96.jpg","caption":"Urszula Jasi\u0144ska"},"description":"Jestem Urszula Jasi\u0144ska, pasjonatka mody z wieloletnim do\u015bwiadczeniem w projektowaniu i stylizacji. Pracowa\u0142am z r\u00f3\u017cnymi markami, a tak\u017ce prowadz\u0119 bloga, na kt\u00f3rym dziel\u0119 si\u0119 swoimi spostrze\u017ceniami. Moim celem jest pomaganie innym w odnalezieniu w\u0142asnego stylu, zach\u0119cam do eksperymentowania z kolorami i krojami.","url":"https:\/\/proclim.com.pl\/ro\/author\/urszula-jasinska\/"}]}},"yoast_meta":{"yoast_wpseo_title":"","yoast_wpseo_metadesc":"","yoast_wpseo_canonical":"https:\/\/proclim.com.pl\/ro\/wp-json\/wp\/v2\/posts\/75"},"_links":{"self":[{"href":"https:\/\/proclim.com.pl\/ro\/wp-json\/wp\/v2\/posts\/75"}],"collection":[{"href":"https:\/\/proclim.com.pl\/ro\/wp-json\/wp\/v2\/posts"}],"about":[{"href":"https:\/\/proclim.com.pl\/ro\/wp-json\/wp\/v2\/types\/post"}],"author":[{"embeddable":true,"href":"https:\/\/proclim.com.pl\/ro\/wp-json\/wp\/v2\/users\/1"}],"replies":[{"embeddable":true,"href":"https:\/\/proclim.com.pl\/ro\/wp-json\/wp\/v2\/comments?post=75"}],"version-history":[{"count":1,"href":"https:\/\/proclim.com.pl\/ro\/wp-json\/wp\/v2\/posts\/75\/revisions"}],"predecessor-version":[{"id":94,"href":"https:\/\/proclim.com.pl\/ro\/wp-json\/wp\/v2\/posts\/75\/revisions\/94"}],"wp:featuredmedia":[{"embeddable":true,"href":"https:\/\/proclim.com.pl\/ro\/wp-json\/wp\/v2\/media\/73"}],"wp:attachment":[{"href":"https:\/\/proclim.com.pl\/ro\/wp-json\/wp\/v2\/media?parent=75"}],"wp:term":[{"taxonomy":"category","embeddable":true,"href":"https:\/\/proclim.com.pl\/ro\/wp-json\/wp\/v2\/categories?post=75"},{"taxonomy":"post_tag","embeddable":true,"href":"https:\/\/proclim.com.pl\/ro\/wp-json\/wp\/v2\/tags?post=75"}],"curies":[{"name":"wp","href":"https:\/\/api.w.org\/{rel}","templated":true}]}}