{"id":555,"date":"2025-03-13T00:00:00","date_gmt":"2025-03-13T00:00:00","guid":{"rendered":"https:\/\/proclim.com.pl\/trendy-w-kolorach-garniturow-damskich-na-wiosne-lato\/"},"modified":"2025-03-13T00:00:00","modified_gmt":"2025-03-13T00:00:00","slug":"trendy-w-kolorach-garniturow-damskich-na-wiosne-lato","status":"publish","type":"post","link":"https:\/\/proclim.com.pl\/ro\/trendy-w-kolorach-garniturow-damskich-na-wiosne-lato\/","title":{"rendered":"Tendin\u021be de culori pentru costumele de dam\u0103 pentru prim\u0103var\u0103\/var\u0103"},"content":{"rendered":"<div class=\"kk-star-ratings kksr-auto kksr-align-left kksr-valign-top\"\n    data-payload='{&quot;align&quot;:&quot;left&quot;,&quot;id&quot;:&quot;555&quot;,&quot;slug&quot;:&quot;default&quot;,&quot;valign&quot;:&quot;top&quot;,&quot;ignore&quot;:&quot;&quot;,&quot;reference&quot;:&quot;auto&quot;,&quot;class&quot;:&quot;&quot;,&quot;count&quot;:&quot;0&quot;,&quot;legendonly&quot;:&quot;&quot;,&quot;readonly&quot;:&quot;&quot;,&quot;score&quot;:&quot;0&quot;,&quot;starsonly&quot;:&quot;&quot;,&quot;best&quot;:&quot;5&quot;,&quot;gap&quot;:&quot;5&quot;,&quot;greet&quot;:&quot;&quot;,&quot;legend&quot;:&quot;0\\\/5 - (0 votes)&quot;,&quot;size&quot;:&quot;24&quot;,&quot;title&quot;:&quot;Trendy w kolorach garnitur\u00f3w damskich na wiosn\u0119\\\/lato&quot;,&quot;width&quot;:&quot;0&quot;,&quot;_legend&quot;:&quot;{score}\\\/{best} - ({count} {votes})&quot;,&quot;font_factor&quot;:&quot;1.25&quot;}'>\n            \n<div class=\"kksr-stars\">\n    \n<div class=\"kksr-stars-inactive\">\n            <div class=\"kksr-star\" data-star=\"1\" style=\"padding-right: 5px\">\n            \n\n<div class=\"kksr-icon\" style=\"width: 24px; height: 24px;\"><\/div>\n        <\/div>\n            <div class=\"kksr-star\" data-star=\"2\" style=\"padding-right: 5px\">\n            \n\n<div class=\"kksr-icon\" style=\"width: 24px; height: 24px;\"><\/div>\n        <\/div>\n            <div class=\"kksr-star\" data-star=\"3\" style=\"padding-right: 5px\">\n            \n\n<div class=\"kksr-icon\" style=\"width: 24px; height: 24px;\"><\/div>\n        <\/div>\n            <div class=\"kksr-star\" data-star=\"4\" style=\"padding-right: 5px\">\n            \n\n<div class=\"kksr-icon\" style=\"width: 24px; height: 24px;\"><\/div>\n        <\/div>\n            <div class=\"kksr-star\" data-star=\"5\" style=\"padding-right: 5px\">\n            \n\n<div class=\"kksr-icon\" style=\"width: 24px; height: 24px;\"><\/div>\n        <\/div>\n    <\/div>\n    \n<div class=\"kksr-stars-active\" style=\"width: 0px;\">\n            <div class=\"kksr-star\" style=\"padding-right: 5px\">\n            \n\n<div class=\"kksr-icon\" style=\"width: 24px; height: 24px;\"><\/div>\n        <\/div>\n            <div class=\"kksr-star\" style=\"padding-right: 5px\">\n            \n\n<div class=\"kksr-icon\" style=\"width: 24px; height: 24px;\"><\/div>\n        <\/div>\n            <div class=\"kksr-star\" style=\"padding-right: 5px\">\n            \n\n<div class=\"kksr-icon\" style=\"width: 24px; height: 24px;\"><\/div>\n        <\/div>\n            <div class=\"kksr-star\" style=\"padding-right: 5px\">\n            \n\n<div class=\"kksr-icon\" style=\"width: 24px; height: 24px;\"><\/div>\n        <\/div>\n            <div class=\"kksr-star\" style=\"padding-right: 5px\">\n            \n\n<div class=\"kksr-icon\" style=\"width: 24px; height: 24px;\"><\/div>\n        <\/div>\n    <\/div>\n<\/div>\n                \n\n<div class=\"kksr-legend\" style=\"font-size: 19.2px;\">\n            <span class=\"kksr-muted\"><\/span>\n    <\/div>\n    <\/div>\n<p>Sezonul prim\u0103var\u0103\/var\u0103 se apropie cu pa\u0219i repezi, iar momentul perfect pentru a arunca o privire la cele mai recente tendin\u021be \u00een materie de costume pentru femei. Costumele au devenit un simbol al elegan\u021bei combinate cu confortul, datorit\u0103 versatilit\u0103\u021bii \u0219i capacit\u0103\u021bii lor de a fi personalizate. Acestea devin baza multor stiluri, de la \u00eent\u00e2lniri formale la ie\u0219iri casual cu prietenii. \u00cen lunile urm\u0103toare, culorile vor fi un element extrem de important, deoarece vor influen\u021ba semnificativ modul \u00een care percepem \u021binuta \u00een ansamblu. Indiferent de stilul t\u0103u personal, exist\u0103 multe op\u021biuni care s\u0103 se potriveasc\u0103 preferin\u021belor tale de culoare. \u00cen acest articol, vom analiza culorile cheie ale costumelor \u0219i materialele la mod\u0103 care vor atrage aten\u021bia \u00een prim\u0103vara \u0219i vara anului 2025.<\/p>\n<h2>Culorile \u00een sezoanele viitoare<\/h2>\n<p><img decoding=\"async\" alt=\"Trzy u\u015bmiechni\u0119te kobiety w eleganckich garniturach siedz\u0105 przy stoliku w kawiarni. S\u0142oneczne otoczenie, kwiaty.\" src=\"https:\/\/proclim.com.pl\/wp-content\/uploads\/2025\/03\/image2bb8bc1ba9e84307a92061774a59183d.png\"\/><\/p>\n<p>Tendin\u021ba costumelor de dam\u0103 \u00een sezoanele urm\u0103toare include, f\u0103r\u0103 \u00eendoial\u0103, at\u00e2t culori intense, c\u00e2t \u0219i pasteluri delicate. Culorile intense care reu\u0219esc s\u0103 creeze accente puternice sunt extrem de populare ast\u0103zi. Doamnele aleg de bun\u0103voie culori \u00eendr\u0103zne\u021be care le pun \u00een valoare temperamentul \u0219i personalitatea. Atunci c\u00e2nd sunt asociate cu accesoriile potrivite, pot fi o alegere perfect\u0103 at\u00e2t pentru birou, c\u00e2t \u0219i pentru o ie\u0219ire \u00een ora\u0219. Pe de alt\u0103 parte, nuan\u021bele pastelate aduc lejeritate \u0219i elegan\u021b\u0103 stilului. Compuse corespunz\u0103tor, acestea pot crea un aspect armonios, perfect pentru zilele mai c\u0103lduroase.<\/p>\n<h3>Culori intense ca o declara\u021bie<\/h3>\n<p>Printre favoritele modei pentru prim\u0103var\u0103\/var\u0103 se num\u0103r\u0103 culorile care atrag aten\u021bia \u0219i fac fiecare \u021binut\u0103 mai puternic\u0103 \u0219i mai expresiv\u0103. Mai jos sunt cele mai dorite nuan\u021be care ar trebui s\u0103 se afle \u00een garderoba oric\u0103rei iubitoare de mod\u0103:<\/p>\n<ul>\n<li>Roz<\/li>\n<li>Ro\u015fu<\/li>\n<li>Albastru<\/li>\n<\/ul>\n<p>Costumele roz intens, \u00een special cele cu un luciu subtil, ar putea fi un adev\u0103rat hit al sezonului. Un costum ro\u0219u, pe de alt\u0103 parte, str\u0103luce\u0219te de energie \u0219i \u00eencredere, ceea ce \u00eel transform\u0103 \u00eentr-un obiect al dorin\u021bei. Albastrul, pe de alt\u0103 parte, este o culoare care aduce prospe\u021bime \u0219i lini\u0219te, fiind o alegere ideal\u0103 pentru zilele de var\u0103.<\/p>\n<h3>Nuan\u021be pastelate pentru stiluri subtile<\/h3>\n<p>Pentru cei care prefer\u0103 accente mai delicate, culorile pastelate sunt o alternativ\u0103 excelent\u0103. Aceste tipuri de costume sunt adesea alese pentru evenimente mai formale, cum ar fi nun\u021bile sau comuniunile. Prin urmare, merit\u0103 s\u0103 acorda\u021bi aten\u021bie urm\u0103toarelor nuan\u021be:<\/p>\n<ul>\n<li>Roz pudrat<\/li>\n<li>Ment\u0103<\/li>\n<li>Lavand\u0103<\/li>\n<\/ul>\n<p>Costumele pastelate arat\u0103 fantastic cu bluze albe \u0219i accesorii clasice. \u00cen plus, pot fi asortate cu pantofi \u00een culori neutre, ceea ce va face ca \u00eentregul s\u0103 arate \u0219ic \u0219i nu exagerat. \u00cen cele din urm\u0103, aceste culori delicate sunt cele care aduc o lejeritate unic\u0103 stilului de var\u0103.<\/p>\n<table border=\"1\">\n<tr>\n<th>Culoare<\/th>\n<th>Descriere<\/th>\n<\/tr>\n<tr>\n<td>Roz<\/td>\n<td>O nuan\u021b\u0103 intens\u0103, energic\u0103, perfect\u0103 pentru ie\u0219iri \u00een ora\u0219.<\/td>\n<\/tr>\n<tr>\n<td>Ro\u015fu<\/td>\n<td>Simbolizeaz\u0103 \u00eencrederea \u00een sine \u0219i va da curaj fiec\u0103rei femei.<\/td>\n<\/tr>\n<tr>\n<td>Albastru<\/td>\n<td>Culoarea prospe\u021bimii, perfect\u0103 pentru zilele de var\u0103.<\/td>\n<\/tr>\n<tr>\n<td>Roz pudrat<\/td>\n<td>O nuan\u021b\u0103 delicat\u0103, romantic\u0103, perfect\u0103 pentru s\u0103rb\u0103tori.<\/td>\n<\/tr>\n<tr>\n<td>Ment\u0103<\/td>\n<td>O culoare r\u0103coroas\u0103 \u0219i proasp\u0103t\u0103 care va \u00eenviora orice stil.<\/td>\n<\/tr>\n<tr>\n<td>Lavand\u0103<\/td>\n<td>O nuan\u021b\u0103 subtil\u0103, elegant\u0103, care va ad\u0103uga clas\u0103.<\/td>\n<\/tr>\n<\/table>\n<h2>Materialul \u0219i stilul costumelor<\/h2>\n<p><img decoding=\"async\" alt=\"M\u0142oda kobieta w niebieskim garniturze spaceruje i korzysta z telefonu kom\u00f3rkowego na ulicy w mie\u015bcie.\" src=\"https:\/\/proclim.com.pl\/wp-content\/uploads\/2025\/03\/image9f8399eaf96040479db5955c55a67e57.png\"\/><\/p>\n<p>Nu uita c\u0103 culoarea costumului nu este singurul element la care merit\u0103 s\u0103 fii atent. Materialele \u0219i stilurile sunt de o mare importan\u021b\u0103, mai ales \u00een zilele c\u0103lduroase. Materialele u\u0219oare \u0219i vaporoase, precum inul sau bumbacul, devin alegerea preferat\u0103 a multor femei. Costumele confec\u021bionate din aceste materiale nu numai c\u0103 arat\u0103 grozav, dar ofer\u0103 \u0219i confort \u00een zilele c\u0103lduroase. Utilizarea materialelor potrivite afecteaz\u0103 aspectul \u0219i senza\u021bia general\u0103 a hainei, a\u0219a c\u0103 merit\u0103 s\u0103 o lua\u021bi \u00een considerare \u00eenainte de cump\u0103rare. \u00cen plus, varietatea de croieli \u0219i stiluri permite figurii feminine s\u0103 se etaleze \u00een toat\u0103 splendoarea sa.<\/p>\n<p>Capacitatea de a combina diferite stiluri \u0219i culori este esen\u021bial\u0103 pentru crearea unor stiluri armonioase. Merit\u0103 s\u0103 acorda\u021bi aten\u021bie culorilor complementare \u0219i accesoriilor potrivite care vor scoate \u00een eviden\u021b\u0103 costumul ales. Po\u021bi aplica c\u00e2teva reguli care te vor ajuta s\u0103 creezi combina\u021bia perfect\u0103:<\/p>\n<ul>\n<li>Opteaz\u0103 pentru contraste \u2013 combin\u0103 culorile intense cu cele neutre.<\/li>\n<li>Adaug\u0103 accesorii \u00een nuan\u021be similare pentru a crea un \u00eentreg coerent.<\/li>\n<li>Experimenteaz\u0103 cu texturi, cum ar fi gen\u021bi de piele cu costume pastelate.<\/li>\n<\/ul>\n<h2>Rezumat<\/h2>\n<p>Prim\u0103vara \u0219i vara anului 2025 vor aduce prospe\u021bime \u00een lumea costumelor pentru femei. Culorile intense \u0219i nuan\u021bele pastelate vor domina str\u0103zile, al\u0103turi de materiale u\u0219oare \u0219i o varietate de stiluri. Indiferent de preferin\u021be, fiecare femeie va g\u0103si ceva pentru ea \u00eens\u0103\u0219i care s\u0103-i \u00eembog\u0103\u021beasc\u0103 garderoba \u0219i s\u0103-i adauge \u00eencredere \u00een sine. \u00cen definitiv, un costum nu este doar o pies\u0103 vestimentar\u0103, ci \u0219i o modalitate de a-\u021bi exprima stilul \u0219i personalitatea. Cu siguran\u021b\u0103 merit\u0103 s\u0103 iei \u00een considerare ce culori \u0219i stiluri se potrivesc cel mai bine preferin\u021belor tale individuale.<\/p>\n<h2>\u00centreb\u0103ri frecvente<\/h2>\n<ul>\n<li><strong>Ce culori de costume vor fi la mod\u0103 \u00een sezoanele urm\u0103toare?<\/strong>\n<ul>\n<li>Nuan\u021be intense de roz, ro\u0219u \u0219i albastru.<\/li>\n<li>Culori pastelate precum roz pudrat, ment\u0103 \u0219i lavand\u0103.<\/li>\n<\/ul>\n<\/li>\n<li><strong>Ce materiale sunt cele mai bune pentru costumele de prim\u0103var\u0103 \u0219i de var\u0103?<\/strong>\n<ul>\n<li>In.<\/li>\n<li>Bumbac.<\/li>\n<li>V\u00e2scoz\u0103 u\u0219oar\u0103.<\/li>\n<\/ul>\n<\/li>\n<li><strong>Ce stiluri de costume vor fi populare?<\/strong>\n<ul>\n<li>Croieli supradimensionate.<\/li>\n<li>Accente din piele.<\/li>\n<li>Costume cu fuste.<\/li>\n<\/ul>\n<\/li>\n<li><strong>Cum s\u0103 combini culorile costumului cu accesoriile?<\/strong>\n<ul>\n<li>Alege culori complementare.<\/li>\n<li>Opteaz\u0103 pentru accesorii neutre care atrag aten\u021bia asupra costumului.<\/li>\n<\/ul>\n<\/li>\n<li><strong>Sunt costumele de dam\u0103 potrivite pentru stilul de zi cu zi?<\/strong>\n<ul>\n<li>Da, costumele pot fi purtate at\u00e2t pentru ocazii formale, c\u00e2t \u0219i casual.<\/li>\n<\/ul>\n<\/li>\n<\/ul>","protected":false},"excerpt":{"rendered":"<p>Sezon wiosenno-letni zbli\u017ca si\u0119 wielkimi krokami, a to idealny moment, by przyjrze\u0107 si\u0119 najnowszym trendom w modzie garniturowej dla kobiet. Garnitury sta\u0142y si\u0119 symbolem elegancji po\u0142\u0105czonej z wygod\u0105, ze wzgl\u0119du na ich wszechstronno\u015b\u0107 i mo\u017cliwo\u015b\u0107 personalizacji. Staj\u0105 si\u0119 one podstaw\u0105 wielu stylizacji, od formalnych spotka\u0144 po casualowe wyj\u015bcia z przyjaci\u00f3\u0142mi. W nadchodz\u0105cych miesi\u0105cach niezmiernie wa\u017cnym [&hellip;]<\/p>","protected":false},"author":1,"featured_media":539,"comment_status":"closed","ping_status":"closed","sticky":false,"template":"","format":"standard","meta":{"_acf_changed":false,"footnotes":""},"categories":[1],"tags":[],"class_list":["post-555","post","type-post","status-publish","format-standard","has-post-thumbnail","hentry","category-blog"],"acf":[],"yoast_head":"<!-- This site is optimized with the Yoast SEO plugin v23.2 - https:\/\/yoast.com\/wordpress\/plugins\/seo\/ -->\n<title>Trendy w kolorach garnitur\u00f3w damskich na wiosn\u0119\/lato 2025 - Odkryj Must-Have Kolory i Fasony!<\/title>\n<meta name=\"description\" content=\"Poznaj najgor\u0119tsze kolory i fasony garnitur\u00f3w damskich na wiosn\u0119\/lato 2025. Stw\u00f3rz stylowe i modne zestawienia!\" \/>\n<meta name=\"robots\" content=\"index, follow, max-snippet:-1, max-image-preview:large, max-video-preview:-1\" \/>\n<link rel=\"canonical\" href=\"https:\/\/proclim.com.pl\/ro\/trendy-w-kolorach-garniturow-damskich-na-wiosne-lato\/\" \/>\n<meta property=\"og:locale\" content=\"ro_RO\" \/>\n<meta property=\"og:type\" content=\"article\" \/>\n<meta property=\"og:title\" content=\"Trendy w kolorach garnitur\u00f3w damskich na wiosn\u0119\/lato 2025 - Odkryj Must-Have Kolory i Fasony!\" \/>\n<meta property=\"og:description\" content=\"Poznaj najgor\u0119tsze kolory i fasony garnitur\u00f3w damskich na wiosn\u0119\/lato 2025. Stw\u00f3rz stylowe i modne zestawienia!\" \/>\n<meta property=\"og:url\" content=\"https:\/\/proclim.com.pl\/ro\/trendy-w-kolorach-garniturow-damskich-na-wiosne-lato\/\" \/>\n<meta property=\"og:site_name\" content=\"proclim.com.pl\" \/>\n<meta property=\"article:published_time\" content=\"2025-03-13T00:00:00+00:00\" \/>\n<meta property=\"og:image\" content=\"https:\/\/proclim.com.pl\/wp-content\/uploads\/2025\/03\/image4c07843e9f5444e8aec0e8cd9d86ed9c.png\" \/>\n\t<meta property=\"og:image:width\" content=\"1024\" \/>\n\t<meta property=\"og:image:height\" content=\"768\" \/>\n\t<meta property=\"og:image:type\" content=\"image\/png\" \/>\n<meta name=\"author\" content=\"Urszula Jasi\u0144ska\" \/>\n<meta name=\"twitter:card\" content=\"summary_large_image\" \/>\n<meta name=\"twitter:label1\" content=\"Scris de\" \/>\n\t<meta name=\"twitter:data1\" content=\"Urszula Jasi\u0144ska\" \/>\n\t<meta name=\"twitter:label2\" content=\"Timp estimat pentru citire\" \/>\n\t<meta name=\"twitter:data2\" content=\"4 minute\" \/>\n<script type=\"application\/ld+json\" class=\"yoast-schema-graph\">{\"@context\":\"https:\/\/schema.org\",\"@graph\":[{\"@type\":\"WebPage\",\"@id\":\"https:\/\/proclim.com.pl\/trendy-w-kolorach-garniturow-damskich-na-wiosne-lato\/\",\"url\":\"https:\/\/proclim.com.pl\/trendy-w-kolorach-garniturow-damskich-na-wiosne-lato\/\",\"name\":\"Trendy w kolorach garnitur\u00f3w damskich na wiosn\u0119\/lato 2025 - Odkryj Must-Have Kolory i Fasony!\",\"isPartOf\":{\"@id\":\"https:\/\/proclim.com.pl\/#website\"},\"primaryImageOfPage\":{\"@id\":\"https:\/\/proclim.com.pl\/trendy-w-kolorach-garniturow-damskich-na-wiosne-lato\/#primaryimage\"},\"image\":{\"@id\":\"https:\/\/proclim.com.pl\/trendy-w-kolorach-garniturow-damskich-na-wiosne-lato\/#primaryimage\"},\"thumbnailUrl\":\"https:\/\/proclim.com.pl\/wp-content\/uploads\/2025\/03\/image4c07843e9f5444e8aec0e8cd9d86ed9c.png\",\"datePublished\":\"2025-03-13T00:00:00+00:00\",\"dateModified\":\"2025-03-13T00:00:00+00:00\",\"author\":{\"@id\":\"https:\/\/proclim.com.pl\/#\/schema\/person\/45c676b6550e197bc729f915ffc429e0\"},\"description\":\"Poznaj najgor\u0119tsze kolory i fasony garnitur\u00f3w damskich na wiosn\u0119\/lato 2025. Stw\u00f3rz stylowe i modne zestawienia!\",\"breadcrumb\":{\"@id\":\"https:\/\/proclim.com.pl\/trendy-w-kolorach-garniturow-damskich-na-wiosne-lato\/#breadcrumb\"},\"inLanguage\":\"ro-RO\",\"potentialAction\":[{\"@type\":\"ReadAction\",\"target\":[\"https:\/\/proclim.com.pl\/trendy-w-kolorach-garniturow-damskich-na-wiosne-lato\/\"]}]},{\"@type\":\"ImageObject\",\"inLanguage\":\"ro-RO\",\"@id\":\"https:\/\/proclim.com.pl\/trendy-w-kolorach-garniturow-damskich-na-wiosne-lato\/#primaryimage\",\"url\":\"https:\/\/proclim.com.pl\/wp-content\/uploads\/2025\/03\/image4c07843e9f5444e8aec0e8cd9d86ed9c.png\",\"contentUrl\":\"https:\/\/proclim.com.pl\/wp-content\/uploads\/2025\/03\/image4c07843e9f5444e8aec0e8cd9d86ed9c.png\",\"width\":1024,\"height\":768},{\"@type\":\"BreadcrumbList\",\"@id\":\"https:\/\/proclim.com.pl\/trendy-w-kolorach-garniturow-damskich-na-wiosne-lato\/#breadcrumb\",\"itemListElement\":[{\"@type\":\"ListItem\",\"position\":1,\"name\":\"Home\",\"item\":\"https:\/\/proclim.com.pl\/\"},{\"@type\":\"ListItem\",\"position\":2,\"name\":\"Trendy w kolorach garnitur\u00f3w damskich na wiosn\u0119\/lato\"}]},{\"@type\":\"WebSite\",\"@id\":\"https:\/\/proclim.com.pl\/#website\",\"url\":\"https:\/\/proclim.com.pl\/\",\"name\":\"proclim.com.pl\",\"description\":\"Organizer na perfumy: porz\u0105dek i styl w jednym miejscu.\",\"potentialAction\":[{\"@type\":\"SearchAction\",\"target\":{\"@type\":\"EntryPoint\",\"urlTemplate\":\"https:\/\/proclim.com.pl\/?s={search_term_string}\"},\"query-input\":\"required name=search_term_string\"}],\"inLanguage\":\"ro-RO\"},{\"@type\":\"Person\",\"@id\":\"https:\/\/proclim.com.pl\/#\/schema\/person\/45c676b6550e197bc729f915ffc429e0\",\"name\":\"Urszula Jasi\u0144ska\",\"image\":{\"@type\":\"ImageObject\",\"inLanguage\":\"ro-RO\",\"@id\":\"https:\/\/proclim.com.pl\/#\/schema\/person\/image\/\",\"url\":\"https:\/\/proclim.com.pl\/wp-content\/uploads\/2025\/02\/jdtygnenjz1_ad_avatar-96x96.jpg\",\"contentUrl\":\"https:\/\/proclim.com.pl\/wp-content\/uploads\/2025\/02\/jdtygnenjz1_ad_avatar-96x96.jpg\",\"caption\":\"Urszula Jasi\u0144ska\"},\"description\":\"Jestem Urszula Jasi\u0144ska, pasjonatka mody z wieloletnim do\u015bwiadczeniem w projektowaniu i stylizacji. Pracowa\u0142am z r\u00f3\u017cnymi markami, a tak\u017ce prowadz\u0119 bloga, na kt\u00f3rym dziel\u0119 si\u0119 swoimi spostrze\u017ceniami. Moim celem jest pomaganie innym w odnalezieniu w\u0142asnego stylu, zach\u0119cam do eksperymentowania z kolorami i krojami.\",\"url\":\"https:\/\/proclim.com.pl\/ro\/author\/urszula-jasinska\/\"}]}<\/script>\n<!-- \/ Yoast SEO plugin. -->","yoast_head_json":{"title":"Trendy w kolorach garnitur\u00f3w damskich na wiosn\u0119\/lato 2025 - Odkryj Must-Have Kolory i Fasony!","description":"Poznaj najgor\u0119tsze kolory i fasony garnitur\u00f3w damskich na wiosn\u0119\/lato 2025. Stw\u00f3rz stylowe i modne zestawienia!","robots":{"index":"index","follow":"follow","max-snippet":"max-snippet:-1","max-image-preview":"max-image-preview:large","max-video-preview":"max-video-preview:-1"},"canonical":"https:\/\/proclim.com.pl\/ro\/trendy-w-kolorach-garniturow-damskich-na-wiosne-lato\/","og_locale":"ro_RO","og_type":"article","og_title":"Trendy w kolorach garnitur\u00f3w damskich na wiosn\u0119\/lato 2025 - Odkryj Must-Have Kolory i Fasony!","og_description":"Poznaj najgor\u0119tsze kolory i fasony garnitur\u00f3w damskich na wiosn\u0119\/lato 2025. Stw\u00f3rz stylowe i modne zestawienia!","og_url":"https:\/\/proclim.com.pl\/ro\/trendy-w-kolorach-garniturow-damskich-na-wiosne-lato\/","og_site_name":"proclim.com.pl","article_published_time":"2025-03-13T00:00:00+00:00","og_image":[{"width":1024,"height":768,"url":"https:\/\/proclim.com.pl\/wp-content\/uploads\/2025\/03\/image4c07843e9f5444e8aec0e8cd9d86ed9c.png","type":"image\/png"}],"author":"Urszula Jasi\u0144ska","twitter_card":"summary_large_image","twitter_misc":{"Scris de":"Urszula Jasi\u0144ska","Timp estimat pentru citire":"4 minute"},"schema":{"@context":"https:\/\/schema.org","@graph":[{"@type":"WebPage","@id":"https:\/\/proclim.com.pl\/trendy-w-kolorach-garniturow-damskich-na-wiosne-lato\/","url":"https:\/\/proclim.com.pl\/trendy-w-kolorach-garniturow-damskich-na-wiosne-lato\/","name":"Trendy w kolorach garnitur\u00f3w damskich na wiosn\u0119\/lato 2025 - Odkryj Must-Have Kolory i Fasony!","isPartOf":{"@id":"https:\/\/proclim.com.pl\/#website"},"primaryImageOfPage":{"@id":"https:\/\/proclim.com.pl\/trendy-w-kolorach-garniturow-damskich-na-wiosne-lato\/#primaryimage"},"image":{"@id":"https:\/\/proclim.com.pl\/trendy-w-kolorach-garniturow-damskich-na-wiosne-lato\/#primaryimage"},"thumbnailUrl":"https:\/\/proclim.com.pl\/wp-content\/uploads\/2025\/03\/image4c07843e9f5444e8aec0e8cd9d86ed9c.png","datePublished":"2025-03-13T00:00:00+00:00","dateModified":"2025-03-13T00:00:00+00:00","author":{"@id":"https:\/\/proclim.com.pl\/#\/schema\/person\/45c676b6550e197bc729f915ffc429e0"},"description":"Poznaj najgor\u0119tsze kolory i fasony garnitur\u00f3w damskich na wiosn\u0119\/lato 2025. Stw\u00f3rz stylowe i modne zestawienia!","breadcrumb":{"@id":"https:\/\/proclim.com.pl\/trendy-w-kolorach-garniturow-damskich-na-wiosne-lato\/#breadcrumb"},"inLanguage":"ro-RO","potentialAction":[{"@type":"ReadAction","target":["https:\/\/proclim.com.pl\/trendy-w-kolorach-garniturow-damskich-na-wiosne-lato\/"]}]},{"@type":"ImageObject","inLanguage":"ro-RO","@id":"https:\/\/proclim.com.pl\/trendy-w-kolorach-garniturow-damskich-na-wiosne-lato\/#primaryimage","url":"https:\/\/proclim.com.pl\/wp-content\/uploads\/2025\/03\/image4c07843e9f5444e8aec0e8cd9d86ed9c.png","contentUrl":"https:\/\/proclim.com.pl\/wp-content\/uploads\/2025\/03\/image4c07843e9f5444e8aec0e8cd9d86ed9c.png","width":1024,"height":768},{"@type":"BreadcrumbList","@id":"https:\/\/proclim.com.pl\/trendy-w-kolorach-garniturow-damskich-na-wiosne-lato\/#breadcrumb","itemListElement":[{"@type":"ListItem","position":1,"name":"Home","item":"https:\/\/proclim.com.pl\/"},{"@type":"ListItem","position":2,"name":"Trendy w kolorach garnitur\u00f3w damskich na wiosn\u0119\/lato"}]},{"@type":"WebSite","@id":"https:\/\/proclim.com.pl\/#website","url":"https:\/\/proclim.com.pl\/","name":"proclim.com.pl","description":"Organizer na perfumy: porz\u0105dek i styl w jednym miejscu.","potentialAction":[{"@type":"SearchAction","target":{"@type":"EntryPoint","urlTemplate":"https:\/\/proclim.com.pl\/?s={search_term_string}"},"query-input":"required name=search_term_string"}],"inLanguage":"ro-RO"},{"@type":"Person","@id":"https:\/\/proclim.com.pl\/#\/schema\/person\/45c676b6550e197bc729f915ffc429e0","name":"Urszula Jasi\u0144ska","image":{"@type":"ImageObject","inLanguage":"ro-RO","@id":"https:\/\/proclim.com.pl\/#\/schema\/person\/image\/","url":"https:\/\/proclim.com.pl\/wp-content\/uploads\/2025\/02\/jdtygnenjz1_ad_avatar-96x96.jpg","contentUrl":"https:\/\/proclim.com.pl\/wp-content\/uploads\/2025\/02\/jdtygnenjz1_ad_avatar-96x96.jpg","caption":"Urszula Jasi\u0144ska"},"description":"Jestem Urszula Jasi\u0144ska, pasjonatka mody z wieloletnim do\u015bwiadczeniem w projektowaniu i stylizacji. Pracowa\u0142am z r\u00f3\u017cnymi markami, a tak\u017ce prowadz\u0119 bloga, na kt\u00f3rym dziel\u0119 si\u0119 swoimi spostrze\u017ceniami. Moim celem jest pomaganie innym w odnalezieniu w\u0142asnego stylu, zach\u0119cam do eksperymentowania z kolorami i krojami.","url":"https:\/\/proclim.com.pl\/ro\/author\/urszula-jasinska\/"}]}},"yoast_meta":{"yoast_wpseo_title":"","yoast_wpseo_metadesc":"","yoast_wpseo_canonical":"https:\/\/proclim.com.pl\/ro\/wp-json\/wp\/v2\/posts\/555"},"_links":{"self":[{"href":"https:\/\/proclim.com.pl\/ro\/wp-json\/wp\/v2\/posts\/555"}],"collection":[{"href":"https:\/\/proclim.com.pl\/ro\/wp-json\/wp\/v2\/posts"}],"about":[{"href":"https:\/\/proclim.com.pl\/ro\/wp-json\/wp\/v2\/types\/post"}],"author":[{"embeddable":true,"href":"https:\/\/proclim.com.pl\/ro\/wp-json\/wp\/v2\/users\/1"}],"replies":[{"embeddable":true,"href":"https:\/\/proclim.com.pl\/ro\/wp-json\/wp\/v2\/comments?post=555"}],"version-history":[{"count":0,"href":"https:\/\/proclim.com.pl\/ro\/wp-json\/wp\/v2\/posts\/555\/revisions"}],"wp:featuredmedia":[{"embeddable":true,"href":"https:\/\/proclim.com.pl\/ro\/wp-json\/wp\/v2\/media\/539"}],"wp:attachment":[{"href":"https:\/\/proclim.com.pl\/ro\/wp-json\/wp\/v2\/media?parent=555"}],"wp:term":[{"taxonomy":"category","embeddable":true,"href":"https:\/\/proclim.com.pl\/ro\/wp-json\/wp\/v2\/categories?post=555"},{"taxonomy":"post_tag","embeddable":true,"href":"https:\/\/proclim.com.pl\/ro\/wp-json\/wp\/v2\/tags?post=555"}],"curies":[{"name":"wp","href":"https:\/\/api.w.org\/{rel}","templated":true}]}}