{"id":548,"date":"2025-03-16T00:00:00","date_gmt":"2025-03-16T00:00:00","guid":{"rendered":"https:\/\/proclim.com.pl\/?p=548"},"modified":"2025-03-16T00:00:00","modified_gmt":"2025-03-16T00:00:00","slug":"dlugie-spodnice-i-kurtki-jak-stworzyc-harmonijna-calosc","status":"publish","type":"post","link":"https:\/\/proclim.com.pl\/ro\/dlugie-spodnice-i-kurtki-jak-stworzyc-harmonijna-calosc\/","title":{"rendered":"Fuste \u0219i jachete lungi: cum s\u0103 creezi un \u00eentreg armonios?"},"content":{"rendered":"<div class=\"kk-star-ratings kksr-auto kksr-align-left kksr-valign-top\"\n    data-payload='{&quot;align&quot;:&quot;left&quot;,&quot;id&quot;:&quot;548&quot;,&quot;slug&quot;:&quot;default&quot;,&quot;valign&quot;:&quot;top&quot;,&quot;ignore&quot;:&quot;&quot;,&quot;reference&quot;:&quot;auto&quot;,&quot;class&quot;:&quot;&quot;,&quot;count&quot;:&quot;0&quot;,&quot;legendonly&quot;:&quot;&quot;,&quot;readonly&quot;:&quot;&quot;,&quot;score&quot;:&quot;0&quot;,&quot;starsonly&quot;:&quot;&quot;,&quot;best&quot;:&quot;5&quot;,&quot;gap&quot;:&quot;5&quot;,&quot;greet&quot;:&quot;&quot;,&quot;legend&quot;:&quot;0\\\/5 - (0 votes)&quot;,&quot;size&quot;:&quot;24&quot;,&quot;title&quot;:&quot;D\u0142ugie sp\u00f3dnice i kurtki: jak stworzy\u0107 harmonijn\u0105 ca\u0142o\u015b\u0107?&quot;,&quot;width&quot;:&quot;0&quot;,&quot;_legend&quot;:&quot;{score}\\\/{best} - ({count} {votes})&quot;,&quot;font_factor&quot;:&quot;1.25&quot;}'>\n            \n<div class=\"kksr-stars\">\n    \n<div class=\"kksr-stars-inactive\">\n            <div class=\"kksr-star\" data-star=\"1\" style=\"padding-right: 5px\">\n            \n\n<div class=\"kksr-icon\" style=\"width: 24px; height: 24px;\"><\/div>\n        <\/div>\n            <div class=\"kksr-star\" data-star=\"2\" style=\"padding-right: 5px\">\n            \n\n<div class=\"kksr-icon\" style=\"width: 24px; height: 24px;\"><\/div>\n        <\/div>\n            <div class=\"kksr-star\" data-star=\"3\" style=\"padding-right: 5px\">\n            \n\n<div class=\"kksr-icon\" style=\"width: 24px; height: 24px;\"><\/div>\n        <\/div>\n            <div class=\"kksr-star\" data-star=\"4\" style=\"padding-right: 5px\">\n            \n\n<div class=\"kksr-icon\" style=\"width: 24px; height: 24px;\"><\/div>\n        <\/div>\n            <div class=\"kksr-star\" data-star=\"5\" style=\"padding-right: 5px\">\n            \n\n<div class=\"kksr-icon\" style=\"width: 24px; height: 24px;\"><\/div>\n        <\/div>\n    <\/div>\n    \n<div class=\"kksr-stars-active\" style=\"width: 0px;\">\n            <div class=\"kksr-star\" style=\"padding-right: 5px\">\n            \n\n<div class=\"kksr-icon\" style=\"width: 24px; height: 24px;\"><\/div>\n        <\/div>\n            <div class=\"kksr-star\" style=\"padding-right: 5px\">\n            \n\n<div class=\"kksr-icon\" style=\"width: 24px; height: 24px;\"><\/div>\n        <\/div>\n            <div class=\"kksr-star\" style=\"padding-right: 5px\">\n            \n\n<div class=\"kksr-icon\" style=\"width: 24px; height: 24px;\"><\/div>\n        <\/div>\n            <div class=\"kksr-star\" style=\"padding-right: 5px\">\n            \n\n<div class=\"kksr-icon\" style=\"width: 24px; height: 24px;\"><\/div>\n        <\/div>\n            <div class=\"kksr-star\" style=\"padding-right: 5px\">\n            \n\n<div class=\"kksr-icon\" style=\"width: 24px; height: 24px;\"><\/div>\n        <\/div>\n    <\/div>\n<\/div>\n                \n\n<div class=\"kksr-legend\" style=\"font-size: 19.2px;\">\n            <span class=\"kksr-muted\"><\/span>\n    <\/div>\n    <\/div>\n<p>Fustele \u0219i jachetele lungi sunt dou\u0103 elemente cheie ale garderobei unei femei care ne pot influen\u021ba semnificativ stilul vestimentar. \u00cen tendin\u021bele actuale ale modei, combinarea lor potrivit\u0103 devine o art\u0103 care poate accentua avantajele figurii \u0219i scoate \u00een eviden\u021b\u0103 stilul individual. Posibilit\u0103\u021bile de stilizare sunt aproape nelimitate \u2013 de la \u021binute casual, de zi cu zi, p\u00e2n\u0103 la seturi elegante de sear\u0103. Totu\u0219i, merit\u0103 s\u0103 ne amintim c\u0103 propor\u021biile, lungimile \u0219i culorile potrivite sunt cruciale pentru un efect final armonios. \u00cen acest articol, vom analiza cum s\u0103 combin\u0103m profesional aceste dou\u0103 elemente, astfel \u00eenc\u00e2t fiecare stil s\u0103 nu fie doar la mod\u0103, ci s\u0103 reflecte \u0219i personalitatea ta. Vom analiza \u0219i ce accesorii se potrivesc cel mai bine cu fuste lungi \u0219i jachete.<\/p>\n<h2>De ce conteaz\u0103 alegerea lungimilor potrivite?<\/h2>\n<p><img decoding=\"async\" alt=\"Manekin w czarnej sukience i sk\u00f3rzanej kurtce na tle eleganckiego sklepu z odzie\u017c\u0105.\" src=\"https:\/\/proclim.com.pl\/wp-content\/uploads\/2025\/03\/image28bf2ba166a447958297fb8358d5bcd5.png\"\/><\/p>\n<p>Alegerea potrivit\u0103 a lungimii fustei \u0219i a jachetei ne afecteaz\u0103 silueta. Fustele lungi au puterea de a alungi optic picioarele, ceea ce poate crea un efect flatant, mai ales atunci c\u00e2nd sunt asortate cu sacoul potrivit. Merit\u0103 s\u0103 experimentezi diferite lungimi pentru a le g\u0103si pe cele care se potrivesc cel mai bine siluetei \u0219i stilului t\u0103u. De exemplu, o jachet\u0103 scurt\u0103 accentueaz\u0103 subtil talia, cre\u00e2nd un aspect propor\u021bionat. Totu\u0219i, o jachet\u0103 mai lung\u0103 poate fi o alegere excelent\u0103 cu fuste maxi, ad\u0103ug\u00e2nd elegan\u021b\u0103 aspectului general. Echilibrul dintre lungimi este cheia succesului \u00een crearea unor stiluri eficiente.<\/p>\n<h2>Stiluri de fuste lungi<\/h2>\n<p><img decoding=\"async\" alt=\"Grupa siedmiu kobiet w kolorowych sukienkach bawi si\u0119 na pikniku w parku, trzymaj\u0105c napoje w r\u0119kach.\" src=\"https:\/\/proclim.com.pl\/wp-content\/uploads\/2025\/03\/image5709e9cbeba14ab7b042a01eed728a9c.png\"\/><\/p>\n<p>Fustele lungi ofer\u0103 o gam\u0103 larg\u0103 de stiluri care pot fi adaptate la diferite ocazii. \u00cen \u021binutele casual, bluzele lejere asortate cu o jachet\u0103 din denim vor func\u021biona perfect. Exers\u00e2ndu-\u021bi pu\u021bin imagina\u021bia, po\u021bi crea o \u021binut\u0103 confortabil\u0103 \u0219i la mod\u0103, perfect\u0103 pentru purtarea de zi cu zi. Totu\u0219i, \u00een cazul unui eveniment elegant, merit\u0103 s\u0103 combini o fust\u0103 lung\u0103 cu sacouri clasice sau jachete elegante. Alegerea accesoriilor potrivite, cum ar fi gen\u021bile de m\u00e2n\u0103 sau bijuteriile, poate schimba complet efectul final al stilului t\u0103u vestimentar. Iat\u0103 c\u00e2teva idei care te-ar putea inspira:<\/p>\n<ul>\n<li>Casual \u2013 jachet\u0103 din denim + tricou + fust\u0103 lung\u0103 boho.<\/li>\n<li>Elegan\u021b\u0103 \u2013 fust\u0103 lung\u0103 din tul + sacou + tocuri \u00eenalte.<\/li>\n<li>Sport \u2013 geac\u0103 de piele + pantofi sport + fust\u0103 maxi din jerseu.<\/li>\n<\/ul>\n<table border=\"1\">\n<tr>\n<th>Tip de stilizare<\/th>\n<th>Elemente<\/th>\n<th>Oportunitate<\/th>\n<\/tr>\n<tr>\n<td>Casual<\/td>\n<td>Jachet\u0103 din denim, tricou, fust\u0103 lung\u0103<\/td>\n<td>Ie\u0219ire zilnic\u0103<\/td>\n<\/tr>\n<tr>\n<td>Sear\u0103<\/td>\n<td>Blazer elegant, fust\u0103 maxi, tocuri \u00eenalte<\/td>\n<td>Cin\u0103, ocazie special\u0103<\/td>\n<\/tr>\n<tr>\n<td>Sportiv<\/td>\n<td>Geac\u0103 de piele, adida\u0219i, fust\u0103 lung\u0103 din jerseu<\/td>\n<td>\u00cent\u00e2lnire cu prietenii<\/td>\n<\/tr>\n<\/table>\n<h2>Cum s\u0103 alegi jacheta potrivit\u0103 pentru o fust\u0103 lung\u0103?<\/h2>\n<p>Alegerea unei jachete pentru o fust\u0103 lung\u0103 nu este o sarcin\u0103 u\u0219oar\u0103, dar merit\u0103 s\u0103 v\u0103 face\u021bi timp pentru a o face. Materialul, lungimea \u0219i stilul jachetei pot determina efectul final de stilizare. Jachetele din piele, din denim sau parka sunt doar c\u00e2teva exemple care pot scoate \u00een eviden\u021b\u0103 interesant o fust\u0103 lung\u0103. Pentru un efect optim, merit\u0103 s\u0103 acorda\u021bi aten\u021bie \u0219i culorilor. Combinarea diferitelor nuan\u021be \u0219i modele poate produce rezultate surprinz\u0103toare. Exist\u0103 c\u00e2teva reguli cheie de luat \u00een considerare atunci c\u00e2nd alege\u021bi o jachet\u0103:<\/p>\n<ul>\n<li>Potrive\u0219te lungimea jachetei cu lungimea fustei \u2013 o jachet\u0103 scurt\u0103 va accentua perfect talia.<\/li>\n<li>Acord\u0103 aten\u021bie materialului \u2013 alege-l \u00een func\u021bie de sezon.<\/li>\n<li>Nu uita de culori \u2013 monocrome sau contrastante sunt op\u021biuni excelente.<\/li>\n<\/ul>\n<h2>Rezumat<\/h2>\n<p>Alegerea pieselor vestimentare potrivite pentru a le asorta cu fuste \u0219i jachete lungi este esen\u021bial\u0103 pentru crearea unui \u00eentreg armonios. Acord\u00e2nd aten\u021bie propor\u021biilor, culorilor \u0219i stilurilor, \u00ee\u021bi po\u021bi eviden\u021bia punctele forte \u0219i te po\u021bi sim\u021bi \u00eencrez\u0103toare \u00een fiecare situa\u021bie. Nu te teme s\u0103 experimentezi, combin\u0103 diferite materiale \u0219i introdu culori noi \u00een garderoba ta. Nu uita c\u0103 moda este, mai presus de toate, distrac\u021bie \u0219i o modalitate de a te exprima. O jachet\u0103 elegant\u0103, asortat\u0103 cu o fust\u0103 lung\u0103 \u0219i frumoas\u0103, poate fi re\u021beta perfect\u0103 pentru succes \u00een orice stil.<\/p>\n<h2>\u00centreb\u0103ri frecvente<\/h2>\n<ul>\n<li><strong>Ce jachete se potrivesc cel mai bine cu o fust\u0103 lung\u0103?<\/strong> Jachetele scurte, precum cele din denim sau piele, adaug\u0103 stil, \u00een timp ce jachetele mai lungi se potrivesc de minune cu fuste maxi.<\/li>\n<li><strong>Pot combina mai multe modele \u00eentr-un singur stil?<\/strong> Da, dar este crucial ca unul dintre modele s\u0103 fie dominant pentru a evita haosul vizual.<\/li>\n<li><strong>Ce accesorii s\u0103 alegi pentru o \u021binut\u0103 cu fust\u0103 lung\u0103 \u0219i jachet\u0103?<\/strong> Alege accesorii minimaliste care nu distrag aten\u021bia de la elementele principale ale stilului t\u0103u vestimentar. Gen\u021bile clasice \u0219i bijuteriile delicate vor fi alegerea perfect\u0103.<\/li>\n<\/ul>","protected":false},"excerpt":{"rendered":"<p>D\u0142ugie sp\u00f3dnice i kurtki to dwa kluczowe elementy kobiecej garderoby, kt\u00f3re mog\u0105 znacz\u0105co wp\u0142ywa\u0107 na nasz\u0105 stylizacj\u0119. W obecnych trendach modowych, ich odpowiednie zestawienie staje si\u0119 sztuk\u0105, kt\u00f3ra potrafi podkre\u015bli\u0107 atuty sylwetki oraz wydoby\u0107 indywidualny styl. Mo\u017cliwo\u015bci stylizacyjne s\u0105 niemal nieograniczone &#8211; od casualowych, codziennych look\u00f3w, a\u017c po eleganckie wieczorowe zestawy. Warto jednak pami\u0119ta\u0107, \u017ce [&hellip;]<\/p>","protected":false},"author":1,"featured_media":538,"comment_status":"closed","ping_status":"closed","sticky":false,"template":"","format":"standard","meta":{"_acf_changed":false,"footnotes":""},"categories":[1],"tags":[],"class_list":["post-548","post","type-post","status-publish","format-standard","has-post-thumbnail","hentry","category-blog"],"acf":[],"yoast_head":"<!-- This site is optimized with the Yoast SEO plugin v23.2 - https:\/\/yoast.com\/wordpress\/plugins\/seo\/ -->\n<title>D\u0142ugie sp\u00f3dnice i kurtki: Jak stworzy\u0107 idealne stylizacje na ka\u017cd\u0105 okazj\u0119?<\/title>\n<meta name=\"description\" content=\"Odkryj, jak harmonijnie \u0142\u0105czy\u0107 d\u0142ugie sp\u00f3dnice z kurtkami. Poznaj porady i inspiracje do stylizacji na r\u00f3\u017cne okazje!\" \/>\n<meta name=\"robots\" content=\"index, follow, max-snippet:-1, max-image-preview:large, max-video-preview:-1\" \/>\n<link rel=\"canonical\" href=\"https:\/\/proclim.com.pl\/ro\/dlugie-spodnice-i-kurtki-jak-stworzyc-harmonijna-calosc\/\" \/>\n<meta property=\"og:locale\" content=\"ro_RO\" \/>\n<meta property=\"og:type\" content=\"article\" \/>\n<meta property=\"og:title\" content=\"D\u0142ugie sp\u00f3dnice i kurtki: Jak stworzy\u0107 idealne stylizacje na ka\u017cd\u0105 okazj\u0119?\" \/>\n<meta property=\"og:description\" content=\"Odkryj, jak harmonijnie \u0142\u0105czy\u0107 d\u0142ugie sp\u00f3dnice z kurtkami. Poznaj porady i inspiracje do stylizacji na r\u00f3\u017cne okazje!\" \/>\n<meta property=\"og:url\" content=\"https:\/\/proclim.com.pl\/ro\/dlugie-spodnice-i-kurtki-jak-stworzyc-harmonijna-calosc\/\" \/>\n<meta property=\"og:site_name\" content=\"proclim.com.pl\" \/>\n<meta property=\"article:published_time\" content=\"2025-03-16T00:00:00+00:00\" \/>\n<meta property=\"og:image\" content=\"https:\/\/proclim.com.pl\/wp-content\/uploads\/2025\/03\/image4b6baecd6edd430c9ea888837a16c9d2.png\" \/>\n\t<meta property=\"og:image:width\" content=\"1024\" \/>\n\t<meta property=\"og:image:height\" content=\"768\" \/>\n\t<meta property=\"og:image:type\" content=\"image\/png\" \/>\n<meta name=\"author\" content=\"Urszula Jasi\u0144ska\" \/>\n<meta name=\"twitter:card\" content=\"summary_large_image\" \/>\n<meta name=\"twitter:label1\" content=\"Scris de\" \/>\n\t<meta name=\"twitter:data1\" content=\"Urszula Jasi\u0144ska\" \/>\n\t<meta name=\"twitter:label2\" content=\"Timp estimat pentru citire\" \/>\n\t<meta name=\"twitter:data2\" content=\"4 minute\" \/>\n<script type=\"application\/ld+json\" class=\"yoast-schema-graph\">{\"@context\":\"https:\/\/schema.org\",\"@graph\":[{\"@type\":\"WebPage\",\"@id\":\"https:\/\/proclim.com.pl\/dlugie-spodnice-i-kurtki-jak-stworzyc-harmonijna-calosc\/\",\"url\":\"https:\/\/proclim.com.pl\/dlugie-spodnice-i-kurtki-jak-stworzyc-harmonijna-calosc\/\",\"name\":\"D\u0142ugie sp\u00f3dnice i kurtki: Jak stworzy\u0107 idealne stylizacje na ka\u017cd\u0105 okazj\u0119?\",\"isPartOf\":{\"@id\":\"https:\/\/proclim.com.pl\/#website\"},\"primaryImageOfPage\":{\"@id\":\"https:\/\/proclim.com.pl\/dlugie-spodnice-i-kurtki-jak-stworzyc-harmonijna-calosc\/#primaryimage\"},\"image\":{\"@id\":\"https:\/\/proclim.com.pl\/dlugie-spodnice-i-kurtki-jak-stworzyc-harmonijna-calosc\/#primaryimage\"},\"thumbnailUrl\":\"https:\/\/proclim.com.pl\/wp-content\/uploads\/2025\/03\/image4b6baecd6edd430c9ea888837a16c9d2.png\",\"datePublished\":\"2025-03-16T00:00:00+00:00\",\"dateModified\":\"2025-03-16T00:00:00+00:00\",\"author\":{\"@id\":\"https:\/\/proclim.com.pl\/#\/schema\/person\/45c676b6550e197bc729f915ffc429e0\"},\"description\":\"Odkryj, jak harmonijnie \u0142\u0105czy\u0107 d\u0142ugie sp\u00f3dnice z kurtkami. Poznaj porady i inspiracje do stylizacji na r\u00f3\u017cne okazje!\",\"breadcrumb\":{\"@id\":\"https:\/\/proclim.com.pl\/dlugie-spodnice-i-kurtki-jak-stworzyc-harmonijna-calosc\/#breadcrumb\"},\"inLanguage\":\"ro-RO\",\"potentialAction\":[{\"@type\":\"ReadAction\",\"target\":[\"https:\/\/proclim.com.pl\/dlugie-spodnice-i-kurtki-jak-stworzyc-harmonijna-calosc\/\"]}]},{\"@type\":\"ImageObject\",\"inLanguage\":\"ro-RO\",\"@id\":\"https:\/\/proclim.com.pl\/dlugie-spodnice-i-kurtki-jak-stworzyc-harmonijna-calosc\/#primaryimage\",\"url\":\"https:\/\/proclim.com.pl\/wp-content\/uploads\/2025\/03\/image4b6baecd6edd430c9ea888837a16c9d2.png\",\"contentUrl\":\"https:\/\/proclim.com.pl\/wp-content\/uploads\/2025\/03\/image4b6baecd6edd430c9ea888837a16c9d2.png\",\"width\":1024,\"height\":768},{\"@type\":\"BreadcrumbList\",\"@id\":\"https:\/\/proclim.com.pl\/dlugie-spodnice-i-kurtki-jak-stworzyc-harmonijna-calosc\/#breadcrumb\",\"itemListElement\":[{\"@type\":\"ListItem\",\"position\":1,\"name\":\"Home\",\"item\":\"https:\/\/proclim.com.pl\/\"},{\"@type\":\"ListItem\",\"position\":2,\"name\":\"D\u0142ugie sp\u00f3dnice i kurtki: jak stworzy\u0107 harmonijn\u0105 ca\u0142o\u015b\u0107?\"}]},{\"@type\":\"WebSite\",\"@id\":\"https:\/\/proclim.com.pl\/#website\",\"url\":\"https:\/\/proclim.com.pl\/\",\"name\":\"proclim.com.pl\",\"description\":\"Organizer na perfumy: porz\u0105dek i styl w jednym miejscu.\",\"potentialAction\":[{\"@type\":\"SearchAction\",\"target\":{\"@type\":\"EntryPoint\",\"urlTemplate\":\"https:\/\/proclim.com.pl\/?s={search_term_string}\"},\"query-input\":\"required name=search_term_string\"}],\"inLanguage\":\"ro-RO\"},{\"@type\":\"Person\",\"@id\":\"https:\/\/proclim.com.pl\/#\/schema\/person\/45c676b6550e197bc729f915ffc429e0\",\"name\":\"Urszula Jasi\u0144ska\",\"image\":{\"@type\":\"ImageObject\",\"inLanguage\":\"ro-RO\",\"@id\":\"https:\/\/proclim.com.pl\/#\/schema\/person\/image\/\",\"url\":\"https:\/\/proclim.com.pl\/wp-content\/uploads\/2025\/02\/jdtygnenjz1_ad_avatar-96x96.jpg\",\"contentUrl\":\"https:\/\/proclim.com.pl\/wp-content\/uploads\/2025\/02\/jdtygnenjz1_ad_avatar-96x96.jpg\",\"caption\":\"Urszula Jasi\u0144ska\"},\"description\":\"Jestem Urszula Jasi\u0144ska, pasjonatka mody z wieloletnim do\u015bwiadczeniem w projektowaniu i stylizacji. Pracowa\u0142am z r\u00f3\u017cnymi markami, a tak\u017ce prowadz\u0119 bloga, na kt\u00f3rym dziel\u0119 si\u0119 swoimi spostrze\u017ceniami. Moim celem jest pomaganie innym w odnalezieniu w\u0142asnego stylu, zach\u0119cam do eksperymentowania z kolorami i krojami.\",\"url\":\"https:\/\/proclim.com.pl\/ro\/author\/urszula-jasinska\/\"}]}<\/script>\n<!-- \/ Yoast SEO plugin. -->","yoast_head_json":{"title":"D\u0142ugie sp\u00f3dnice i kurtki: Jak stworzy\u0107 idealne stylizacje na ka\u017cd\u0105 okazj\u0119?","description":"Odkryj, jak harmonijnie \u0142\u0105czy\u0107 d\u0142ugie sp\u00f3dnice z kurtkami. Poznaj porady i inspiracje do stylizacji na r\u00f3\u017cne okazje!","robots":{"index":"index","follow":"follow","max-snippet":"max-snippet:-1","max-image-preview":"max-image-preview:large","max-video-preview":"max-video-preview:-1"},"canonical":"https:\/\/proclim.com.pl\/ro\/dlugie-spodnice-i-kurtki-jak-stworzyc-harmonijna-calosc\/","og_locale":"ro_RO","og_type":"article","og_title":"D\u0142ugie sp\u00f3dnice i kurtki: Jak stworzy\u0107 idealne stylizacje na ka\u017cd\u0105 okazj\u0119?","og_description":"Odkryj, jak harmonijnie \u0142\u0105czy\u0107 d\u0142ugie sp\u00f3dnice z kurtkami. Poznaj porady i inspiracje do stylizacji na r\u00f3\u017cne okazje!","og_url":"https:\/\/proclim.com.pl\/ro\/dlugie-spodnice-i-kurtki-jak-stworzyc-harmonijna-calosc\/","og_site_name":"proclim.com.pl","article_published_time":"2025-03-16T00:00:00+00:00","og_image":[{"width":1024,"height":768,"url":"https:\/\/proclim.com.pl\/wp-content\/uploads\/2025\/03\/image4b6baecd6edd430c9ea888837a16c9d2.png","type":"image\/png"}],"author":"Urszula Jasi\u0144ska","twitter_card":"summary_large_image","twitter_misc":{"Scris de":"Urszula Jasi\u0144ska","Timp estimat pentru citire":"4 minute"},"schema":{"@context":"https:\/\/schema.org","@graph":[{"@type":"WebPage","@id":"https:\/\/proclim.com.pl\/dlugie-spodnice-i-kurtki-jak-stworzyc-harmonijna-calosc\/","url":"https:\/\/proclim.com.pl\/dlugie-spodnice-i-kurtki-jak-stworzyc-harmonijna-calosc\/","name":"D\u0142ugie sp\u00f3dnice i kurtki: Jak stworzy\u0107 idealne stylizacje na ka\u017cd\u0105 okazj\u0119?","isPartOf":{"@id":"https:\/\/proclim.com.pl\/#website"},"primaryImageOfPage":{"@id":"https:\/\/proclim.com.pl\/dlugie-spodnice-i-kurtki-jak-stworzyc-harmonijna-calosc\/#primaryimage"},"image":{"@id":"https:\/\/proclim.com.pl\/dlugie-spodnice-i-kurtki-jak-stworzyc-harmonijna-calosc\/#primaryimage"},"thumbnailUrl":"https:\/\/proclim.com.pl\/wp-content\/uploads\/2025\/03\/image4b6baecd6edd430c9ea888837a16c9d2.png","datePublished":"2025-03-16T00:00:00+00:00","dateModified":"2025-03-16T00:00:00+00:00","author":{"@id":"https:\/\/proclim.com.pl\/#\/schema\/person\/45c676b6550e197bc729f915ffc429e0"},"description":"Odkryj, jak harmonijnie \u0142\u0105czy\u0107 d\u0142ugie sp\u00f3dnice z kurtkami. Poznaj porady i inspiracje do stylizacji na r\u00f3\u017cne okazje!","breadcrumb":{"@id":"https:\/\/proclim.com.pl\/dlugie-spodnice-i-kurtki-jak-stworzyc-harmonijna-calosc\/#breadcrumb"},"inLanguage":"ro-RO","potentialAction":[{"@type":"ReadAction","target":["https:\/\/proclim.com.pl\/dlugie-spodnice-i-kurtki-jak-stworzyc-harmonijna-calosc\/"]}]},{"@type":"ImageObject","inLanguage":"ro-RO","@id":"https:\/\/proclim.com.pl\/dlugie-spodnice-i-kurtki-jak-stworzyc-harmonijna-calosc\/#primaryimage","url":"https:\/\/proclim.com.pl\/wp-content\/uploads\/2025\/03\/image4b6baecd6edd430c9ea888837a16c9d2.png","contentUrl":"https:\/\/proclim.com.pl\/wp-content\/uploads\/2025\/03\/image4b6baecd6edd430c9ea888837a16c9d2.png","width":1024,"height":768},{"@type":"BreadcrumbList","@id":"https:\/\/proclim.com.pl\/dlugie-spodnice-i-kurtki-jak-stworzyc-harmonijna-calosc\/#breadcrumb","itemListElement":[{"@type":"ListItem","position":1,"name":"Home","item":"https:\/\/proclim.com.pl\/"},{"@type":"ListItem","position":2,"name":"D\u0142ugie sp\u00f3dnice i kurtki: jak stworzy\u0107 harmonijn\u0105 ca\u0142o\u015b\u0107?"}]},{"@type":"WebSite","@id":"https:\/\/proclim.com.pl\/#website","url":"https:\/\/proclim.com.pl\/","name":"proclim.com.pl","description":"Organizer na perfumy: porz\u0105dek i styl w jednym miejscu.","potentialAction":[{"@type":"SearchAction","target":{"@type":"EntryPoint","urlTemplate":"https:\/\/proclim.com.pl\/?s={search_term_string}"},"query-input":"required name=search_term_string"}],"inLanguage":"ro-RO"},{"@type":"Person","@id":"https:\/\/proclim.com.pl\/#\/schema\/person\/45c676b6550e197bc729f915ffc429e0","name":"Urszula Jasi\u0144ska","image":{"@type":"ImageObject","inLanguage":"ro-RO","@id":"https:\/\/proclim.com.pl\/#\/schema\/person\/image\/","url":"https:\/\/proclim.com.pl\/wp-content\/uploads\/2025\/02\/jdtygnenjz1_ad_avatar-96x96.jpg","contentUrl":"https:\/\/proclim.com.pl\/wp-content\/uploads\/2025\/02\/jdtygnenjz1_ad_avatar-96x96.jpg","caption":"Urszula Jasi\u0144ska"},"description":"Jestem Urszula Jasi\u0144ska, pasjonatka mody z wieloletnim do\u015bwiadczeniem w projektowaniu i stylizacji. Pracowa\u0142am z r\u00f3\u017cnymi markami, a tak\u017ce prowadz\u0119 bloga, na kt\u00f3rym dziel\u0119 si\u0119 swoimi spostrze\u017ceniami. Moim celem jest pomaganie innym w odnalezieniu w\u0142asnego stylu, zach\u0119cam do eksperymentowania z kolorami i krojami.","url":"https:\/\/proclim.com.pl\/ro\/author\/urszula-jasinska\/"}]}},"yoast_meta":{"yoast_wpseo_title":"","yoast_wpseo_metadesc":"","yoast_wpseo_canonical":"https:\/\/proclim.com.pl\/ro\/wp-json\/wp\/v2\/posts\/548"},"_links":{"self":[{"href":"https:\/\/proclim.com.pl\/ro\/wp-json\/wp\/v2\/posts\/548"}],"collection":[{"href":"https:\/\/proclim.com.pl\/ro\/wp-json\/wp\/v2\/posts"}],"about":[{"href":"https:\/\/proclim.com.pl\/ro\/wp-json\/wp\/v2\/types\/post"}],"author":[{"embeddable":true,"href":"https:\/\/proclim.com.pl\/ro\/wp-json\/wp\/v2\/users\/1"}],"replies":[{"embeddable":true,"href":"https:\/\/proclim.com.pl\/ro\/wp-json\/wp\/v2\/comments?post=548"}],"version-history":[{"count":1,"href":"https:\/\/proclim.com.pl\/ro\/wp-json\/wp\/v2\/posts\/548\/revisions"}],"predecessor-version":[{"id":558,"href":"https:\/\/proclim.com.pl\/ro\/wp-json\/wp\/v2\/posts\/548\/revisions\/558"}],"wp:featuredmedia":[{"embeddable":true,"href":"https:\/\/proclim.com.pl\/ro\/wp-json\/wp\/v2\/media\/538"}],"wp:attachment":[{"href":"https:\/\/proclim.com.pl\/ro\/wp-json\/wp\/v2\/media?parent=548"}],"wp:term":[{"taxonomy":"category","embeddable":true,"href":"https:\/\/proclim.com.pl\/ro\/wp-json\/wp\/v2\/categories?post=548"},{"taxonomy":"post_tag","embeddable":true,"href":"https:\/\/proclim.com.pl\/ro\/wp-json\/wp\/v2\/tags?post=548"}],"curies":[{"name":"wp","href":"https:\/\/api.w.org\/{rel}","templated":true}]}}