{"id":477,"date":"2025-02-15T00:00:00","date_gmt":"2025-02-15T00:00:00","guid":{"rendered":"https:\/\/proclim.com.pl\/stylizacje-biale-spodnie-jak-byc-modnym-w-kazda-pore-roku\/"},"modified":"2025-02-15T00:00:00","modified_gmt":"2025-02-15T00:00:00","slug":"stylizacje-biale-spodnie-jak-byc-modnym-w-kazda-pore-roku","status":"publish","type":"post","link":"https:\/\/proclim.com.pl\/ro\/stylizacje-biale-spodnie-jak-byc-modnym-w-kazda-pore-roku\/","title":{"rendered":"Stiluri de pantaloni albi \u2013 cum s\u0103 fii la mod\u0103 \u00een fiecare sezon?"},"content":{"rendered":"<div class=\"kk-star-ratings kksr-auto kksr-align-left kksr-valign-top\"\n    data-payload='{&quot;align&quot;:&quot;left&quot;,&quot;id&quot;:&quot;477&quot;,&quot;slug&quot;:&quot;default&quot;,&quot;valign&quot;:&quot;top&quot;,&quot;ignore&quot;:&quot;&quot;,&quot;reference&quot;:&quot;auto&quot;,&quot;class&quot;:&quot;&quot;,&quot;count&quot;:&quot;0&quot;,&quot;legendonly&quot;:&quot;&quot;,&quot;readonly&quot;:&quot;&quot;,&quot;score&quot;:&quot;0&quot;,&quot;starsonly&quot;:&quot;&quot;,&quot;best&quot;:&quot;5&quot;,&quot;gap&quot;:&quot;5&quot;,&quot;greet&quot;:&quot;&quot;,&quot;legend&quot;:&quot;0\\\/5 - (0 votes)&quot;,&quot;size&quot;:&quot;24&quot;,&quot;title&quot;:&quot;Stylizacje bia\u0142e spodnie \u2013 jak by\u0107 modnym w ka\u017cd\u0105 por\u0119 roku?&quot;,&quot;width&quot;:&quot;0&quot;,&quot;_legend&quot;:&quot;{score}\\\/{best} - ({count} {votes})&quot;,&quot;font_factor&quot;:&quot;1.25&quot;}'>\n            \n<div class=\"kksr-stars\">\n    \n<div class=\"kksr-stars-inactive\">\n            <div class=\"kksr-star\" data-star=\"1\" style=\"padding-right: 5px\">\n            \n\n<div class=\"kksr-icon\" style=\"width: 24px; height: 24px;\"><\/div>\n        <\/div>\n            <div class=\"kksr-star\" data-star=\"2\" style=\"padding-right: 5px\">\n            \n\n<div class=\"kksr-icon\" style=\"width: 24px; height: 24px;\"><\/div>\n        <\/div>\n            <div class=\"kksr-star\" data-star=\"3\" style=\"padding-right: 5px\">\n            \n\n<div class=\"kksr-icon\" style=\"width: 24px; height: 24px;\"><\/div>\n        <\/div>\n            <div class=\"kksr-star\" data-star=\"4\" style=\"padding-right: 5px\">\n            \n\n<div class=\"kksr-icon\" style=\"width: 24px; height: 24px;\"><\/div>\n        <\/div>\n            <div class=\"kksr-star\" data-star=\"5\" style=\"padding-right: 5px\">\n            \n\n<div class=\"kksr-icon\" style=\"width: 24px; height: 24px;\"><\/div>\n        <\/div>\n    <\/div>\n    \n<div class=\"kksr-stars-active\" style=\"width: 0px;\">\n            <div class=\"kksr-star\" style=\"padding-right: 5px\">\n            \n\n<div class=\"kksr-icon\" style=\"width: 24px; height: 24px;\"><\/div>\n        <\/div>\n            <div class=\"kksr-star\" style=\"padding-right: 5px\">\n            \n\n<div class=\"kksr-icon\" style=\"width: 24px; height: 24px;\"><\/div>\n        <\/div>\n            <div class=\"kksr-star\" style=\"padding-right: 5px\">\n            \n\n<div class=\"kksr-icon\" style=\"width: 24px; height: 24px;\"><\/div>\n        <\/div>\n            <div class=\"kksr-star\" style=\"padding-right: 5px\">\n            \n\n<div class=\"kksr-icon\" style=\"width: 24px; height: 24px;\"><\/div>\n        <\/div>\n            <div class=\"kksr-star\" style=\"padding-right: 5px\">\n            \n\n<div class=\"kksr-icon\" style=\"width: 24px; height: 24px;\"><\/div>\n        <\/div>\n    <\/div>\n<\/div>\n                \n\n<div class=\"kksr-legend\" style=\"font-size: 19.2px;\">\n            <span class=\"kksr-muted\"><\/span>\n    <\/div>\n    <\/div>\n<p>Pantalonii albi sunt o pies\u0103 vestimentar\u0103 extrem de versatil\u0103, care ar trebui s\u0103 se afle \u00een garderoba fiec\u0103rei persoane care \u00ee\u0219i dore\u0219te s\u0103 fie la mod\u0103 tot timpul anului. Caracterul lor atemporal permite activit\u0103\u021bi de modelare, care devin o aventur\u0103 \u00eenc\u00e2nt\u0103toare \u0219i incitant\u0103 cu moda. Indiferent de anotimp, pantalonii albi ofer\u0103 o gam\u0103 larg\u0103 de op\u021biuni de stilizare care te pot ajuta s\u0103 te exprimi \u0219i s\u0103 te adaptezi la diferite ocazii. \u00cen acest articol, v\u0103 vom ar\u0103ta cum s\u0103 crea\u021bi combina\u021bii la mod\u0103 cu pantaloni albi folosind materialele \u0219i accesoriile potrivite \u0219i cum s\u0103 folosi\u021bi tendin\u021bele actuale \u00een fiecare sezon.<\/p>\n<h2>Stiluri de prim\u0103var\u0103 cu pantaloni albi<\/h2>\n<p><img decoding=\"async\" alt=\"Grupa przyjaci\u00f3\u0142 bawi si\u0119 na pla\u017cy, jedz\u0105c i pij\u0105c w s\u0142oneczny dzie\u0144, otoczona jedzeniem i napojami.\" src=\"https:\/\/proclim.com.pl\/wp-content\/uploads\/2025\/02\/imaged374dc31b4a04c38b5b53c29c892c7b8.png\"\/><\/p>\n<p>Prim\u0103vara este anotimpul \u00een care natura prinde via\u021b\u0103 \u0219i vrem s\u0103 introducem mai multe culori \u0219i luminozitate \u00een garderobele noastre. Atunci pantalonii albi sunt baza perfect\u0103 pentru multe stiluri. Le putem combina cu bluze colorate care accentueaz\u0103 atmosfera de prim\u0103var\u0103, cre\u00e2nd combina\u021bii interesante. Merit\u0103 s\u0103 acorda\u021bi aten\u021bie \u021bes\u0103turilor ideale pentru prim\u0103var\u0103.<\/p>\n<ul>\n<li>Bumbac \u2013 perfect pentru zilele mai c\u0103lduroase, oferind respirabilitate.<\/li>\n<li>Inul \u2013 un material natural care se muleaz\u0103 frumos pe siluet\u0103.<\/li>\n<li>V\u00e2scoz\u0103 \u2013 u\u0219oar\u0103 \u0219i pl\u0103cut\u0103, perfect\u0103 pentru stiluri mai elegante.<\/li>\n<\/ul>\n<h2>Stiluri de var\u0103 cu pantaloni albi<\/h2>\n<p><img decoding=\"async\" alt=\"Kobieta w bia\u0142ym p\u0142aszczu i szarym swetrze spaceruje w zimowej scenerii miejskiej. \u015anie\u017cek lekko opada.\" src=\"https:\/\/proclim.com.pl\/wp-content\/uploads\/2025\/02\/image43e1279e75fb47bd811233a3d4cfa2f6.png\"\/><\/p>\n<p>Pe m\u0103sur\u0103 ce se apropie vara, pantalonii albi devin \u0219i mai c\u0103uta\u021bi. Acestea contrasteaz\u0103 frumos cu un bronz \u0219i adaug\u0103 prospe\u021bime oric\u0103rui stil. Putem alege dintr-o gam\u0103 larg\u0103 de bluze de var\u0103 care se potrivesc perfect cu pantaloni albi.<\/p>\n<table border=\"1\">\n<tr>\n<th>Culoarea bluzei<\/th>\n<th>Stilizare<\/th>\n<\/tr>\n<tr>\n<td>Nuan\u021be pastelate<\/td>\n<td>Un aspect delicat \u0219i romantic<\/td>\n<\/tr>\n<tr>\n<td>Modele luminoase<\/td>\n<td>Perfect pentru plaj\u0103 sau o plimbare<\/td>\n<\/tr>\n<tr>\n<td>Culori intense<\/td>\n<td>Stil senzual \u0219i \u00eendr\u0103zne\u021b<\/td>\n<\/tr>\n<\/table>\n<p>Aleg\u00e2nd blaturile potrivite, putem realiza un num\u0103r nelimitat de combina\u021bii. \u00cen plus, accesoriile care dau caracter stilului vor fi, de asemenea, importante. Vom selecta mijloacele potrivite pentru a crea un aspect la mod\u0103 \u0219i armonios.<\/p>\n<h2>Stiluri de toamn\u0103 cu pantaloni albi<\/h2>\n<p>Odat\u0103 cu venirea toamnei, nu doar culorile frunzelor se schimb\u0103, ci \u0219i abordarea noastr\u0103 fa\u021b\u0103 de mod\u0103. Pantalonii albi, datorit\u0103 versatilit\u0103\u021bii lor, pot fi folosi\u021bi \u00een stratificare, ceea ce \u00eenseamn\u0103 combinarea diferitelor straturi de haine pentru a ob\u021bine un efect interesant. Exemple de straturi pe care le putem folosi:<\/p>\n<ul>\n<li>Pulovere \u0219i cardigane \u00een culori discrete<\/li>\n<li>Paltoane largi<\/li>\n<li>\u0218aluri \u0219i e\u0219arfe care adaug\u0103 elegan\u021b\u0103 stilului t\u0103u<\/li>\n<\/ul>\n<p>Combin\u00e2nd cu m\u0103iestrie aceste elemente cu pantaloni albi, vei crea stiluri la mod\u0103 \u0219i confortabile. Merit\u0103 s\u0103 fii deschis la o varietate de compozi\u021bii, c\u00e2\u0219tig\u00e2nd \u00een acela\u0219i timp confort \u0219i estetic\u0103.<\/p>\n<h2>Stiluri de iarn\u0103 cu pantaloni albi<\/h2>\n<p>Iarna este perioada \u00een care pantalonii albi pot deveni un element elegant al oric\u0103rui stil. Contrar aparen\u021belor, a purta pantaloni albi iarna nu este dificil, mai ales c\u00e2nd alegi accesoriile potrivite. C\u00e2nd \u00ee\u021bi aranjezi \u021binutele de iarn\u0103, nu uita de hainele \u0219i accesoriile potrivite:<\/p>\n<ul>\n<li>Pulovere c\u0103lduroase \u00een culori \u00eendr\u0103zne\u021be<\/li>\n<li>Paltoane de l\u00e2n\u0103 care pun accent pe elegan\u021b\u0103<\/li>\n<li>Ghete elegante sau cizme care adaug\u0103 \u0219ic<\/li>\n<\/ul>\n<p>Pantalonii albi asorta\u021bi cu aceste accesorii vor ar\u0103ta foarte atractiv \u0219i vor ad\u0103uga c\u0103ldur\u0103 \u0219i elegan\u021b\u0103 \u00eentregii \u021binute.<\/p>\n<h2>Rezumat<\/h2>\n<p>Pantalonii albi sunt o pies\u0103 vestimentar\u0103 versatil\u0103 \u0219i la mod\u0103, care poate fi purtat\u0103 \u00een multe feluri pe tot parcursul anului. Cheia succesului este capacitatea de a selecta materialele \u0219i accesoriile potrivite \u00een func\u021bie de sezon. Nicio pies\u0103 vestimentar\u0103 nu are puterea de a ne redescoperi stilul individual \u0219i de a ne permite s\u0103 \u00eencerc\u0103m lucruri noi \u00een materie de mod\u0103. Merit\u0103 s\u0103 ai cel pu\u021bin o pereche de pantaloni albi \u00een garderob\u0103.<\/p>\n<h2>FAQ<\/h2>\n<ul>\n<li>Sunt pantalonii albi potrivi\u021bi pentru orice ocazie? Da, pantalonii albi pot fi purta\u021bi at\u00e2t \u00een fiecare zi, c\u00e2t \u0219i pentru ocazii mai formale.<\/li>\n<li>Ce accesorii se potrivesc cu pantalonii albi? At\u00e2t accesoriile colorate, c\u00e2t \u0219i cele discrete se potrivesc bine cu pantalonii albi, \u00een func\u021bie de stil.<\/li>\n<li>Sunt pantalonii albi greu de \u00eentre\u021binut? Necesit\u0103 o aten\u021bie special\u0103 la sp\u0103lare pentru a-\u0219i men\u021bine culoarea alb\u0103, dar cur\u0103\u021barea regulat\u0103 le face u\u0219or de \u00eentre\u021binut.<\/li>\n<li>Ce culori pot fi combinate cu pantaloni albi? Pantalonii albi se potrivesc bine cu aproape orice culoare, dar arat\u0103 deosebit de bine cu pasteluri, nuan\u021be deschise \u0219i culori \u00eendr\u0103zne\u021be.<\/li>\n<\/ul>","protected":false},"excerpt":{"rendered":"<p>Bia\u0142e spodnie to niezwykle uniwersalny element garderoby, kt\u00f3ry powinien znale\u017a\u0107 si\u0119 w szafie ka\u017cdej osoby, kt\u00f3ra pragnie by\u0107 modna przez ca\u0142y rok. Ich ponadczasowy charakter pozwala na dzia\u0142alno\u015b\u0107 modelarsk\u0105, co staje si\u0119 zachwycaj\u0105c\u0105 i ekscytuj\u0105c\u0105 przygod\u0105 z mod\u0105. Niezale\u017cnie od pory roku, bia\u0142e spodnie oferuj\u0105 szereg mo\u017cliwo\u015bci stylizacji, kt\u00f3re mog\u0105 pom\u00f3c wyrazi\u0107 siebie i dostosowa\u0107 [&hellip;]<\/p>","protected":false},"author":1,"featured_media":470,"comment_status":"closed","ping_status":"closed","sticky":false,"template":"","format":"standard","meta":{"_acf_changed":false,"footnotes":""},"categories":[1],"tags":[],"class_list":["post-477","post","type-post","status-publish","format-standard","has-post-thumbnail","hentry","category-blog"],"acf":[],"yoast_head":"<!-- This site is optimized with the Yoast SEO plugin v23.2 - https:\/\/yoast.com\/wordpress\/plugins\/seo\/ -->\n<title>Stylizacje bia\u0142e spodnie \u2013 jak by\u0107 modnym w ka\u017cd\u0105 por\u0119 roku?<\/title>\n<meta name=\"description\" content=\"Odkryj, jak stylizowa\u0107 bia\u0142e spodnie wiosn\u0105, latem, jesieni\u0105 i zim\u0105, aby zawsze wygl\u0105da\u0107 modnie i elegancko.\" \/>\n<meta name=\"robots\" content=\"index, follow, max-snippet:-1, max-image-preview:large, max-video-preview:-1\" \/>\n<link rel=\"canonical\" href=\"https:\/\/proclim.com.pl\/ro\/stylizacje-biale-spodnie-jak-byc-modnym-w-kazda-pore-roku\/\" \/>\n<meta property=\"og:locale\" content=\"ro_RO\" \/>\n<meta property=\"og:type\" content=\"article\" \/>\n<meta property=\"og:title\" content=\"Stylizacje bia\u0142e spodnie \u2013 jak by\u0107 modnym w ka\u017cd\u0105 por\u0119 roku?\" \/>\n<meta property=\"og:description\" content=\"Odkryj, jak stylizowa\u0107 bia\u0142e spodnie wiosn\u0105, latem, jesieni\u0105 i zim\u0105, aby zawsze wygl\u0105da\u0107 modnie i elegancko.\" \/>\n<meta property=\"og:url\" content=\"https:\/\/proclim.com.pl\/ro\/stylizacje-biale-spodnie-jak-byc-modnym-w-kazda-pore-roku\/\" \/>\n<meta property=\"og:site_name\" content=\"proclim.com.pl\" \/>\n<meta property=\"article:published_time\" content=\"2025-02-15T00:00:00+00:00\" \/>\n<meta property=\"og:image\" content=\"https:\/\/proclim.com.pl\/wp-content\/uploads\/2025\/02\/imagefb2cd140037646109c35d25924da5704.png\" \/>\n\t<meta property=\"og:image:width\" content=\"1024\" \/>\n\t<meta property=\"og:image:height\" content=\"768\" \/>\n\t<meta property=\"og:image:type\" content=\"image\/png\" \/>\n<meta name=\"author\" content=\"Urszula Jasi\u0144ska\" \/>\n<meta name=\"twitter:card\" content=\"summary_large_image\" \/>\n<meta name=\"twitter:label1\" content=\"Scris de\" \/>\n\t<meta name=\"twitter:data1\" content=\"Urszula Jasi\u0144ska\" \/>\n\t<meta name=\"twitter:label2\" content=\"Timp estimat pentru citire\" \/>\n\t<meta name=\"twitter:data2\" content=\"4 minute\" \/>\n<script type=\"application\/ld+json\" class=\"yoast-schema-graph\">{\"@context\":\"https:\/\/schema.org\",\"@graph\":[{\"@type\":\"WebPage\",\"@id\":\"https:\/\/proclim.com.pl\/stylizacje-biale-spodnie-jak-byc-modnym-w-kazda-pore-roku\/\",\"url\":\"https:\/\/proclim.com.pl\/stylizacje-biale-spodnie-jak-byc-modnym-w-kazda-pore-roku\/\",\"name\":\"Stylizacje bia\u0142e spodnie \u2013 jak by\u0107 modnym w ka\u017cd\u0105 por\u0119 roku?\",\"isPartOf\":{\"@id\":\"https:\/\/proclim.com.pl\/#website\"},\"primaryImageOfPage\":{\"@id\":\"https:\/\/proclim.com.pl\/stylizacje-biale-spodnie-jak-byc-modnym-w-kazda-pore-roku\/#primaryimage\"},\"image\":{\"@id\":\"https:\/\/proclim.com.pl\/stylizacje-biale-spodnie-jak-byc-modnym-w-kazda-pore-roku\/#primaryimage\"},\"thumbnailUrl\":\"https:\/\/proclim.com.pl\/wp-content\/uploads\/2025\/02\/imagefb2cd140037646109c35d25924da5704.png\",\"datePublished\":\"2025-02-15T00:00:00+00:00\",\"dateModified\":\"2025-02-15T00:00:00+00:00\",\"author\":{\"@id\":\"https:\/\/proclim.com.pl\/#\/schema\/person\/45c676b6550e197bc729f915ffc429e0\"},\"description\":\"Odkryj, jak stylizowa\u0107 bia\u0142e spodnie wiosn\u0105, latem, jesieni\u0105 i zim\u0105, aby zawsze wygl\u0105da\u0107 modnie i elegancko.\",\"breadcrumb\":{\"@id\":\"https:\/\/proclim.com.pl\/stylizacje-biale-spodnie-jak-byc-modnym-w-kazda-pore-roku\/#breadcrumb\"},\"inLanguage\":\"ro-RO\",\"potentialAction\":[{\"@type\":\"ReadAction\",\"target\":[\"https:\/\/proclim.com.pl\/stylizacje-biale-spodnie-jak-byc-modnym-w-kazda-pore-roku\/\"]}]},{\"@type\":\"ImageObject\",\"inLanguage\":\"ro-RO\",\"@id\":\"https:\/\/proclim.com.pl\/stylizacje-biale-spodnie-jak-byc-modnym-w-kazda-pore-roku\/#primaryimage\",\"url\":\"https:\/\/proclim.com.pl\/wp-content\/uploads\/2025\/02\/imagefb2cd140037646109c35d25924da5704.png\",\"contentUrl\":\"https:\/\/proclim.com.pl\/wp-content\/uploads\/2025\/02\/imagefb2cd140037646109c35d25924da5704.png\",\"width\":1024,\"height\":768},{\"@type\":\"BreadcrumbList\",\"@id\":\"https:\/\/proclim.com.pl\/stylizacje-biale-spodnie-jak-byc-modnym-w-kazda-pore-roku\/#breadcrumb\",\"itemListElement\":[{\"@type\":\"ListItem\",\"position\":1,\"name\":\"Home\",\"item\":\"https:\/\/proclim.com.pl\/\"},{\"@type\":\"ListItem\",\"position\":2,\"name\":\"Stylizacje bia\u0142e spodnie \u2013 jak by\u0107 modnym w ka\u017cd\u0105 por\u0119 roku?\"}]},{\"@type\":\"WebSite\",\"@id\":\"https:\/\/proclim.com.pl\/#website\",\"url\":\"https:\/\/proclim.com.pl\/\",\"name\":\"proclim.com.pl\",\"description\":\"Organizer na perfumy: porz\u0105dek i styl w jednym miejscu.\",\"potentialAction\":[{\"@type\":\"SearchAction\",\"target\":{\"@type\":\"EntryPoint\",\"urlTemplate\":\"https:\/\/proclim.com.pl\/?s={search_term_string}\"},\"query-input\":\"required name=search_term_string\"}],\"inLanguage\":\"ro-RO\"},{\"@type\":\"Person\",\"@id\":\"https:\/\/proclim.com.pl\/#\/schema\/person\/45c676b6550e197bc729f915ffc429e0\",\"name\":\"Urszula Jasi\u0144ska\",\"image\":{\"@type\":\"ImageObject\",\"inLanguage\":\"ro-RO\",\"@id\":\"https:\/\/proclim.com.pl\/#\/schema\/person\/image\/\",\"url\":\"https:\/\/proclim.com.pl\/wp-content\/uploads\/2025\/02\/jdtygnenjz1_ad_avatar-96x96.jpg\",\"contentUrl\":\"https:\/\/proclim.com.pl\/wp-content\/uploads\/2025\/02\/jdtygnenjz1_ad_avatar-96x96.jpg\",\"caption\":\"Urszula Jasi\u0144ska\"},\"description\":\"Jestem Urszula Jasi\u0144ska, pasjonatka mody z wieloletnim do\u015bwiadczeniem w projektowaniu i stylizacji. Pracowa\u0142am z r\u00f3\u017cnymi markami, a tak\u017ce prowadz\u0119 bloga, na kt\u00f3rym dziel\u0119 si\u0119 swoimi spostrze\u017ceniami. Moim celem jest pomaganie innym w odnalezieniu w\u0142asnego stylu, zach\u0119cam do eksperymentowania z kolorami i krojami.\",\"url\":\"https:\/\/proclim.com.pl\/ro\/author\/urszula-jasinska\/\"}]}<\/script>\n<!-- \/ Yoast SEO plugin. -->","yoast_head_json":{"title":"Stylizacje bia\u0142e spodnie \u2013 jak by\u0107 modnym w ka\u017cd\u0105 por\u0119 roku?","description":"Odkryj, jak stylizowa\u0107 bia\u0142e spodnie wiosn\u0105, latem, jesieni\u0105 i zim\u0105, aby zawsze wygl\u0105da\u0107 modnie i elegancko.","robots":{"index":"index","follow":"follow","max-snippet":"max-snippet:-1","max-image-preview":"max-image-preview:large","max-video-preview":"max-video-preview:-1"},"canonical":"https:\/\/proclim.com.pl\/ro\/stylizacje-biale-spodnie-jak-byc-modnym-w-kazda-pore-roku\/","og_locale":"ro_RO","og_type":"article","og_title":"Stylizacje bia\u0142e spodnie \u2013 jak by\u0107 modnym w ka\u017cd\u0105 por\u0119 roku?","og_description":"Odkryj, jak stylizowa\u0107 bia\u0142e spodnie wiosn\u0105, latem, jesieni\u0105 i zim\u0105, aby zawsze wygl\u0105da\u0107 modnie i elegancko.","og_url":"https:\/\/proclim.com.pl\/ro\/stylizacje-biale-spodnie-jak-byc-modnym-w-kazda-pore-roku\/","og_site_name":"proclim.com.pl","article_published_time":"2025-02-15T00:00:00+00:00","og_image":[{"width":1024,"height":768,"url":"https:\/\/proclim.com.pl\/wp-content\/uploads\/2025\/02\/imagefb2cd140037646109c35d25924da5704.png","type":"image\/png"}],"author":"Urszula Jasi\u0144ska","twitter_card":"summary_large_image","twitter_misc":{"Scris de":"Urszula Jasi\u0144ska","Timp estimat pentru citire":"4 minute"},"schema":{"@context":"https:\/\/schema.org","@graph":[{"@type":"WebPage","@id":"https:\/\/proclim.com.pl\/stylizacje-biale-spodnie-jak-byc-modnym-w-kazda-pore-roku\/","url":"https:\/\/proclim.com.pl\/stylizacje-biale-spodnie-jak-byc-modnym-w-kazda-pore-roku\/","name":"Stylizacje bia\u0142e spodnie \u2013 jak by\u0107 modnym w ka\u017cd\u0105 por\u0119 roku?","isPartOf":{"@id":"https:\/\/proclim.com.pl\/#website"},"primaryImageOfPage":{"@id":"https:\/\/proclim.com.pl\/stylizacje-biale-spodnie-jak-byc-modnym-w-kazda-pore-roku\/#primaryimage"},"image":{"@id":"https:\/\/proclim.com.pl\/stylizacje-biale-spodnie-jak-byc-modnym-w-kazda-pore-roku\/#primaryimage"},"thumbnailUrl":"https:\/\/proclim.com.pl\/wp-content\/uploads\/2025\/02\/imagefb2cd140037646109c35d25924da5704.png","datePublished":"2025-02-15T00:00:00+00:00","dateModified":"2025-02-15T00:00:00+00:00","author":{"@id":"https:\/\/proclim.com.pl\/#\/schema\/person\/45c676b6550e197bc729f915ffc429e0"},"description":"Odkryj, jak stylizowa\u0107 bia\u0142e spodnie wiosn\u0105, latem, jesieni\u0105 i zim\u0105, aby zawsze wygl\u0105da\u0107 modnie i elegancko.","breadcrumb":{"@id":"https:\/\/proclim.com.pl\/stylizacje-biale-spodnie-jak-byc-modnym-w-kazda-pore-roku\/#breadcrumb"},"inLanguage":"ro-RO","potentialAction":[{"@type":"ReadAction","target":["https:\/\/proclim.com.pl\/stylizacje-biale-spodnie-jak-byc-modnym-w-kazda-pore-roku\/"]}]},{"@type":"ImageObject","inLanguage":"ro-RO","@id":"https:\/\/proclim.com.pl\/stylizacje-biale-spodnie-jak-byc-modnym-w-kazda-pore-roku\/#primaryimage","url":"https:\/\/proclim.com.pl\/wp-content\/uploads\/2025\/02\/imagefb2cd140037646109c35d25924da5704.png","contentUrl":"https:\/\/proclim.com.pl\/wp-content\/uploads\/2025\/02\/imagefb2cd140037646109c35d25924da5704.png","width":1024,"height":768},{"@type":"BreadcrumbList","@id":"https:\/\/proclim.com.pl\/stylizacje-biale-spodnie-jak-byc-modnym-w-kazda-pore-roku\/#breadcrumb","itemListElement":[{"@type":"ListItem","position":1,"name":"Home","item":"https:\/\/proclim.com.pl\/"},{"@type":"ListItem","position":2,"name":"Stylizacje bia\u0142e spodnie \u2013 jak by\u0107 modnym w ka\u017cd\u0105 por\u0119 roku?"}]},{"@type":"WebSite","@id":"https:\/\/proclim.com.pl\/#website","url":"https:\/\/proclim.com.pl\/","name":"proclim.com.pl","description":"Organizer na perfumy: porz\u0105dek i styl w jednym miejscu.","potentialAction":[{"@type":"SearchAction","target":{"@type":"EntryPoint","urlTemplate":"https:\/\/proclim.com.pl\/?s={search_term_string}"},"query-input":"required name=search_term_string"}],"inLanguage":"ro-RO"},{"@type":"Person","@id":"https:\/\/proclim.com.pl\/#\/schema\/person\/45c676b6550e197bc729f915ffc429e0","name":"Urszula Jasi\u0144ska","image":{"@type":"ImageObject","inLanguage":"ro-RO","@id":"https:\/\/proclim.com.pl\/#\/schema\/person\/image\/","url":"https:\/\/proclim.com.pl\/wp-content\/uploads\/2025\/02\/jdtygnenjz1_ad_avatar-96x96.jpg","contentUrl":"https:\/\/proclim.com.pl\/wp-content\/uploads\/2025\/02\/jdtygnenjz1_ad_avatar-96x96.jpg","caption":"Urszula Jasi\u0144ska"},"description":"Jestem Urszula Jasi\u0144ska, pasjonatka mody z wieloletnim do\u015bwiadczeniem w projektowaniu i stylizacji. Pracowa\u0142am z r\u00f3\u017cnymi markami, a tak\u017ce prowadz\u0119 bloga, na kt\u00f3rym dziel\u0119 si\u0119 swoimi spostrze\u017ceniami. Moim celem jest pomaganie innym w odnalezieniu w\u0142asnego stylu, zach\u0119cam do eksperymentowania z kolorami i krojami.","url":"https:\/\/proclim.com.pl\/ro\/author\/urszula-jasinska\/"}]}},"yoast_meta":{"yoast_wpseo_title":"","yoast_wpseo_metadesc":"","yoast_wpseo_canonical":"https:\/\/proclim.com.pl\/ro\/wp-json\/wp\/v2\/posts\/477"},"_links":{"self":[{"href":"https:\/\/proclim.com.pl\/ro\/wp-json\/wp\/v2\/posts\/477"}],"collection":[{"href":"https:\/\/proclim.com.pl\/ro\/wp-json\/wp\/v2\/posts"}],"about":[{"href":"https:\/\/proclim.com.pl\/ro\/wp-json\/wp\/v2\/types\/post"}],"author":[{"embeddable":true,"href":"https:\/\/proclim.com.pl\/ro\/wp-json\/wp\/v2\/users\/1"}],"replies":[{"embeddable":true,"href":"https:\/\/proclim.com.pl\/ro\/wp-json\/wp\/v2\/comments?post=477"}],"version-history":[{"count":0,"href":"https:\/\/proclim.com.pl\/ro\/wp-json\/wp\/v2\/posts\/477\/revisions"}],"wp:featuredmedia":[{"embeddable":true,"href":"https:\/\/proclim.com.pl\/ro\/wp-json\/wp\/v2\/media\/470"}],"wp:attachment":[{"href":"https:\/\/proclim.com.pl\/ro\/wp-json\/wp\/v2\/media?parent=477"}],"wp:term":[{"taxonomy":"category","embeddable":true,"href":"https:\/\/proclim.com.pl\/ro\/wp-json\/wp\/v2\/categories?post=477"},{"taxonomy":"post_tag","embeddable":true,"href":"https:\/\/proclim.com.pl\/ro\/wp-json\/wp\/v2\/tags?post=477"}],"curies":[{"name":"wp","href":"https:\/\/api.w.org\/{rel}","templated":true}]}}