{"id":476,"date":"2025-02-16T00:00:00","date_gmt":"2025-02-16T00:00:00","guid":{"rendered":"https:\/\/proclim.com.pl\/z-czym-nosic-rozowa-marynarke-w-biurze\/"},"modified":"2025-02-16T00:00:00","modified_gmt":"2025-02-16T00:00:00","slug":"z-czym-nosic-rozowa-marynarke-w-biurze","status":"publish","type":"post","link":"https:\/\/proclim.com.pl\/ro\/z-czym-nosic-rozowa-marynarke-w-biurze\/","title":{"rendered":"Cu ce s\u0103 por\u021bi un blazer roz la birou?"},"content":{"rendered":"<div class=\"kk-star-ratings kksr-auto kksr-align-left kksr-valign-top\"\n    data-payload='{&quot;align&quot;:&quot;left&quot;,&quot;id&quot;:&quot;476&quot;,&quot;slug&quot;:&quot;default&quot;,&quot;valign&quot;:&quot;top&quot;,&quot;ignore&quot;:&quot;&quot;,&quot;reference&quot;:&quot;auto&quot;,&quot;class&quot;:&quot;&quot;,&quot;count&quot;:&quot;0&quot;,&quot;legendonly&quot;:&quot;&quot;,&quot;readonly&quot;:&quot;&quot;,&quot;score&quot;:&quot;0&quot;,&quot;starsonly&quot;:&quot;&quot;,&quot;best&quot;:&quot;5&quot;,&quot;gap&quot;:&quot;5&quot;,&quot;greet&quot;:&quot;&quot;,&quot;legend&quot;:&quot;0\\\/5 - (0 votes)&quot;,&quot;size&quot;:&quot;24&quot;,&quot;title&quot;:&quot;Z czym nosi\u0107 r\u00f3\u017cow\u0105 marynark\u0119 w biurze?&quot;,&quot;width&quot;:&quot;0&quot;,&quot;_legend&quot;:&quot;{score}\\\/{best} - ({count} {votes})&quot;,&quot;font_factor&quot;:&quot;1.25&quot;}'>\n            \n<div class=\"kksr-stars\">\n    \n<div class=\"kksr-stars-inactive\">\n            <div class=\"kksr-star\" data-star=\"1\" style=\"padding-right: 5px\">\n            \n\n<div class=\"kksr-icon\" style=\"width: 24px; height: 24px;\"><\/div>\n        <\/div>\n            <div class=\"kksr-star\" data-star=\"2\" style=\"padding-right: 5px\">\n            \n\n<div class=\"kksr-icon\" style=\"width: 24px; height: 24px;\"><\/div>\n        <\/div>\n            <div class=\"kksr-star\" data-star=\"3\" style=\"padding-right: 5px\">\n            \n\n<div class=\"kksr-icon\" style=\"width: 24px; height: 24px;\"><\/div>\n        <\/div>\n            <div class=\"kksr-star\" data-star=\"4\" style=\"padding-right: 5px\">\n            \n\n<div class=\"kksr-icon\" style=\"width: 24px; height: 24px;\"><\/div>\n        <\/div>\n            <div class=\"kksr-star\" data-star=\"5\" style=\"padding-right: 5px\">\n            \n\n<div class=\"kksr-icon\" style=\"width: 24px; height: 24px;\"><\/div>\n        <\/div>\n    <\/div>\n    \n<div class=\"kksr-stars-active\" style=\"width: 0px;\">\n            <div class=\"kksr-star\" style=\"padding-right: 5px\">\n            \n\n<div class=\"kksr-icon\" style=\"width: 24px; height: 24px;\"><\/div>\n        <\/div>\n            <div class=\"kksr-star\" style=\"padding-right: 5px\">\n            \n\n<div class=\"kksr-icon\" style=\"width: 24px; height: 24px;\"><\/div>\n        <\/div>\n            <div class=\"kksr-star\" style=\"padding-right: 5px\">\n            \n\n<div class=\"kksr-icon\" style=\"width: 24px; height: 24px;\"><\/div>\n        <\/div>\n            <div class=\"kksr-star\" style=\"padding-right: 5px\">\n            \n\n<div class=\"kksr-icon\" style=\"width: 24px; height: 24px;\"><\/div>\n        <\/div>\n            <div class=\"kksr-star\" style=\"padding-right: 5px\">\n            \n\n<div class=\"kksr-icon\" style=\"width: 24px; height: 24px;\"><\/div>\n        <\/div>\n    <\/div>\n<\/div>\n                \n\n<div class=\"kksr-legend\" style=\"font-size: 19.2px;\">\n            <span class=\"kksr-muted\"><\/span>\n    <\/div>\n    <\/div>\n<p> \u00cen lumea birourilor de ast\u0103zi, unde codurile vestimentare devin din ce \u00een ce mai casual, blazerul roz c\u00e2\u0219tig\u0103 recunoa\u0219tere ca element esen\u021bial al unei garderobe profesionale. Nu este doar o bucat\u0103 de material, ci o adev\u0103rat\u0103 manifestare a stilului \u0219i personalit\u0103\u021bii. Cu pu\u021bin\u0103 creativitate, poate fi \u00eencorporat cu u\u0219urin\u021b\u0103 \u00eentr-o varietate de stiluri de birou. Totu\u0219i, merit\u0103 s\u0103 \u0219tii cum s\u0103 \u00eel combini corect pentru a ob\u021bine un aspect armonios \u0219i profesional la locul de munc\u0103. \u00cen acest articol, vom discuta despre cum s\u0103 creezi diferite combina\u021bii cu un blazer roz, astfel \u00eenc\u00e2t s\u0103 te po\u021bi bucura de farmecul s\u0103u \u00een fiecare zi. Vezi cum se face! <\/p>\n<p> \u00cenainte de a trece la stiluri specifice, merit\u0103 men\u021bionate regulile cheie pentru combinarea culorilor. Rozul \u0219i nuan\u021bele neutre creeaz\u0103 o armonie unic\u0103, dar \u0219i culorile pastelate pot ad\u0103uga prospe\u021bime. Nu uita s\u0103 iei \u00een considerare \u0219i modelele \u0219i texturile, care pot fi un element important al aspectului t\u0103u. Optarea pentru o abordare minimalist\u0103 v\u0103 va permite s\u0103 crea\u021bi un aspect elegant, dar interesant. \u00cen cur\u00e2nd vom analiza mai \u00eendeaproape seturile care se potrivesc cel mai bine cu un sacou roz. <\/p>\n<h2>Principii cheie ale combin\u0103rii culorilor<\/h2>\n<p><img decoding=\"async\" alt=\"Damska stylizacja: r\u00f3\u017cowa marynarka na szarej sukience, w tle biuro z ro\u015blin\u0105 i lamp\u0105.\" src=\"https:\/\/proclim.com.pl\/wp-content\/uploads\/2025\/02\/imagee927c63fd9484aa88639091162debaf3.png\"\/><\/p>\n<p> Un blazer roz este o baz\u0103 excelent\u0103 pentru multe stiluri, iar regulile de combinare a culorilor joac\u0103 un rol cheie \u00een crearea unui aspect coerent. Pentru a combina culorile eficient, merit\u0103 s\u0103 alege\u021bi c\u00e2teva scheme de culori dovedite. Mai jos sunt cele mai importante reguli care te vor ajuta s\u0103 alegi nuan\u021bele potrivite: <\/p>\n<ul>\n<li><strong>Culori neutre:<\/strong> Albul, negrul, griul \u0219i bejul sunt clasice care func\u021bioneaz\u0103 \u00eentotdeauna \u0219i echilibreaz\u0103 intensitatea rozului.<\/li>\n<li><strong>Nuan\u021be pastelate:<\/strong> precum albastru deschis sau ment\u0103, care adaug\u0103 lejeritate \u00eentregului stil.<\/li>\n<li><strong>Evita\u021bi modelele excesiv de agresive:<\/strong> Prea multe modele pot cauza haos, merit\u0103 s\u0103 alege\u021bi \u021bes\u0103turi discrete.<\/li>\n<\/ul>\n<h2>\u021ainute de birou cu un blazer roz<\/h2>\n<p><img decoding=\"async\" alt=\"Siedem kobiet w eleganckich strojach biznesowych rozmawia w jasnym biurze, u\u015bmiechaj\u0105c si\u0119 do siebie.\" src=\"https:\/\/proclim.com.pl\/wp-content\/uploads\/2025\/02\/image87f2b688d9fe47babe0b2155bfa8c177.png\"\/><\/p>\n<p> Merit\u0103 s\u0103 te g\u00e2nde\u0219ti cum s\u0103 asortezi cel mai bine un blazer roz cu alte articole din garderoba ta. Mai jos sunt c\u00e2teva exemple de stiluri care pot fi purtate cu succes la birou. Combin\u00e2nd un sacou roz conform sfaturilor noastre, po\u021bi crea look-uri unice \u0219i profesionale. <\/p>\n<h3>Blazer roz cu pantaloni clasici<\/h3>\n<p> Sacoul roz se potrive\u0219te perfect cu pantalonii clasici, care adaug\u0103 elegan\u021b\u0103. Totu\u0219i, fi\u021bi aten\u021bi la croieli \u2013 cel mai bine este s\u0103 opta\u021bi pentru stiluri simple, atemporale. Aleg\u00e2nd pantaloni negri sau bleumarin, vei ob\u021bine un duo echilibrat. Merit\u0103 s\u0103 adaugi acestui stil o bluz\u0103 alb\u0103, care va \u00eenviora totul \u0219i va ad\u0103uga prospe\u021bime. Po\u021bi completa \u00eentregul look cu tocuri clasice \u00eentr-o culoare neutr\u0103, care vor ad\u0103uga \u0219ic \u021binutei tale. Atunci c\u00e2nd alege\u021bi accesorii, deciziile legate de gen\u021bi \u0219i bijuterii pot avea, de asemenea, un impact semnificativ asupra efectului final. <\/p>\n<h3>Blazer roz cu rochie<\/h3>\n<p> Combina\u021bia dintre o jachet\u0103 roz \u0219i o rochie elegant\u0103 este o alegere perfect\u0103, care se va potrivi \u00een orice situa\u021bie de birou. Alege o rochie \u00een culori discrete, cum ar fi gri sau bleumarin, pentru a face din blazerul roz un accent izbitor. Aceast\u0103 combina\u021bie \u00ee\u021bi va da \u00eencredere \u00een sine \u0219i \u00ee\u021bi va sublinia feminitatea. Completeaz\u0103-\u021bi \u021binuta cu accesorii bine alese, care nu vor cople\u0219i ansamblul. Merit\u0103 s\u0103 lua\u021bi \u00een considerare, de exemplu, cercei minimalisti \u0219i o geant\u0103 elegant\u0103. Datorit\u0103 acestui fapt, ve\u021bi crea un stil armonios care v\u0103 va \u00eenc\u00e2nta. <\/p>\n<table border=\"1\">\n<tr>\n<th>Element de stilizare<\/th>\n<th>Culori recomandate<\/th>\n<\/tr>\n<tr>\n<td>Pantaloni<\/td>\n<td>Negru, albastru marin, gri<\/td>\n<\/tr>\n<tr>\n<td>Rochie<\/td>\n<td>Gri, albastru marin, bej<\/td>\n<\/tr>\n<tr>\n<td>Bijuterii<\/td>\n<td>Argint, auriu, minimalist<\/td>\n<\/tr>\n<\/table>\n<h2>Rezumat<\/h2>\n<p> Un blazer roz este o pies\u0103 vestimentar\u0103 versatil\u0103 ce poate fi \u00eencorporat\u0103 cu succes \u00eentr-o garderob\u0103 de birou. Cu accesoriile potrivite \u0219i combina\u021biile cu diferite culori, vei crea un look nu doar elegant, ci \u0219i interesant. Nu uita s\u0103 nu te temi de experimentele vestimentare care pot da individualitate stilurilor tale. Aleg\u00e2nd pantaloni clasici sau o rochie elegant\u0103, po\u021bi fi sigur\u0103 c\u0103 vei ar\u0103ta \u00eentotdeauna profesional. Nu uita de accesoriile care vor completa \u00eentregul num\u0103r. Crea\u021bi combina\u021bii care nu numai c\u0103 \u00eendeplinesc cerin\u021bele biroului, dar v\u0103 scot \u00een eviden\u021b\u0103 \u0219i personalitatea. <\/p>\n<h2>\u00centreb\u0103ri frecvente<\/h2>\n<ul>\n<li><strong>Ce culori se potrivesc cel mai bine cu un blazer roz?<\/strong> Cel mai bine este s\u0103 \u00eel combini cu culori neutre, cum ar fi alb, negru sau gri. <\/li>\n<li><strong>Este un sacou roz potrivit pentru \u00eent\u00e2lnirile formale?<\/strong> Da, at\u00e2ta timp c\u00e2t \u00eel asort\u0103m cu pantaloni clasici sau o rochie elegant\u0103. <\/li>\n<li><strong>Ce accesorii s\u0103 alegi pentru o jachet\u0103 roz?<\/strong> Cele mai bune alegeri vor fi gen\u021bile de m\u00e2n\u0103 \u00een culori neutre \u0219i bijuteriile delicate. <\/li>\n<li><strong>Pot purta un blazer roz vara?<\/strong> Da, un blazer roz este o alegere excelent\u0103 pentru zilele de var\u0103. Combinat\u0103 cu materiale u\u0219oare va fi confortabil\u0103 \u0219i elegant\u0103. <\/li>\n<\/ul>","protected":false},"excerpt":{"rendered":"<p>W dzisiejszym biurowym \u015bwiecie, gdzie dress code staje si\u0119 coraz bardziej swobodny, r\u00f3\u017cowa marynarka zyskuje uznanie jako istotny element garderoby zawodowej. To nie tylko kawa\u0142ek materia\u0142u, ale prawdziwa manifestacja stylu i osobowo\u015bci. Przy odrobinie kreatywno\u015bci mo\u017cna j\u0105 \u0142atwo wkomponowa\u0107 w r\u00f3\u017cnorodne stylizacje biurowe. Warto jednak wiedzie\u0107, jak w\u0142a\u015bciwie j\u0105 zestawia\u0107, by uzyska\u0107 harmonijny i profesjonalny [&hellip;]<\/p>","protected":false},"author":1,"featured_media":467,"comment_status":"closed","ping_status":"closed","sticky":false,"template":"","format":"standard","meta":{"_acf_changed":false,"footnotes":""},"categories":[1],"tags":[],"class_list":["post-476","post","type-post","status-publish","format-standard","has-post-thumbnail","hentry","category-blog"],"acf":[],"yoast_head":"<!-- This site is optimized with the Yoast SEO plugin v23.2 - https:\/\/yoast.com\/wordpress\/plugins\/seo\/ -->\n<title>Z czym nosi\u0107 r\u00f3\u017cow\u0105 marynark\u0119 w biurze? Stylowe zestawienia i porady<\/title>\n<meta name=\"description\" content=\"Odkryj, jak \u0142\u0105czy\u0107 r\u00f3\u017cow\u0105 marynark\u0119 z innymi elementami garderoby, aby stworzy\u0107 elegancki i profesjonalny look w biurze.\" \/>\n<meta name=\"robots\" content=\"index, follow, max-snippet:-1, max-image-preview:large, max-video-preview:-1\" \/>\n<link rel=\"canonical\" href=\"https:\/\/proclim.com.pl\/ro\/z-czym-nosic-rozowa-marynarke-w-biurze\/\" \/>\n<meta property=\"og:locale\" content=\"ro_RO\" \/>\n<meta property=\"og:type\" content=\"article\" \/>\n<meta property=\"og:title\" content=\"Z czym nosi\u0107 r\u00f3\u017cow\u0105 marynark\u0119 w biurze? Stylowe zestawienia i porady\" \/>\n<meta property=\"og:description\" content=\"Odkryj, jak \u0142\u0105czy\u0107 r\u00f3\u017cow\u0105 marynark\u0119 z innymi elementami garderoby, aby stworzy\u0107 elegancki i profesjonalny look w biurze.\" \/>\n<meta property=\"og:url\" content=\"https:\/\/proclim.com.pl\/ro\/z-czym-nosic-rozowa-marynarke-w-biurze\/\" \/>\n<meta property=\"og:site_name\" content=\"proclim.com.pl\" \/>\n<meta property=\"article:published_time\" content=\"2025-02-16T00:00:00+00:00\" \/>\n<meta property=\"og:image\" content=\"https:\/\/proclim.com.pl\/wp-content\/uploads\/2025\/02\/imagebcb71cc0c57d4a04be3e05ced85dd69a.png\" \/>\n\t<meta property=\"og:image:width\" content=\"1024\" \/>\n\t<meta property=\"og:image:height\" content=\"768\" \/>\n\t<meta property=\"og:image:type\" content=\"image\/png\" \/>\n<meta name=\"author\" content=\"Urszula Jasi\u0144ska\" \/>\n<meta name=\"twitter:card\" content=\"summary_large_image\" \/>\n<meta name=\"twitter:label1\" content=\"Scris de\" \/>\n\t<meta name=\"twitter:data1\" content=\"Urszula Jasi\u0144ska\" \/>\n\t<meta name=\"twitter:label2\" content=\"Timp estimat pentru citire\" \/>\n\t<meta name=\"twitter:data2\" content=\"4 minute\" \/>\n<script type=\"application\/ld+json\" class=\"yoast-schema-graph\">{\"@context\":\"https:\/\/schema.org\",\"@graph\":[{\"@type\":\"WebPage\",\"@id\":\"https:\/\/proclim.com.pl\/z-czym-nosic-rozowa-marynarke-w-biurze\/\",\"url\":\"https:\/\/proclim.com.pl\/z-czym-nosic-rozowa-marynarke-w-biurze\/\",\"name\":\"Z czym nosi\u0107 r\u00f3\u017cow\u0105 marynark\u0119 w biurze? Stylowe zestawienia i porady\",\"isPartOf\":{\"@id\":\"https:\/\/proclim.com.pl\/#website\"},\"primaryImageOfPage\":{\"@id\":\"https:\/\/proclim.com.pl\/z-czym-nosic-rozowa-marynarke-w-biurze\/#primaryimage\"},\"image\":{\"@id\":\"https:\/\/proclim.com.pl\/z-czym-nosic-rozowa-marynarke-w-biurze\/#primaryimage\"},\"thumbnailUrl\":\"https:\/\/proclim.com.pl\/wp-content\/uploads\/2025\/02\/imagebcb71cc0c57d4a04be3e05ced85dd69a.png\",\"datePublished\":\"2025-02-16T00:00:00+00:00\",\"dateModified\":\"2025-02-16T00:00:00+00:00\",\"author\":{\"@id\":\"https:\/\/proclim.com.pl\/#\/schema\/person\/45c676b6550e197bc729f915ffc429e0\"},\"description\":\"Odkryj, jak \u0142\u0105czy\u0107 r\u00f3\u017cow\u0105 marynark\u0119 z innymi elementami garderoby, aby stworzy\u0107 elegancki i profesjonalny look w biurze.\",\"breadcrumb\":{\"@id\":\"https:\/\/proclim.com.pl\/z-czym-nosic-rozowa-marynarke-w-biurze\/#breadcrumb\"},\"inLanguage\":\"ro-RO\",\"potentialAction\":[{\"@type\":\"ReadAction\",\"target\":[\"https:\/\/proclim.com.pl\/z-czym-nosic-rozowa-marynarke-w-biurze\/\"]}]},{\"@type\":\"ImageObject\",\"inLanguage\":\"ro-RO\",\"@id\":\"https:\/\/proclim.com.pl\/z-czym-nosic-rozowa-marynarke-w-biurze\/#primaryimage\",\"url\":\"https:\/\/proclim.com.pl\/wp-content\/uploads\/2025\/02\/imagebcb71cc0c57d4a04be3e05ced85dd69a.png\",\"contentUrl\":\"https:\/\/proclim.com.pl\/wp-content\/uploads\/2025\/02\/imagebcb71cc0c57d4a04be3e05ced85dd69a.png\",\"width\":1024,\"height\":768},{\"@type\":\"BreadcrumbList\",\"@id\":\"https:\/\/proclim.com.pl\/z-czym-nosic-rozowa-marynarke-w-biurze\/#breadcrumb\",\"itemListElement\":[{\"@type\":\"ListItem\",\"position\":1,\"name\":\"Home\",\"item\":\"https:\/\/proclim.com.pl\/\"},{\"@type\":\"ListItem\",\"position\":2,\"name\":\"Z czym nosi\u0107 r\u00f3\u017cow\u0105 marynark\u0119 w biurze?\"}]},{\"@type\":\"WebSite\",\"@id\":\"https:\/\/proclim.com.pl\/#website\",\"url\":\"https:\/\/proclim.com.pl\/\",\"name\":\"proclim.com.pl\",\"description\":\"Organizer na perfumy: porz\u0105dek i styl w jednym miejscu.\",\"potentialAction\":[{\"@type\":\"SearchAction\",\"target\":{\"@type\":\"EntryPoint\",\"urlTemplate\":\"https:\/\/proclim.com.pl\/?s={search_term_string}\"},\"query-input\":\"required name=search_term_string\"}],\"inLanguage\":\"ro-RO\"},{\"@type\":\"Person\",\"@id\":\"https:\/\/proclim.com.pl\/#\/schema\/person\/45c676b6550e197bc729f915ffc429e0\",\"name\":\"Urszula Jasi\u0144ska\",\"image\":{\"@type\":\"ImageObject\",\"inLanguage\":\"ro-RO\",\"@id\":\"https:\/\/proclim.com.pl\/#\/schema\/person\/image\/\",\"url\":\"https:\/\/proclim.com.pl\/wp-content\/uploads\/2025\/02\/jdtygnenjz1_ad_avatar-96x96.jpg\",\"contentUrl\":\"https:\/\/proclim.com.pl\/wp-content\/uploads\/2025\/02\/jdtygnenjz1_ad_avatar-96x96.jpg\",\"caption\":\"Urszula Jasi\u0144ska\"},\"description\":\"Jestem Urszula Jasi\u0144ska, pasjonatka mody z wieloletnim do\u015bwiadczeniem w projektowaniu i stylizacji. Pracowa\u0142am z r\u00f3\u017cnymi markami, a tak\u017ce prowadz\u0119 bloga, na kt\u00f3rym dziel\u0119 si\u0119 swoimi spostrze\u017ceniami. Moim celem jest pomaganie innym w odnalezieniu w\u0142asnego stylu, zach\u0119cam do eksperymentowania z kolorami i krojami.\",\"url\":\"https:\/\/proclim.com.pl\/ro\/author\/urszula-jasinska\/\"}]}<\/script>\n<!-- \/ Yoast SEO plugin. -->","yoast_head_json":{"title":"Z czym nosi\u0107 r\u00f3\u017cow\u0105 marynark\u0119 w biurze? Stylowe zestawienia i porady","description":"Odkryj, jak \u0142\u0105czy\u0107 r\u00f3\u017cow\u0105 marynark\u0119 z innymi elementami garderoby, aby stworzy\u0107 elegancki i profesjonalny look w biurze.","robots":{"index":"index","follow":"follow","max-snippet":"max-snippet:-1","max-image-preview":"max-image-preview:large","max-video-preview":"max-video-preview:-1"},"canonical":"https:\/\/proclim.com.pl\/ro\/z-czym-nosic-rozowa-marynarke-w-biurze\/","og_locale":"ro_RO","og_type":"article","og_title":"Z czym nosi\u0107 r\u00f3\u017cow\u0105 marynark\u0119 w biurze? Stylowe zestawienia i porady","og_description":"Odkryj, jak \u0142\u0105czy\u0107 r\u00f3\u017cow\u0105 marynark\u0119 z innymi elementami garderoby, aby stworzy\u0107 elegancki i profesjonalny look w biurze.","og_url":"https:\/\/proclim.com.pl\/ro\/z-czym-nosic-rozowa-marynarke-w-biurze\/","og_site_name":"proclim.com.pl","article_published_time":"2025-02-16T00:00:00+00:00","og_image":[{"width":1024,"height":768,"url":"https:\/\/proclim.com.pl\/wp-content\/uploads\/2025\/02\/imagebcb71cc0c57d4a04be3e05ced85dd69a.png","type":"image\/png"}],"author":"Urszula Jasi\u0144ska","twitter_card":"summary_large_image","twitter_misc":{"Scris de":"Urszula Jasi\u0144ska","Timp estimat pentru citire":"4 minute"},"schema":{"@context":"https:\/\/schema.org","@graph":[{"@type":"WebPage","@id":"https:\/\/proclim.com.pl\/z-czym-nosic-rozowa-marynarke-w-biurze\/","url":"https:\/\/proclim.com.pl\/z-czym-nosic-rozowa-marynarke-w-biurze\/","name":"Z czym nosi\u0107 r\u00f3\u017cow\u0105 marynark\u0119 w biurze? Stylowe zestawienia i porady","isPartOf":{"@id":"https:\/\/proclim.com.pl\/#website"},"primaryImageOfPage":{"@id":"https:\/\/proclim.com.pl\/z-czym-nosic-rozowa-marynarke-w-biurze\/#primaryimage"},"image":{"@id":"https:\/\/proclim.com.pl\/z-czym-nosic-rozowa-marynarke-w-biurze\/#primaryimage"},"thumbnailUrl":"https:\/\/proclim.com.pl\/wp-content\/uploads\/2025\/02\/imagebcb71cc0c57d4a04be3e05ced85dd69a.png","datePublished":"2025-02-16T00:00:00+00:00","dateModified":"2025-02-16T00:00:00+00:00","author":{"@id":"https:\/\/proclim.com.pl\/#\/schema\/person\/45c676b6550e197bc729f915ffc429e0"},"description":"Odkryj, jak \u0142\u0105czy\u0107 r\u00f3\u017cow\u0105 marynark\u0119 z innymi elementami garderoby, aby stworzy\u0107 elegancki i profesjonalny look w biurze.","breadcrumb":{"@id":"https:\/\/proclim.com.pl\/z-czym-nosic-rozowa-marynarke-w-biurze\/#breadcrumb"},"inLanguage":"ro-RO","potentialAction":[{"@type":"ReadAction","target":["https:\/\/proclim.com.pl\/z-czym-nosic-rozowa-marynarke-w-biurze\/"]}]},{"@type":"ImageObject","inLanguage":"ro-RO","@id":"https:\/\/proclim.com.pl\/z-czym-nosic-rozowa-marynarke-w-biurze\/#primaryimage","url":"https:\/\/proclim.com.pl\/wp-content\/uploads\/2025\/02\/imagebcb71cc0c57d4a04be3e05ced85dd69a.png","contentUrl":"https:\/\/proclim.com.pl\/wp-content\/uploads\/2025\/02\/imagebcb71cc0c57d4a04be3e05ced85dd69a.png","width":1024,"height":768},{"@type":"BreadcrumbList","@id":"https:\/\/proclim.com.pl\/z-czym-nosic-rozowa-marynarke-w-biurze\/#breadcrumb","itemListElement":[{"@type":"ListItem","position":1,"name":"Home","item":"https:\/\/proclim.com.pl\/"},{"@type":"ListItem","position":2,"name":"Z czym nosi\u0107 r\u00f3\u017cow\u0105 marynark\u0119 w biurze?"}]},{"@type":"WebSite","@id":"https:\/\/proclim.com.pl\/#website","url":"https:\/\/proclim.com.pl\/","name":"proclim.com.pl","description":"Organizer na perfumy: porz\u0105dek i styl w jednym miejscu.","potentialAction":[{"@type":"SearchAction","target":{"@type":"EntryPoint","urlTemplate":"https:\/\/proclim.com.pl\/?s={search_term_string}"},"query-input":"required name=search_term_string"}],"inLanguage":"ro-RO"},{"@type":"Person","@id":"https:\/\/proclim.com.pl\/#\/schema\/person\/45c676b6550e197bc729f915ffc429e0","name":"Urszula Jasi\u0144ska","image":{"@type":"ImageObject","inLanguage":"ro-RO","@id":"https:\/\/proclim.com.pl\/#\/schema\/person\/image\/","url":"https:\/\/proclim.com.pl\/wp-content\/uploads\/2025\/02\/jdtygnenjz1_ad_avatar-96x96.jpg","contentUrl":"https:\/\/proclim.com.pl\/wp-content\/uploads\/2025\/02\/jdtygnenjz1_ad_avatar-96x96.jpg","caption":"Urszula Jasi\u0144ska"},"description":"Jestem Urszula Jasi\u0144ska, pasjonatka mody z wieloletnim do\u015bwiadczeniem w projektowaniu i stylizacji. Pracowa\u0142am z r\u00f3\u017cnymi markami, a tak\u017ce prowadz\u0119 bloga, na kt\u00f3rym dziel\u0119 si\u0119 swoimi spostrze\u017ceniami. Moim celem jest pomaganie innym w odnalezieniu w\u0142asnego stylu, zach\u0119cam do eksperymentowania z kolorami i krojami.","url":"https:\/\/proclim.com.pl\/ro\/author\/urszula-jasinska\/"}]}},"yoast_meta":{"yoast_wpseo_title":"","yoast_wpseo_metadesc":"","yoast_wpseo_canonical":"https:\/\/proclim.com.pl\/ro\/wp-json\/wp\/v2\/posts\/476"},"_links":{"self":[{"href":"https:\/\/proclim.com.pl\/ro\/wp-json\/wp\/v2\/posts\/476"}],"collection":[{"href":"https:\/\/proclim.com.pl\/ro\/wp-json\/wp\/v2\/posts"}],"about":[{"href":"https:\/\/proclim.com.pl\/ro\/wp-json\/wp\/v2\/types\/post"}],"author":[{"embeddable":true,"href":"https:\/\/proclim.com.pl\/ro\/wp-json\/wp\/v2\/users\/1"}],"replies":[{"embeddable":true,"href":"https:\/\/proclim.com.pl\/ro\/wp-json\/wp\/v2\/comments?post=476"}],"version-history":[{"count":0,"href":"https:\/\/proclim.com.pl\/ro\/wp-json\/wp\/v2\/posts\/476\/revisions"}],"wp:featuredmedia":[{"embeddable":true,"href":"https:\/\/proclim.com.pl\/ro\/wp-json\/wp\/v2\/media\/467"}],"wp:attachment":[{"href":"https:\/\/proclim.com.pl\/ro\/wp-json\/wp\/v2\/media?parent=476"}],"wp:term":[{"taxonomy":"category","embeddable":true,"href":"https:\/\/proclim.com.pl\/ro\/wp-json\/wp\/v2\/categories?post=476"},{"taxonomy":"post_tag","embeddable":true,"href":"https:\/\/proclim.com.pl\/ro\/wp-json\/wp\/v2\/tags?post=476"}],"curies":[{"name":"wp","href":"https:\/\/api.w.org\/{rel}","templated":true}]}}