{"id":461,"date":"2025-02-23T00:00:00","date_gmt":"2025-02-23T00:00:00","guid":{"rendered":"https:\/\/proclim.com.pl\/?p=461"},"modified":"2025-02-23T00:00:00","modified_gmt":"2025-02-23T00:00:00","slug":"w-jaki-sposob-figura-klepsydra-wplywa-na-dobor-ubran","status":"publish","type":"post","link":"https:\/\/proclim.com.pl\/ro\/w-jaki-sposob-figura-klepsydra-wplywa-na-dobor-ubran\/","title":{"rendered":"Cum \u00ee\u021bi afecteaz\u0103 silueta de clepsidr\u0103 alegerea hainelor?"},"content":{"rendered":"<div class=\"kk-star-ratings kksr-auto kksr-align-left kksr-valign-top\"\n    data-payload='{&quot;align&quot;:&quot;left&quot;,&quot;id&quot;:&quot;461&quot;,&quot;slug&quot;:&quot;default&quot;,&quot;valign&quot;:&quot;top&quot;,&quot;ignore&quot;:&quot;&quot;,&quot;reference&quot;:&quot;auto&quot;,&quot;class&quot;:&quot;&quot;,&quot;count&quot;:&quot;0&quot;,&quot;legendonly&quot;:&quot;&quot;,&quot;readonly&quot;:&quot;&quot;,&quot;score&quot;:&quot;0&quot;,&quot;starsonly&quot;:&quot;&quot;,&quot;best&quot;:&quot;5&quot;,&quot;gap&quot;:&quot;5&quot;,&quot;greet&quot;:&quot;&quot;,&quot;legend&quot;:&quot;0\\\/5 - (0 votes)&quot;,&quot;size&quot;:&quot;24&quot;,&quot;title&quot;:&quot;W jaki spos\u00f3b figura klepsydra wp\u0142ywa na dob\u00f3r ubra\u0144?&quot;,&quot;width&quot;:&quot;0&quot;,&quot;_legend&quot;:&quot;{score}\\\/{best} - ({count} {votes})&quot;,&quot;font_factor&quot;:&quot;1.25&quot;}'>\n            \n<div class=\"kksr-stars\">\n    \n<div class=\"kksr-stars-inactive\">\n            <div class=\"kksr-star\" data-star=\"1\" style=\"padding-right: 5px\">\n            \n\n<div class=\"kksr-icon\" style=\"width: 24px; height: 24px;\"><\/div>\n        <\/div>\n            <div class=\"kksr-star\" data-star=\"2\" style=\"padding-right: 5px\">\n            \n\n<div class=\"kksr-icon\" style=\"width: 24px; height: 24px;\"><\/div>\n        <\/div>\n            <div class=\"kksr-star\" data-star=\"3\" style=\"padding-right: 5px\">\n            \n\n<div class=\"kksr-icon\" style=\"width: 24px; height: 24px;\"><\/div>\n        <\/div>\n            <div class=\"kksr-star\" data-star=\"4\" style=\"padding-right: 5px\">\n            \n\n<div class=\"kksr-icon\" style=\"width: 24px; height: 24px;\"><\/div>\n        <\/div>\n            <div class=\"kksr-star\" data-star=\"5\" style=\"padding-right: 5px\">\n            \n\n<div class=\"kksr-icon\" style=\"width: 24px; height: 24px;\"><\/div>\n        <\/div>\n    <\/div>\n    \n<div class=\"kksr-stars-active\" style=\"width: 0px;\">\n            <div class=\"kksr-star\" style=\"padding-right: 5px\">\n            \n\n<div class=\"kksr-icon\" style=\"width: 24px; height: 24px;\"><\/div>\n        <\/div>\n            <div class=\"kksr-star\" style=\"padding-right: 5px\">\n            \n\n<div class=\"kksr-icon\" style=\"width: 24px; height: 24px;\"><\/div>\n        <\/div>\n            <div class=\"kksr-star\" style=\"padding-right: 5px\">\n            \n\n<div class=\"kksr-icon\" style=\"width: 24px; height: 24px;\"><\/div>\n        <\/div>\n            <div class=\"kksr-star\" style=\"padding-right: 5px\">\n            \n\n<div class=\"kksr-icon\" style=\"width: 24px; height: 24px;\"><\/div>\n        <\/div>\n            <div class=\"kksr-star\" style=\"padding-right: 5px\">\n            \n\n<div class=\"kksr-icon\" style=\"width: 24px; height: 24px;\"><\/div>\n        <\/div>\n    <\/div>\n<\/div>\n                \n\n<div class=\"kksr-legend\" style=\"font-size: 19.2px;\">\n            <span class=\"kksr-muted\"><\/span>\n    <\/div>\n    <\/div>\n<p>Postura \u0219i silueta joac\u0103 un rol crucial \u00een via\u021ba noastr\u0103 de zi cu zi, influen\u021b\u00e2nd modul \u00een care ne sim\u021bim \u0219i cum ne percep ceilal\u021bi. Persoanele cu o siluet\u0103 de clepsidr\u0103, cu o talie distinct\u0103, se simt adesea mai \u00eencrez\u0103toare \u00een hainele lor dec\u00e2t cele care se lupt\u0103 s\u0103 ob\u021bin\u0103 o potrivire bun\u0103. Prin urmare, \u00een\u021belegerea formei corpului t\u0103u \u0219i cunoa\u0219terea modului de a-\u021bi alege hainele pot duce la o mai bun\u0103 exprimare de sine. \u00cen acest articol, vom analiza cum silueta de clepsidr\u0103 \u00ee\u021bi afecteaz\u0103 alegerea hainelor. Pe m\u0103sur\u0103 ce explorezi diferite aspecte ale acestei siluete, cuno\u0219tin\u021bele despre culori, modele \u0219i accesorii vor fi utile. Vom analiza, de asemenea, modul \u00een care diferite ocazii influen\u021beaz\u0103 alegerile \u00een materie de garderob\u0103.<\/p>\n<h2>Ce este o figur\u0103 de clepsidr\u0103?<\/h2>\n<p><img decoding=\"async\" alt=\"Grupa o\u015bmiu kobiet w modnych strojach, u\u015bmiechaj\u0105cych si\u0119 i stoj\u0105cych w parku w s\u0142oneczny dzie\u0144.\" src=\"https:\/\/proclim.com.pl\/wp-content\/uploads\/2025\/02\/imagece57b1480adb488388d1e4a8b76600d9.png\"\/><\/p>\n<p>Figura de clepsidr\u0103 este una dintre cele mai r\u00e2vnite forme ale corpului. Se caracterizeaz\u0103 printr-o talie clar definit\u0103 \u0219i un bust \u0219i \u0219olduri propor\u021bionate. Persoanele cu aceast\u0103 form\u0103 a corpului sunt adesea percepute ca fiind mai feminine \u0219i mai atractive. Totu\u0219i, merit\u0103 s\u0103 ne amintim c\u0103, indiferent de form\u0103, fiecare siluet\u0103 are propria frumuse\u021be unic\u0103. Cheia pentru a ar\u0103ta bine este acceptarea propriului corp \u0219i capacitatea de a-i eviden\u021bia avantajele. De aceea este important s\u0103 \u00een\u021belegem ce stiluri vestimentare se vor potrivi cel mai bine unei siluete de clepsidr\u0103.<\/p>\n<h2>Caracteristici cheie ale figurinei clepsidr\u0103<\/h2>\n<p><img decoding=\"async\" alt=\"Stylowe manekiny w odzie\u017cy: bia\u0142a bluzka z naszyjnikiem, br\u0105zowy pasek oraz pomara\u0144czowa marynarka.\" src=\"https:\/\/proclim.com.pl\/wp-content\/uploads\/2025\/02\/imaged6dcf4c33b2c483a99ba5b7900b5c22c.png\"\/><\/p>\n<p>Figura de clepsidr\u0103 poate fi descris\u0103 prin c\u00e2teva caracteristici importante care influen\u021beaz\u0103 alegerea hainelor potrivite. Mai jos le prezent\u0103m pe cele mai importante dintre ele:<\/p>\n<ul>\n<li>O talie care merit\u0103 subliniat\u0103 \u00een stilizare.<\/li>\n<li>Propor\u021bionalitatea umerilor \u0219i \u0219oldurilor, ceea ce ofer\u0103 o mare flexibilitate \u00een stilizare.<\/li>\n<li>\u0218olduri natural bine modelate, care pot fi accentuate cu stiluri potrivite.<\/li>\n<\/ul>\n<h2>Cum afecteaz\u0103 codul vestimentar persoanele cu o siluet\u0103 de clepsidr\u0103?<\/h2>\n<p>Con\u0219tientizarea formei corpului t\u0103u este esen\u021bial\u0103 pentru alegerea hainelor potrivite. \u00cen cazul figurii de clepsidr\u0103, merit\u0103 s\u0103 acorda\u021bi aten\u021bie diverselor aspecte ale codului vestimentar. Pentru \u021binutele de zi cu zi, po\u021bi alege haine care s\u0103-\u021bi pun\u0103 \u00een valoare silueta, \u00een timp ce pentru evenimentele formale se recomand\u0103 solu\u021bii mai elegante. Alegerea hainelor trebuie atent g\u00e2ndit\u0103 pentru a scoate \u00een eviden\u021b\u0103 frumuse\u021bea formelor naturale. Indiferent de importan\u021ba evenimentului, este important ca hainele s\u0103 se potriveasc\u0103 bine.<\/p>\n<p><strong>Stiluri de zi cu zi:<\/strong><\/p>\n<ul>\n<li>Bluze largi cu curea \u00een talie<\/li>\n<li>Fuste creion care accentueaz\u0103 \u0219oldurile<\/li>\n<li>Stiluri de rochii care accentueaz\u0103 talia<\/li>\n<\/ul>\n<p><strong>Stiluri pentru ocazii speciale:<\/strong><\/p>\n<ul>\n<li>Rochii \u00eenf\u0103\u0219urate care accentueaz\u0103 talia<\/li>\n<li>Costume cu talie elastic\u0103 care \u00ee\u021bi ofer\u0103 un aspect elegant<\/li>\n<li>Rochii maxi care adaug\u0103 \u0219ic feminin<\/li>\n<\/ul>\n<h2>Culori \u0219i modele potrivite pentru silueta de clepsidr\u0103<\/h2>\n<p>Alegerea culorilor \u0219i modelelor potrivite joac\u0103 un rol cheie \u00een accentuarea siluetei de clepsidr\u0103. O palet\u0103 de culori bine aleas\u0103 poate influen\u021ba modul \u00een care ne percepem pe noi \u00een\u0219ine \u0219i modul \u00een care suntem percepu\u021bi de ceilal\u021bi. Persoanele cu acest tip de corp pot purta at\u00e2t culori deschise, c\u00e2t \u0219i culori \u00eenchise, \u00een func\u021bie de ocazie \u0219i preferin\u021be personale. Culorile ar trebui selectate pentru a eviden\u021bia punctele forte ale siluetei \u0219i a distrage aten\u021bia de la neajunsurile acesteia. Modelele sunt foarte importante \u2013 dac\u0103 sunt alese corect, pot alungi optic silueta \u0219i \u00eei pot ad\u0103uga lejeritate.<\/p>\n<table border=\"1\">\n<tr>\n<th>Tip de culoare<\/th>\n<th>Cum \u00ee\u021bi afecteaz\u0103 silueta?<\/th>\n<\/tr>\n<tr>\n<td>Luminos<\/td>\n<td>\u00ce\u021bi poate scoate \u00een eviden\u021b\u0103 atuurile, dar \u0219i \u00ee\u021bi poate l\u0103rgi silueta.<\/td>\n<\/tr>\n<tr>\n<td>\u00centuneric<\/td>\n<td>Sub\u021biaz\u0103 optic silueta \u0219i adaug\u0103 elegan\u021b\u0103.<\/td>\n<\/tr>\n<tr>\n<td>Modele<\/td>\n<td>Dac\u0103 sunt bine alese, pot alungi silueta \u0219i pot ad\u0103uga caracter.<\/td>\n<\/tr>\n<\/table>\n<h2>Accesorii care \u00ee\u021bi vor completa stilul<\/h2>\n<p>Accesoriile bune sunt esen\u021biale pentru a-\u021bi completa stilul. Accesoriile atent selectate pot eviden\u021bia avantajele siluetei \u0219i pot ad\u0103uga caracter \u00eentregului look. O curea \u00een talie este o modalitate excelent\u0103 de a accentua curba caracteristic\u0103 unei siluete de clepsidr\u0103. Bijuteriile potrivite pot, de asemenea, ad\u0103uga elegan\u021b\u0103 \u0219i pot concentra aten\u021bia asupra atuurilor siluetei. Este crucial ca achizi\u021biile de accesorii s\u0103 fie bine g\u00e2ndite \u0219i s\u0103 se armonizeze cu stilul general. De asemenea, merit\u0103 s\u0103 \u021bii cont de caracterul practic \u0219i confort pentru a te sim\u021bi bine \u00een fiecare articol selectat.<\/p>\n<h2>Rezumat<\/h2>\n<p>Alegerea hainelor pentru o siluet\u0103 de clepsidr\u0103 necesit\u0103 cunoa\u0219terea punctelor tale forte \u0219i capacitatea de a le scoate \u00een eviden\u021b\u0103 cu haine, culori \u0219i accesorii potrivite. \u00cen\u021belegerea cerin\u021belor fiec\u0103rei ocazii \u0219i a activit\u0103\u021bilor zilnice te va ajuta s\u0103-\u021bi alegi stilul eficient. Folosirea croielilor \u0219i accesoriilor potrivite nu numai c\u0103 \u00ee\u021bi cre\u0219te \u00eencrederea \u00een sine, dar te face \u0219i s\u0103 te sim\u021bi confortabil. Cheia succesului const\u0103 \u00een acceptarea corpului t\u0103u \u0219i apoi \u00een conceperea cu \u00een\u021belepciune a stilului t\u0103u pentru a reflecta mai bine personalitatea \u0219i individualitatea ta.<\/p>\n<h2>\u00centreb\u0103ri frecvente<\/h2>\n<ul>\n<li><strong>Care sunt caracteristicile cheie ale figurii clepsidrei?<\/strong> Figura de clepsidr\u0103 este caracterizat\u0103 de o talie clar definit\u0103 \u0219i umeri \u0219i \u0219olduri propor\u021bionate.<\/li>\n<li><strong>Ce haine sunt cele mai potrivite pentru o siluet\u0103 de clepsidr\u0103?<\/strong> Rochii cu talie mulat\u0103, fuste creion \u0219i bluze care accentueaz\u0103 silueta.<\/li>\n<li><strong>Ce culori s\u0103 alegi pentru o siluet\u0103 de clepsidr\u0103?<\/strong> Pute\u021bi alege at\u00e2t culori deschise, c\u00e2t \u0219i culori \u00eenchise, \u00een func\u021bie de ocazie.<\/li>\n<li><strong>Conteaz\u0103 tiparele?<\/strong> Da, modelele selectate corespunz\u0103tor pot alungi optic silueta \u0219i pot eviden\u021bia avantajele acesteia.<\/li>\n<li><strong>Ce accesorii pot fi folosite?<\/strong> O curea \u00een talie \u0219i bijuterii elegante care vor ad\u0103uga clas\u0103 stilului t\u0103u.<\/li>\n<\/ul>","protected":false},"excerpt":{"rendered":"<p>Postawa i sylwetka odgrywaj\u0105 kluczow\u0105 rol\u0119 w naszym \u017cyciu codziennym, wp\u0142ywaj\u0105c na to, jak si\u0119 czujemy i jak nas postrzegaj\u0105 inni. Osoby o figurze klepsydra, z charakterystycznym wci\u0119ciem w talii, cz\u0119sto czuj\u0105 si\u0119 bardziej pewnie w swoich ubraniach ni\u017c te, kt\u00f3re borykaj\u0105 si\u0119 z problemem dobrego dopasowania. W zwi\u0105zku z tym zrozumienie swojego kszta\u0142tu cia\u0142a [&hellip;]<\/p>","protected":false},"author":1,"featured_media":415,"comment_status":"closed","ping_status":"closed","sticky":false,"template":"","format":"standard","meta":{"_acf_changed":false,"footnotes":""},"categories":[1],"tags":[],"class_list":["post-461","post","type-post","status-publish","format-standard","has-post-thumbnail","hentry","category-blog"],"acf":[],"yoast_head":"<!-- This site is optimized with the Yoast SEO plugin v23.2 - https:\/\/yoast.com\/wordpress\/plugins\/seo\/ -->\n<title>Jak figura klepsydra wp\u0142ywa na dob\u00f3r ubra\u0144? Przewodnik po stylizacji<\/title>\n<meta name=\"description\" content=\"Odkryj, jak figura klepsydra wp\u0142ywa na wyb\u00f3r ubra\u0144. Dowiedz si\u0119, jakie kroje, kolory i akcesoria najlepiej podkre\u015blaj\u0105 t\u0119 sylwetk\u0119.\" \/>\n<meta name=\"robots\" content=\"index, follow, max-snippet:-1, max-image-preview:large, max-video-preview:-1\" \/>\n<link rel=\"canonical\" href=\"https:\/\/proclim.com.pl\/ro\/w-jaki-sposob-figura-klepsydra-wplywa-na-dobor-ubran\/\" \/>\n<meta property=\"og:locale\" content=\"ro_RO\" \/>\n<meta property=\"og:type\" content=\"article\" \/>\n<meta property=\"og:title\" content=\"Jak figura klepsydra wp\u0142ywa na dob\u00f3r ubra\u0144? Przewodnik po stylizacji\" \/>\n<meta property=\"og:description\" content=\"Odkryj, jak figura klepsydra wp\u0142ywa na wyb\u00f3r ubra\u0144. Dowiedz si\u0119, jakie kroje, kolory i akcesoria najlepiej podkre\u015blaj\u0105 t\u0119 sylwetk\u0119.\" \/>\n<meta property=\"og:url\" content=\"https:\/\/proclim.com.pl\/ro\/w-jaki-sposob-figura-klepsydra-wplywa-na-dobor-ubran\/\" \/>\n<meta property=\"og:site_name\" content=\"proclim.com.pl\" \/>\n<meta property=\"article:published_time\" content=\"2025-02-23T00:00:00+00:00\" \/>\n<meta property=\"og:image\" content=\"https:\/\/proclim.com.pl\/wp-content\/uploads\/2025\/02\/image42b3947f58f144989fc312144c802799.png\" \/>\n\t<meta property=\"og:image:width\" content=\"1024\" \/>\n\t<meta property=\"og:image:height\" content=\"768\" \/>\n\t<meta property=\"og:image:type\" content=\"image\/png\" \/>\n<meta name=\"author\" content=\"Urszula Jasi\u0144ska\" \/>\n<meta name=\"twitter:card\" content=\"summary_large_image\" \/>\n<meta name=\"twitter:label1\" content=\"Scris de\" \/>\n\t<meta name=\"twitter:data1\" content=\"Urszula Jasi\u0144ska\" \/>\n\t<meta name=\"twitter:label2\" content=\"Timp estimat pentru citire\" \/>\n\t<meta name=\"twitter:data2\" content=\"4 minute\" \/>\n<script type=\"application\/ld+json\" class=\"yoast-schema-graph\">{\"@context\":\"https:\/\/schema.org\",\"@graph\":[{\"@type\":\"WebPage\",\"@id\":\"https:\/\/proclim.com.pl\/w-jaki-sposob-figura-klepsydra-wplywa-na-dobor-ubran\/\",\"url\":\"https:\/\/proclim.com.pl\/w-jaki-sposob-figura-klepsydra-wplywa-na-dobor-ubran\/\",\"name\":\"Jak figura klepsydra wp\u0142ywa na dob\u00f3r ubra\u0144? Przewodnik po stylizacji\",\"isPartOf\":{\"@id\":\"https:\/\/proclim.com.pl\/#website\"},\"primaryImageOfPage\":{\"@id\":\"https:\/\/proclim.com.pl\/w-jaki-sposob-figura-klepsydra-wplywa-na-dobor-ubran\/#primaryimage\"},\"image\":{\"@id\":\"https:\/\/proclim.com.pl\/w-jaki-sposob-figura-klepsydra-wplywa-na-dobor-ubran\/#primaryimage\"},\"thumbnailUrl\":\"https:\/\/proclim.com.pl\/wp-content\/uploads\/2025\/02\/image42b3947f58f144989fc312144c802799.png\",\"datePublished\":\"2025-02-23T00:00:00+00:00\",\"dateModified\":\"2025-02-23T00:00:00+00:00\",\"author\":{\"@id\":\"https:\/\/proclim.com.pl\/#\/schema\/person\/45c676b6550e197bc729f915ffc429e0\"},\"description\":\"Odkryj, jak figura klepsydra wp\u0142ywa na wyb\u00f3r ubra\u0144. Dowiedz si\u0119, jakie kroje, kolory i akcesoria najlepiej podkre\u015blaj\u0105 t\u0119 sylwetk\u0119.\",\"breadcrumb\":{\"@id\":\"https:\/\/proclim.com.pl\/w-jaki-sposob-figura-klepsydra-wplywa-na-dobor-ubran\/#breadcrumb\"},\"inLanguage\":\"ro-RO\",\"potentialAction\":[{\"@type\":\"ReadAction\",\"target\":[\"https:\/\/proclim.com.pl\/w-jaki-sposob-figura-klepsydra-wplywa-na-dobor-ubran\/\"]}]},{\"@type\":\"ImageObject\",\"inLanguage\":\"ro-RO\",\"@id\":\"https:\/\/proclim.com.pl\/w-jaki-sposob-figura-klepsydra-wplywa-na-dobor-ubran\/#primaryimage\",\"url\":\"https:\/\/proclim.com.pl\/wp-content\/uploads\/2025\/02\/image42b3947f58f144989fc312144c802799.png\",\"contentUrl\":\"https:\/\/proclim.com.pl\/wp-content\/uploads\/2025\/02\/image42b3947f58f144989fc312144c802799.png\",\"width\":1024,\"height\":768},{\"@type\":\"BreadcrumbList\",\"@id\":\"https:\/\/proclim.com.pl\/w-jaki-sposob-figura-klepsydra-wplywa-na-dobor-ubran\/#breadcrumb\",\"itemListElement\":[{\"@type\":\"ListItem\",\"position\":1,\"name\":\"Home\",\"item\":\"https:\/\/proclim.com.pl\/\"},{\"@type\":\"ListItem\",\"position\":2,\"name\":\"W jaki spos\u00f3b figura klepsydra wp\u0142ywa na dob\u00f3r ubra\u0144?\"}]},{\"@type\":\"WebSite\",\"@id\":\"https:\/\/proclim.com.pl\/#website\",\"url\":\"https:\/\/proclim.com.pl\/\",\"name\":\"proclim.com.pl\",\"description\":\"Organizer na perfumy: porz\u0105dek i styl w jednym miejscu.\",\"potentialAction\":[{\"@type\":\"SearchAction\",\"target\":{\"@type\":\"EntryPoint\",\"urlTemplate\":\"https:\/\/proclim.com.pl\/?s={search_term_string}\"},\"query-input\":\"required name=search_term_string\"}],\"inLanguage\":\"ro-RO\"},{\"@type\":\"Person\",\"@id\":\"https:\/\/proclim.com.pl\/#\/schema\/person\/45c676b6550e197bc729f915ffc429e0\",\"name\":\"Urszula Jasi\u0144ska\",\"image\":{\"@type\":\"ImageObject\",\"inLanguage\":\"ro-RO\",\"@id\":\"https:\/\/proclim.com.pl\/#\/schema\/person\/image\/\",\"url\":\"https:\/\/proclim.com.pl\/wp-content\/uploads\/2025\/02\/jdtygnenjz1_ad_avatar-96x96.jpg\",\"contentUrl\":\"https:\/\/proclim.com.pl\/wp-content\/uploads\/2025\/02\/jdtygnenjz1_ad_avatar-96x96.jpg\",\"caption\":\"Urszula Jasi\u0144ska\"},\"description\":\"Jestem Urszula Jasi\u0144ska, pasjonatka mody z wieloletnim do\u015bwiadczeniem w projektowaniu i stylizacji. Pracowa\u0142am z r\u00f3\u017cnymi markami, a tak\u017ce prowadz\u0119 bloga, na kt\u00f3rym dziel\u0119 si\u0119 swoimi spostrze\u017ceniami. Moim celem jest pomaganie innym w odnalezieniu w\u0142asnego stylu, zach\u0119cam do eksperymentowania z kolorami i krojami.\",\"url\":\"https:\/\/proclim.com.pl\/ro\/author\/urszula-jasinska\/\"}]}<\/script>\n<!-- \/ Yoast SEO plugin. -->","yoast_head_json":{"title":"Jak figura klepsydra wp\u0142ywa na dob\u00f3r ubra\u0144? Przewodnik po stylizacji","description":"Odkryj, jak figura klepsydra wp\u0142ywa na wyb\u00f3r ubra\u0144. Dowiedz si\u0119, jakie kroje, kolory i akcesoria najlepiej podkre\u015blaj\u0105 t\u0119 sylwetk\u0119.","robots":{"index":"index","follow":"follow","max-snippet":"max-snippet:-1","max-image-preview":"max-image-preview:large","max-video-preview":"max-video-preview:-1"},"canonical":"https:\/\/proclim.com.pl\/ro\/w-jaki-sposob-figura-klepsydra-wplywa-na-dobor-ubran\/","og_locale":"ro_RO","og_type":"article","og_title":"Jak figura klepsydra wp\u0142ywa na dob\u00f3r ubra\u0144? Przewodnik po stylizacji","og_description":"Odkryj, jak figura klepsydra wp\u0142ywa na wyb\u00f3r ubra\u0144. Dowiedz si\u0119, jakie kroje, kolory i akcesoria najlepiej podkre\u015blaj\u0105 t\u0119 sylwetk\u0119.","og_url":"https:\/\/proclim.com.pl\/ro\/w-jaki-sposob-figura-klepsydra-wplywa-na-dobor-ubran\/","og_site_name":"proclim.com.pl","article_published_time":"2025-02-23T00:00:00+00:00","og_image":[{"width":1024,"height":768,"url":"https:\/\/proclim.com.pl\/wp-content\/uploads\/2025\/02\/image42b3947f58f144989fc312144c802799.png","type":"image\/png"}],"author":"Urszula Jasi\u0144ska","twitter_card":"summary_large_image","twitter_misc":{"Scris de":"Urszula Jasi\u0144ska","Timp estimat pentru citire":"4 minute"},"schema":{"@context":"https:\/\/schema.org","@graph":[{"@type":"WebPage","@id":"https:\/\/proclim.com.pl\/w-jaki-sposob-figura-klepsydra-wplywa-na-dobor-ubran\/","url":"https:\/\/proclim.com.pl\/w-jaki-sposob-figura-klepsydra-wplywa-na-dobor-ubran\/","name":"Jak figura klepsydra wp\u0142ywa na dob\u00f3r ubra\u0144? Przewodnik po stylizacji","isPartOf":{"@id":"https:\/\/proclim.com.pl\/#website"},"primaryImageOfPage":{"@id":"https:\/\/proclim.com.pl\/w-jaki-sposob-figura-klepsydra-wplywa-na-dobor-ubran\/#primaryimage"},"image":{"@id":"https:\/\/proclim.com.pl\/w-jaki-sposob-figura-klepsydra-wplywa-na-dobor-ubran\/#primaryimage"},"thumbnailUrl":"https:\/\/proclim.com.pl\/wp-content\/uploads\/2025\/02\/image42b3947f58f144989fc312144c802799.png","datePublished":"2025-02-23T00:00:00+00:00","dateModified":"2025-02-23T00:00:00+00:00","author":{"@id":"https:\/\/proclim.com.pl\/#\/schema\/person\/45c676b6550e197bc729f915ffc429e0"},"description":"Odkryj, jak figura klepsydra wp\u0142ywa na wyb\u00f3r ubra\u0144. Dowiedz si\u0119, jakie kroje, kolory i akcesoria najlepiej podkre\u015blaj\u0105 t\u0119 sylwetk\u0119.","breadcrumb":{"@id":"https:\/\/proclim.com.pl\/w-jaki-sposob-figura-klepsydra-wplywa-na-dobor-ubran\/#breadcrumb"},"inLanguage":"ro-RO","potentialAction":[{"@type":"ReadAction","target":["https:\/\/proclim.com.pl\/w-jaki-sposob-figura-klepsydra-wplywa-na-dobor-ubran\/"]}]},{"@type":"ImageObject","inLanguage":"ro-RO","@id":"https:\/\/proclim.com.pl\/w-jaki-sposob-figura-klepsydra-wplywa-na-dobor-ubran\/#primaryimage","url":"https:\/\/proclim.com.pl\/wp-content\/uploads\/2025\/02\/image42b3947f58f144989fc312144c802799.png","contentUrl":"https:\/\/proclim.com.pl\/wp-content\/uploads\/2025\/02\/image42b3947f58f144989fc312144c802799.png","width":1024,"height":768},{"@type":"BreadcrumbList","@id":"https:\/\/proclim.com.pl\/w-jaki-sposob-figura-klepsydra-wplywa-na-dobor-ubran\/#breadcrumb","itemListElement":[{"@type":"ListItem","position":1,"name":"Home","item":"https:\/\/proclim.com.pl\/"},{"@type":"ListItem","position":2,"name":"W jaki spos\u00f3b figura klepsydra wp\u0142ywa na dob\u00f3r ubra\u0144?"}]},{"@type":"WebSite","@id":"https:\/\/proclim.com.pl\/#website","url":"https:\/\/proclim.com.pl\/","name":"proclim.com.pl","description":"Organizer na perfumy: porz\u0105dek i styl w jednym miejscu.","potentialAction":[{"@type":"SearchAction","target":{"@type":"EntryPoint","urlTemplate":"https:\/\/proclim.com.pl\/?s={search_term_string}"},"query-input":"required name=search_term_string"}],"inLanguage":"ro-RO"},{"@type":"Person","@id":"https:\/\/proclim.com.pl\/#\/schema\/person\/45c676b6550e197bc729f915ffc429e0","name":"Urszula Jasi\u0144ska","image":{"@type":"ImageObject","inLanguage":"ro-RO","@id":"https:\/\/proclim.com.pl\/#\/schema\/person\/image\/","url":"https:\/\/proclim.com.pl\/wp-content\/uploads\/2025\/02\/jdtygnenjz1_ad_avatar-96x96.jpg","contentUrl":"https:\/\/proclim.com.pl\/wp-content\/uploads\/2025\/02\/jdtygnenjz1_ad_avatar-96x96.jpg","caption":"Urszula Jasi\u0144ska"},"description":"Jestem Urszula Jasi\u0144ska, pasjonatka mody z wieloletnim do\u015bwiadczeniem w projektowaniu i stylizacji. Pracowa\u0142am z r\u00f3\u017cnymi markami, a tak\u017ce prowadz\u0119 bloga, na kt\u00f3rym dziel\u0119 si\u0119 swoimi spostrze\u017ceniami. Moim celem jest pomaganie innym w odnalezieniu w\u0142asnego stylu, zach\u0119cam do eksperymentowania z kolorami i krojami.","url":"https:\/\/proclim.com.pl\/ro\/author\/urszula-jasinska\/"}]}},"yoast_meta":{"yoast_wpseo_title":"","yoast_wpseo_metadesc":"","yoast_wpseo_canonical":"https:\/\/proclim.com.pl\/ro\/wp-json\/wp\/v2\/posts\/461"},"_links":{"self":[{"href":"https:\/\/proclim.com.pl\/ro\/wp-json\/wp\/v2\/posts\/461"}],"collection":[{"href":"https:\/\/proclim.com.pl\/ro\/wp-json\/wp\/v2\/posts"}],"about":[{"href":"https:\/\/proclim.com.pl\/ro\/wp-json\/wp\/v2\/types\/post"}],"author":[{"embeddable":true,"href":"https:\/\/proclim.com.pl\/ro\/wp-json\/wp\/v2\/users\/1"}],"replies":[{"embeddable":true,"href":"https:\/\/proclim.com.pl\/ro\/wp-json\/wp\/v2\/comments?post=461"}],"version-history":[{"count":1,"href":"https:\/\/proclim.com.pl\/ro\/wp-json\/wp\/v2\/posts\/461\/revisions"}],"predecessor-version":[{"id":482,"href":"https:\/\/proclim.com.pl\/ro\/wp-json\/wp\/v2\/posts\/461\/revisions\/482"}],"wp:featuredmedia":[{"embeddable":true,"href":"https:\/\/proclim.com.pl\/ro\/wp-json\/wp\/v2\/media\/415"}],"wp:attachment":[{"href":"https:\/\/proclim.com.pl\/ro\/wp-json\/wp\/v2\/media?parent=461"}],"wp:term":[{"taxonomy":"category","embeddable":true,"href":"https:\/\/proclim.com.pl\/ro\/wp-json\/wp\/v2\/categories?post=461"},{"taxonomy":"post_tag","embeddable":true,"href":"https:\/\/proclim.com.pl\/ro\/wp-json\/wp\/v2\/tags?post=461"}],"curies":[{"name":"wp","href":"https:\/\/api.w.org\/{rel}","templated":true}]}}