{"id":458,"date":"2025-02-26T00:00:00","date_gmt":"2025-02-26T00:00:00","guid":{"rendered":"https:\/\/proclim.com.pl\/?p=458"},"modified":"2025-02-26T00:00:00","modified_gmt":"2025-02-26T00:00:00","slug":"najnowsze-trendy-w-stylizacjach-z-czarna-sukienka","status":"publish","type":"post","link":"https:\/\/proclim.com.pl\/ro\/najnowsze-trendy-w-stylizacjach-z-czarna-sukienka\/","title":{"rendered":"Cele mai recente tendin\u021be \u00een materie de stilizare cu o rochie neagr\u0103"},"content":{"rendered":"<div class=\"kk-star-ratings kksr-auto kksr-align-left kksr-valign-top\"\n    data-payload='{&quot;align&quot;:&quot;left&quot;,&quot;id&quot;:&quot;458&quot;,&quot;slug&quot;:&quot;default&quot;,&quot;valign&quot;:&quot;top&quot;,&quot;ignore&quot;:&quot;&quot;,&quot;reference&quot;:&quot;auto&quot;,&quot;class&quot;:&quot;&quot;,&quot;count&quot;:&quot;0&quot;,&quot;legendonly&quot;:&quot;&quot;,&quot;readonly&quot;:&quot;&quot;,&quot;score&quot;:&quot;0&quot;,&quot;starsonly&quot;:&quot;&quot;,&quot;best&quot;:&quot;5&quot;,&quot;gap&quot;:&quot;5&quot;,&quot;greet&quot;:&quot;&quot;,&quot;legend&quot;:&quot;0\\\/5 - (0 votes)&quot;,&quot;size&quot;:&quot;24&quot;,&quot;title&quot;:&quot;Najnowsze trendy w stylizacjach z czarn\u0105 sukienk\u0105&quot;,&quot;width&quot;:&quot;0&quot;,&quot;_legend&quot;:&quot;{score}\\\/{best} - ({count} {votes})&quot;,&quot;font_factor&quot;:&quot;1.25&quot;}'>\n            \n<div class=\"kksr-stars\">\n    \n<div class=\"kksr-stars-inactive\">\n            <div class=\"kksr-star\" data-star=\"1\" style=\"padding-right: 5px\">\n            \n\n<div class=\"kksr-icon\" style=\"width: 24px; height: 24px;\"><\/div>\n        <\/div>\n            <div class=\"kksr-star\" data-star=\"2\" style=\"padding-right: 5px\">\n            \n\n<div class=\"kksr-icon\" style=\"width: 24px; height: 24px;\"><\/div>\n        <\/div>\n            <div class=\"kksr-star\" data-star=\"3\" style=\"padding-right: 5px\">\n            \n\n<div class=\"kksr-icon\" style=\"width: 24px; height: 24px;\"><\/div>\n        <\/div>\n            <div class=\"kksr-star\" data-star=\"4\" style=\"padding-right: 5px\">\n            \n\n<div class=\"kksr-icon\" style=\"width: 24px; height: 24px;\"><\/div>\n        <\/div>\n            <div class=\"kksr-star\" data-star=\"5\" style=\"padding-right: 5px\">\n            \n\n<div class=\"kksr-icon\" style=\"width: 24px; height: 24px;\"><\/div>\n        <\/div>\n    <\/div>\n    \n<div class=\"kksr-stars-active\" style=\"width: 0px;\">\n            <div class=\"kksr-star\" style=\"padding-right: 5px\">\n            \n\n<div class=\"kksr-icon\" style=\"width: 24px; height: 24px;\"><\/div>\n        <\/div>\n            <div class=\"kksr-star\" style=\"padding-right: 5px\">\n            \n\n<div class=\"kksr-icon\" style=\"width: 24px; height: 24px;\"><\/div>\n        <\/div>\n            <div class=\"kksr-star\" style=\"padding-right: 5px\">\n            \n\n<div class=\"kksr-icon\" style=\"width: 24px; height: 24px;\"><\/div>\n        <\/div>\n            <div class=\"kksr-star\" style=\"padding-right: 5px\">\n            \n\n<div class=\"kksr-icon\" style=\"width: 24px; height: 24px;\"><\/div>\n        <\/div>\n            <div class=\"kksr-star\" style=\"padding-right: 5px\">\n            \n\n<div class=\"kksr-icon\" style=\"width: 24px; height: 24px;\"><\/div>\n        <\/div>\n    <\/div>\n<\/div>\n                \n\n<div class=\"kksr-legend\" style=\"font-size: 19.2px;\">\n            <span class=\"kksr-muted\"><\/span>\n    <\/div>\n    <\/div>\n<p>O rochie neagr\u0103, cunoscut\u0103 \u0219i sub numele de \u201elittle black dress\u201d, nu este doar o pies\u0103 vestimentar\u0103, ci un adev\u0103rat simbol al elegan\u021bei \u0219i versatilit\u0103\u021bii. \u0218i-a g\u0103sit locul pe covorul ro\u0219u, la birou \u0219i \u00een stilurile casual de zi cu zi. Datorit\u0103 versatilit\u0103\u021bii sale, rochia neagr\u0103 poate lua multe forme \u0219i stiluri diferite, r\u0103spunz\u00e2nd astfel tendin\u021belor \u00een schimbare. Designerii de ast\u0103zi exploreaz\u0103 constant poten\u021bialul s\u0103u, cre\u00e2nd stiluri \u0219i idei de stil noi, interesante. Prin urmare, merit\u0103 s\u0103 arunca\u021bi o privire la cele mai recente propuneri \u0219i s\u0103 v\u0103 inspira\u021bi de ele \u00een via\u021ba de zi cu zi. Iat\u0103 tot ce trebuie s\u0103 \u0219tii pentru ca rochia ta neagr\u0103 s\u0103 fie un succes!<\/p>\n<h2>De ce este rochia neagr\u0103 at\u00e2t de popular\u0103?<\/h2>\n<p><img decoding=\"async\" alt=\"Grupa dziewczyn w czarnych sukienkach, u\u015bmiechni\u0119tych, na tle o\u015bwietlonego ogrodu. Atmosfera radosnej uroczysto\u015bci.\" src=\"https:\/\/proclim.com.pl\/wp-content\/uploads\/2025\/02\/image165eac285a764fdd99cbcc015a4e1300.png\"\/><\/p>\n<p>Rochia neagr\u0103 este un produs care se afl\u0103 \u00een fruntea clasamentului modei de zeci de ani, \u0219i pe bun\u0103 dreptate. Elegan\u021ba inegalabil\u0103 pe care o aduce aceast\u0103 culoare \u00eei permite s\u0103 fie purtat\u0103 \u00een aproape orice situa\u021bie. \u00cel \u0219tim de la gale \u0219i evenimente formale, dar func\u021bioneaz\u0103 la fel de bine \u0219i \u00een stilul de zi cu zi. Fiecare femeie ar trebui s\u0103 aib\u0103 cel pu\u021bin o rochie neagr\u0103 \u00een garderob\u0103, deoarece este un must-have absolut. Unul dintre motivele popularit\u0103\u021bii sale este \u0219i faptul c\u0103 culoarea neagr\u0103 poate sub\u021bia silueta, ceea ce ne face s\u0103 ne sim\u021bim mai \u00eencrez\u0103tori \u00een aspectul nostru. \u00cen plus, o rochie neagr\u0103 \u00ee\u021bi ofer\u0103 posibilit\u0103\u021bi enorme c\u00e2nd vine vorba de alegerea accesoriilor \u0219i a diferitelor stiluri.<\/p>\n<h2>Cele mai recente tendin\u021be \u00een materie de stilizare cu o rochie neagr\u0103<\/h2>\n<p><img decoding=\"async\" alt=\"Kobieta w czarnym p\u0142aszczu idzie ulic\u0105 w t\u0119tni\u0105cym \u017cyciem mie\u015bcie, wok\u00f3\u0142 niej przechodnie w r\u00f3\u017cnych strojach.\" src=\"https:\/\/proclim.com.pl\/wp-content\/uploads\/2025\/02\/imaged4f59d87ed4346bf8d5f40876728ed5a.png\"\/><\/p>\n<p>\u00cen prezent, putem observa multe tendin\u021be interesante \u00een ceea ce prive\u0219te rochiile negre care se potrivesc perfect gusturilor vestimentare ale femeilor moderne. Mai jos v\u0103 prezent\u0103m c\u00e2teva dintre cele mai noi idei de stilizare care merit\u0103 \u00eencercate \u00een sezoanele urm\u0103toare.<\/p>\n<table border=\"1\">\n<tr>\n<th>Tendin\u0163\u0103<\/th>\n<th>Descriere<\/th>\n<\/tr>\n<tr>\n<td>Aspect mono<\/td>\n<td>Stil \u00eentr-o singur\u0103 culoare, perfect pentru minimali\u0219ti.<\/td>\n<\/tr>\n<tr>\n<td>Accente de culoare<\/td>\n<td>Introducerea de culori vii \u00een accesorii.<\/td>\n<\/tr>\n<tr>\n<td>Stratificare<\/td>\n<td>Combinarea rochiilor cu diferite articole vestimentare exterioare.<\/td>\n<\/tr>\n<\/table>\n<h3>Aspect mono<\/h3>\n<p>Una dintre cele mai recente tendin\u021be este stilul mono-look, care implic\u0103 combinarea unei rochii negre cu accesorii \u00een aceea\u0219i culoare. Acest aspect minimalist face ca \u00eentregul stil s\u0103 fie elegant \u0219i armonios. Accesoriile negre, cum ar fi gen\u021bile de m\u00e2n\u0103, pantofii \u0219i bijuteriile, pot ad\u0103uga clas\u0103 oric\u0103rui stil. \u00cen plus, aspectul mono este o alegere excelent\u0103 pentru ocazii mai formale, deoarece arat\u0103 \u00eengrijit \u0219i profesional. \u00cen plus, acest stil poate fi u\u0219or \u00eembog\u0103\u021bit cu texturi care pot ad\u0103uga profunzime \u0219i caracter. Merit\u0103 s\u0103 experimenta\u021bi cu diferite materiale pentru a ob\u021bine un aspect eficient.<\/p>\n<h3>Accente de culoare<\/h3>\n<p>O alt\u0103 abordare la mod\u0103 este ad\u0103ugarea de accente de culoare unei rochii negre, care devine din ce \u00een ce mai popular\u0103 printre designeri. Accesoriile intense, cum ar fi bijuteriile, gen\u021bile de m\u00e2n\u0103 sau pantofii \u00een culori str\u0103lucitoare, pot ad\u0103uga caracter \u0219i pot face stilul mai interesant. Indiferent dac\u0103 alegi nuan\u021be vibrante de ro\u0219u, verde sau albastru, fiecare dintre aceste op\u021biuni poate aduce un strop de prospe\u021bime unei rochii negre clasice. De asemenea, este o idee bun\u0103 s\u0103 combina\u021bi diferite culori \u00een cadrul unui singur stil pentru a v\u0103 sublinia individualitatea. Merit\u0103 s\u0103 nu uita\u021bi s\u0103 p\u0103stra\u021bi accentele minimaliste pentru a nu cople\u0219i \u00eentregul aspect.<\/p>\n<h2>Cum s\u0103 alegi accesoriile pentru o rochie neagr\u0103?<\/h2>\n<p>Alegerea accesoriilor potrivite pentru o rochie neagr\u0103 este crucial\u0103 pentru \u00eentregul look. Prin urmare, trebuie s\u0103 acorda\u021bi aten\u021bie nivelului de formalitate al evenimentului \u0219i preferin\u021belor dumneavoastr\u0103 personale. Iat\u0103 c\u00e2teva sfaturi importante pentru suplimente:<\/p>\n<ul>\n<li><strong>Bijuterii:<\/strong> Alege accesorii discrete sau \u00eendr\u0103zne\u021be, \u00een func\u021bie de ocazie.<\/li>\n<li><strong>\u00cenc\u0103l\u0163\u0103minte:<\/strong> Tocurile negre sunt un clasic, dar nu v\u0103 fie team\u0103 s\u0103 experimenta\u021bi cu culorile.<\/li>\n<li><strong>Gen\u021bi:<\/strong> O geant\u0103 mic\u0103 de tip clutch sau o geant\u0103 de um\u0103r poate completa perfect \u021binuta.<\/li>\n<\/ul>\n<h2>Sfaturi pentru fiecare ocazie<\/h2>\n<p>O rochie neagr\u0103 se potrive\u0219te bine \u00eentr-o varietate de situa\u021bii. Iat\u0103 c\u00e2teva sfaturi despre cum s\u0103 o stilizezi \u00een func\u021bie de ocazie:<\/p>\n<ul>\n<li><strong>La locul de munc\u0103:<\/strong> Asorteaz\u0103-l cu o jachet\u0103 elegant\u0103 \u0219i pantofi cu toc clasici.<\/li>\n<li><strong>Pentru sear\u0103:<\/strong> Opteaz\u0103 pentru un machiaj mai puternic \u0219i accesorii \u00eendr\u0103zne\u021be.<\/li>\n<li><strong>\u00cen fiecare zi:<\/strong> Alege \u00eenc\u0103l\u021b\u0103minte lejer\u0103 \u0219i \u00eenvioreaz\u0103-\u021bi stilul cu accesorii interesante.<\/li>\n<\/ul>\n<h2>Rezumat<\/h2>\n<p>O rochie neagr\u0103 nu este doar o pies\u0103 vestimentar\u0103, ci \u0219i o modalitate de a-\u021bi exprima stilul \u0219i caracterul. Datorit\u0103 variet\u0103\u021bii de tendin\u021be \u0219i op\u021biuni de stil, fiecare femeie \u00ee\u0219i poate g\u0103si look-ul perfect, indiferent de ocazie. Distreaz\u0103-te cu moda combin\u00e2nd diferite stiluri \u0219i inspira\u021bii. Nu uita c\u0103 cheia succesului este creativitatea \u0219i abilitatea de a asorta accesoriile cu stilul general. Folose\u0219te-\u021bi abilit\u0103\u021bile pentru a crea combina\u021bii care s\u0103-\u021bi scoat\u0103 \u00een eviden\u021b\u0103 punctele forte. Nu ezita s\u0103 experimentezi \u0219i s\u0103 adaptezi rochia ta neagr\u0103 stilului t\u0103u de via\u021b\u0103.<\/p>\n<h2>\u00centreb\u0103ri frecvente<\/h2>\n<ul>\n<li><strong>Ce accesorii se potrivesc cel mai bine cu o rochie neagr\u0103?<\/strong>\n<ul>\n<li>Bijuterii discrete<\/li>\n<li>Accesorii \u00een culori str\u0103lucitoare<\/li>\n<li>\u00cenc\u0103l\u021b\u0103minte clasic\u0103 sau \u00eendr\u0103znea\u021b\u0103<\/li>\n<\/ul>\n<\/li>\n<li><strong>Este o rochie neagr\u0103 potrivit\u0103 pentru var\u0103?<\/strong>\n<ul>\n<li>Da, materialele mai u\u0219oare \u0219i croielile lejere vor fi perfecte pentru zilele c\u0103lduroase.<\/li>\n<\/ul>\n<\/li>\n<li><strong>Ce stiluri de rochii negre sunt la mod\u0103 acum?<\/strong>\n<ul>\n<li>Rochii de var\u0103<\/li>\n<li>Midi<\/li>\n<li>Cu volane<\/li>\n<li>Modele str\u00e2mte<\/li>\n<\/ul>\n<\/li>\n<li><strong>Se potrive\u0219te o rochie neagr\u0103 oric\u0103rui tip de frumuse\u021be?<\/strong>\n<ul>\n<li>Da, o rochie neagr\u0103 este o pies\u0103 universal\u0103 \u00een orice garderob\u0103.<\/li>\n<\/ul>\n<\/li>\n<\/ul>","protected":false},"excerpt":{"rendered":"<p>Czarna sukienka, znana tak\u017ce jako ma\u0142a czarna, to nie tylko element garderoby, ale prawdziwy symbol elegancji i uniwersalno\u015bci. Znalaz\u0142a swoje miejsce na czerwonym dywanie, w biurze, a tak\u017ce w casualowych stylizacjach na co dzie\u0144. Dzi\u0119ki swojej wszechstronno\u015bci, czarna sukienka mo\u017ce przybiera\u0107 r\u00f3\u017cne formy i style, odpowiadaj\u0105c tym samym na zmieniaj\u0105ce si\u0119 trendy. Dzisiejsze projektanci nieprzerwanie [&hellip;]<\/p>","protected":false},"author":1,"featured_media":411,"comment_status":"closed","ping_status":"closed","sticky":false,"template":"","format":"standard","meta":{"_acf_changed":false,"footnotes":""},"categories":[1],"tags":[],"class_list":["post-458","post","type-post","status-publish","format-standard","has-post-thumbnail","hentry","category-blog"],"acf":[],"yoast_head":"<!-- This site is optimized with the Yoast SEO plugin v23.2 - https:\/\/yoast.com\/wordpress\/plugins\/seo\/ -->\n<title>Najnowsze trendy w stylizacjach z czarn\u0105 sukienk\u0105 \u2013 jak wygl\u0105da\u0107 modnie na ka\u017cd\u0105 okazj\u0119?<\/title>\n<meta name=\"description\" content=\"Odkryj najnowsze trendy w stylizacjach z czarn\u0105 sukienk\u0105. Dowiedz si\u0119, jak dobra\u0107 dodatki i wzbogaci\u0107 sw\u00f3j styl!\" \/>\n<meta name=\"robots\" content=\"index, follow, max-snippet:-1, max-image-preview:large, max-video-preview:-1\" \/>\n<link rel=\"canonical\" href=\"https:\/\/proclim.com.pl\/ro\/najnowsze-trendy-w-stylizacjach-z-czarna-sukienka\/\" \/>\n<meta property=\"og:locale\" content=\"ro_RO\" \/>\n<meta property=\"og:type\" content=\"article\" \/>\n<meta property=\"og:title\" content=\"Najnowsze trendy w stylizacjach z czarn\u0105 sukienk\u0105 \u2013 jak wygl\u0105da\u0107 modnie na ka\u017cd\u0105 okazj\u0119?\" \/>\n<meta property=\"og:description\" content=\"Odkryj najnowsze trendy w stylizacjach z czarn\u0105 sukienk\u0105. Dowiedz si\u0119, jak dobra\u0107 dodatki i wzbogaci\u0107 sw\u00f3j styl!\" \/>\n<meta property=\"og:url\" content=\"https:\/\/proclim.com.pl\/ro\/najnowsze-trendy-w-stylizacjach-z-czarna-sukienka\/\" \/>\n<meta property=\"og:site_name\" content=\"proclim.com.pl\" \/>\n<meta property=\"article:published_time\" content=\"2025-02-26T00:00:00+00:00\" \/>\n<meta property=\"og:image\" content=\"https:\/\/proclim.com.pl\/wp-content\/uploads\/2025\/02\/image7f2438a5afd94fd1800b1a417709fd1f.png\" \/>\n\t<meta property=\"og:image:width\" content=\"1024\" \/>\n\t<meta property=\"og:image:height\" content=\"768\" \/>\n\t<meta property=\"og:image:type\" content=\"image\/png\" \/>\n<meta name=\"author\" content=\"Urszula Jasi\u0144ska\" \/>\n<meta name=\"twitter:card\" content=\"summary_large_image\" \/>\n<meta name=\"twitter:label1\" content=\"Scris de\" \/>\n\t<meta name=\"twitter:data1\" content=\"Urszula Jasi\u0144ska\" \/>\n\t<meta name=\"twitter:label2\" content=\"Timp estimat pentru citire\" \/>\n\t<meta name=\"twitter:data2\" content=\"4 minute\" \/>\n<script type=\"application\/ld+json\" class=\"yoast-schema-graph\">{\"@context\":\"https:\/\/schema.org\",\"@graph\":[{\"@type\":\"WebPage\",\"@id\":\"https:\/\/proclim.com.pl\/najnowsze-trendy-w-stylizacjach-z-czarna-sukienka\/\",\"url\":\"https:\/\/proclim.com.pl\/najnowsze-trendy-w-stylizacjach-z-czarna-sukienka\/\",\"name\":\"Najnowsze trendy w stylizacjach z czarn\u0105 sukienk\u0105 \u2013 jak wygl\u0105da\u0107 modnie na ka\u017cd\u0105 okazj\u0119?\",\"isPartOf\":{\"@id\":\"https:\/\/proclim.com.pl\/#website\"},\"primaryImageOfPage\":{\"@id\":\"https:\/\/proclim.com.pl\/najnowsze-trendy-w-stylizacjach-z-czarna-sukienka\/#primaryimage\"},\"image\":{\"@id\":\"https:\/\/proclim.com.pl\/najnowsze-trendy-w-stylizacjach-z-czarna-sukienka\/#primaryimage\"},\"thumbnailUrl\":\"https:\/\/proclim.com.pl\/wp-content\/uploads\/2025\/02\/image7f2438a5afd94fd1800b1a417709fd1f.png\",\"datePublished\":\"2025-02-26T00:00:00+00:00\",\"dateModified\":\"2025-02-26T00:00:00+00:00\",\"author\":{\"@id\":\"https:\/\/proclim.com.pl\/#\/schema\/person\/45c676b6550e197bc729f915ffc429e0\"},\"description\":\"Odkryj najnowsze trendy w stylizacjach z czarn\u0105 sukienk\u0105. Dowiedz si\u0119, jak dobra\u0107 dodatki i wzbogaci\u0107 sw\u00f3j styl!\",\"breadcrumb\":{\"@id\":\"https:\/\/proclim.com.pl\/najnowsze-trendy-w-stylizacjach-z-czarna-sukienka\/#breadcrumb\"},\"inLanguage\":\"ro-RO\",\"potentialAction\":[{\"@type\":\"ReadAction\",\"target\":[\"https:\/\/proclim.com.pl\/najnowsze-trendy-w-stylizacjach-z-czarna-sukienka\/\"]}]},{\"@type\":\"ImageObject\",\"inLanguage\":\"ro-RO\",\"@id\":\"https:\/\/proclim.com.pl\/najnowsze-trendy-w-stylizacjach-z-czarna-sukienka\/#primaryimage\",\"url\":\"https:\/\/proclim.com.pl\/wp-content\/uploads\/2025\/02\/image7f2438a5afd94fd1800b1a417709fd1f.png\",\"contentUrl\":\"https:\/\/proclim.com.pl\/wp-content\/uploads\/2025\/02\/image7f2438a5afd94fd1800b1a417709fd1f.png\",\"width\":1024,\"height\":768},{\"@type\":\"BreadcrumbList\",\"@id\":\"https:\/\/proclim.com.pl\/najnowsze-trendy-w-stylizacjach-z-czarna-sukienka\/#breadcrumb\",\"itemListElement\":[{\"@type\":\"ListItem\",\"position\":1,\"name\":\"Home\",\"item\":\"https:\/\/proclim.com.pl\/\"},{\"@type\":\"ListItem\",\"position\":2,\"name\":\"Najnowsze trendy w stylizacjach z czarn\u0105 sukienk\u0105\"}]},{\"@type\":\"WebSite\",\"@id\":\"https:\/\/proclim.com.pl\/#website\",\"url\":\"https:\/\/proclim.com.pl\/\",\"name\":\"proclim.com.pl\",\"description\":\"Organizer na perfumy: porz\u0105dek i styl w jednym miejscu.\",\"potentialAction\":[{\"@type\":\"SearchAction\",\"target\":{\"@type\":\"EntryPoint\",\"urlTemplate\":\"https:\/\/proclim.com.pl\/?s={search_term_string}\"},\"query-input\":\"required name=search_term_string\"}],\"inLanguage\":\"ro-RO\"},{\"@type\":\"Person\",\"@id\":\"https:\/\/proclim.com.pl\/#\/schema\/person\/45c676b6550e197bc729f915ffc429e0\",\"name\":\"Urszula Jasi\u0144ska\",\"image\":{\"@type\":\"ImageObject\",\"inLanguage\":\"ro-RO\",\"@id\":\"https:\/\/proclim.com.pl\/#\/schema\/person\/image\/\",\"url\":\"https:\/\/proclim.com.pl\/wp-content\/uploads\/2025\/02\/jdtygnenjz1_ad_avatar-96x96.jpg\",\"contentUrl\":\"https:\/\/proclim.com.pl\/wp-content\/uploads\/2025\/02\/jdtygnenjz1_ad_avatar-96x96.jpg\",\"caption\":\"Urszula Jasi\u0144ska\"},\"description\":\"Jestem Urszula Jasi\u0144ska, pasjonatka mody z wieloletnim do\u015bwiadczeniem w projektowaniu i stylizacji. Pracowa\u0142am z r\u00f3\u017cnymi markami, a tak\u017ce prowadz\u0119 bloga, na kt\u00f3rym dziel\u0119 si\u0119 swoimi spostrze\u017ceniami. Moim celem jest pomaganie innym w odnalezieniu w\u0142asnego stylu, zach\u0119cam do eksperymentowania z kolorami i krojami.\",\"url\":\"https:\/\/proclim.com.pl\/ro\/author\/urszula-jasinska\/\"}]}<\/script>\n<!-- \/ Yoast SEO plugin. -->","yoast_head_json":{"title":"Najnowsze trendy w stylizacjach z czarn\u0105 sukienk\u0105 \u2013 jak wygl\u0105da\u0107 modnie na ka\u017cd\u0105 okazj\u0119?","description":"Odkryj najnowsze trendy w stylizacjach z czarn\u0105 sukienk\u0105. Dowiedz si\u0119, jak dobra\u0107 dodatki i wzbogaci\u0107 sw\u00f3j styl!","robots":{"index":"index","follow":"follow","max-snippet":"max-snippet:-1","max-image-preview":"max-image-preview:large","max-video-preview":"max-video-preview:-1"},"canonical":"https:\/\/proclim.com.pl\/ro\/najnowsze-trendy-w-stylizacjach-z-czarna-sukienka\/","og_locale":"ro_RO","og_type":"article","og_title":"Najnowsze trendy w stylizacjach z czarn\u0105 sukienk\u0105 \u2013 jak wygl\u0105da\u0107 modnie na ka\u017cd\u0105 okazj\u0119?","og_description":"Odkryj najnowsze trendy w stylizacjach z czarn\u0105 sukienk\u0105. Dowiedz si\u0119, jak dobra\u0107 dodatki i wzbogaci\u0107 sw\u00f3j styl!","og_url":"https:\/\/proclim.com.pl\/ro\/najnowsze-trendy-w-stylizacjach-z-czarna-sukienka\/","og_site_name":"proclim.com.pl","article_published_time":"2025-02-26T00:00:00+00:00","og_image":[{"width":1024,"height":768,"url":"https:\/\/proclim.com.pl\/wp-content\/uploads\/2025\/02\/image7f2438a5afd94fd1800b1a417709fd1f.png","type":"image\/png"}],"author":"Urszula Jasi\u0144ska","twitter_card":"summary_large_image","twitter_misc":{"Scris de":"Urszula Jasi\u0144ska","Timp estimat pentru citire":"4 minute"},"schema":{"@context":"https:\/\/schema.org","@graph":[{"@type":"WebPage","@id":"https:\/\/proclim.com.pl\/najnowsze-trendy-w-stylizacjach-z-czarna-sukienka\/","url":"https:\/\/proclim.com.pl\/najnowsze-trendy-w-stylizacjach-z-czarna-sukienka\/","name":"Najnowsze trendy w stylizacjach z czarn\u0105 sukienk\u0105 \u2013 jak wygl\u0105da\u0107 modnie na ka\u017cd\u0105 okazj\u0119?","isPartOf":{"@id":"https:\/\/proclim.com.pl\/#website"},"primaryImageOfPage":{"@id":"https:\/\/proclim.com.pl\/najnowsze-trendy-w-stylizacjach-z-czarna-sukienka\/#primaryimage"},"image":{"@id":"https:\/\/proclim.com.pl\/najnowsze-trendy-w-stylizacjach-z-czarna-sukienka\/#primaryimage"},"thumbnailUrl":"https:\/\/proclim.com.pl\/wp-content\/uploads\/2025\/02\/image7f2438a5afd94fd1800b1a417709fd1f.png","datePublished":"2025-02-26T00:00:00+00:00","dateModified":"2025-02-26T00:00:00+00:00","author":{"@id":"https:\/\/proclim.com.pl\/#\/schema\/person\/45c676b6550e197bc729f915ffc429e0"},"description":"Odkryj najnowsze trendy w stylizacjach z czarn\u0105 sukienk\u0105. Dowiedz si\u0119, jak dobra\u0107 dodatki i wzbogaci\u0107 sw\u00f3j styl!","breadcrumb":{"@id":"https:\/\/proclim.com.pl\/najnowsze-trendy-w-stylizacjach-z-czarna-sukienka\/#breadcrumb"},"inLanguage":"ro-RO","potentialAction":[{"@type":"ReadAction","target":["https:\/\/proclim.com.pl\/najnowsze-trendy-w-stylizacjach-z-czarna-sukienka\/"]}]},{"@type":"ImageObject","inLanguage":"ro-RO","@id":"https:\/\/proclim.com.pl\/najnowsze-trendy-w-stylizacjach-z-czarna-sukienka\/#primaryimage","url":"https:\/\/proclim.com.pl\/wp-content\/uploads\/2025\/02\/image7f2438a5afd94fd1800b1a417709fd1f.png","contentUrl":"https:\/\/proclim.com.pl\/wp-content\/uploads\/2025\/02\/image7f2438a5afd94fd1800b1a417709fd1f.png","width":1024,"height":768},{"@type":"BreadcrumbList","@id":"https:\/\/proclim.com.pl\/najnowsze-trendy-w-stylizacjach-z-czarna-sukienka\/#breadcrumb","itemListElement":[{"@type":"ListItem","position":1,"name":"Home","item":"https:\/\/proclim.com.pl\/"},{"@type":"ListItem","position":2,"name":"Najnowsze trendy w stylizacjach z czarn\u0105 sukienk\u0105"}]},{"@type":"WebSite","@id":"https:\/\/proclim.com.pl\/#website","url":"https:\/\/proclim.com.pl\/","name":"proclim.com.pl","description":"Organizer na perfumy: porz\u0105dek i styl w jednym miejscu.","potentialAction":[{"@type":"SearchAction","target":{"@type":"EntryPoint","urlTemplate":"https:\/\/proclim.com.pl\/?s={search_term_string}"},"query-input":"required name=search_term_string"}],"inLanguage":"ro-RO"},{"@type":"Person","@id":"https:\/\/proclim.com.pl\/#\/schema\/person\/45c676b6550e197bc729f915ffc429e0","name":"Urszula Jasi\u0144ska","image":{"@type":"ImageObject","inLanguage":"ro-RO","@id":"https:\/\/proclim.com.pl\/#\/schema\/person\/image\/","url":"https:\/\/proclim.com.pl\/wp-content\/uploads\/2025\/02\/jdtygnenjz1_ad_avatar-96x96.jpg","contentUrl":"https:\/\/proclim.com.pl\/wp-content\/uploads\/2025\/02\/jdtygnenjz1_ad_avatar-96x96.jpg","caption":"Urszula Jasi\u0144ska"},"description":"Jestem Urszula Jasi\u0144ska, pasjonatka mody z wieloletnim do\u015bwiadczeniem w projektowaniu i stylizacji. Pracowa\u0142am z r\u00f3\u017cnymi markami, a tak\u017ce prowadz\u0119 bloga, na kt\u00f3rym dziel\u0119 si\u0119 swoimi spostrze\u017ceniami. Moim celem jest pomaganie innym w odnalezieniu w\u0142asnego stylu, zach\u0119cam do eksperymentowania z kolorami i krojami.","url":"https:\/\/proclim.com.pl\/ro\/author\/urszula-jasinska\/"}]}},"yoast_meta":{"yoast_wpseo_title":"","yoast_wpseo_metadesc":"","yoast_wpseo_canonical":"https:\/\/proclim.com.pl\/ro\/wp-json\/wp\/v2\/posts\/458"},"_links":{"self":[{"href":"https:\/\/proclim.com.pl\/ro\/wp-json\/wp\/v2\/posts\/458"}],"collection":[{"href":"https:\/\/proclim.com.pl\/ro\/wp-json\/wp\/v2\/posts"}],"about":[{"href":"https:\/\/proclim.com.pl\/ro\/wp-json\/wp\/v2\/types\/post"}],"author":[{"embeddable":true,"href":"https:\/\/proclim.com.pl\/ro\/wp-json\/wp\/v2\/users\/1"}],"replies":[{"embeddable":true,"href":"https:\/\/proclim.com.pl\/ro\/wp-json\/wp\/v2\/comments?post=458"}],"version-history":[{"count":1,"href":"https:\/\/proclim.com.pl\/ro\/wp-json\/wp\/v2\/posts\/458\/revisions"}],"predecessor-version":[{"id":513,"href":"https:\/\/proclim.com.pl\/ro\/wp-json\/wp\/v2\/posts\/458\/revisions\/513"}],"wp:featuredmedia":[{"embeddable":true,"href":"https:\/\/proclim.com.pl\/ro\/wp-json\/wp\/v2\/media\/411"}],"wp:attachment":[{"href":"https:\/\/proclim.com.pl\/ro\/wp-json\/wp\/v2\/media?parent=458"}],"wp:term":[{"taxonomy":"category","embeddable":true,"href":"https:\/\/proclim.com.pl\/ro\/wp-json\/wp\/v2\/categories?post=458"},{"taxonomy":"post_tag","embeddable":true,"href":"https:\/\/proclim.com.pl\/ro\/wp-json\/wp\/v2\/tags?post=458"}],"curies":[{"name":"wp","href":"https:\/\/api.w.org\/{rel}","templated":true}]}}