{"id":456,"date":"2025-02-20T00:00:00","date_gmt":"2025-02-20T00:00:00","guid":{"rendered":"https:\/\/proclim.com.pl\/?p=456"},"modified":"2025-02-20T00:00:00","modified_gmt":"2025-02-20T00:00:00","slug":"jak-nosic-sukienke-w-formie-marynarki","status":"publish","type":"post","link":"https:\/\/proclim.com.pl\/ro\/jak-nosic-sukienke-w-formie-marynarki\/","title":{"rendered":"Cum s\u0103 por\u021bi o rochie-sacou?"},"content":{"rendered":"<div class=\"kk-star-ratings kksr-auto kksr-align-left kksr-valign-top\"\n    data-payload='{&quot;align&quot;:&quot;left&quot;,&quot;id&quot;:&quot;456&quot;,&quot;slug&quot;:&quot;default&quot;,&quot;valign&quot;:&quot;top&quot;,&quot;ignore&quot;:&quot;&quot;,&quot;reference&quot;:&quot;auto&quot;,&quot;class&quot;:&quot;&quot;,&quot;count&quot;:&quot;0&quot;,&quot;legendonly&quot;:&quot;&quot;,&quot;readonly&quot;:&quot;&quot;,&quot;score&quot;:&quot;0&quot;,&quot;starsonly&quot;:&quot;&quot;,&quot;best&quot;:&quot;5&quot;,&quot;gap&quot;:&quot;5&quot;,&quot;greet&quot;:&quot;&quot;,&quot;legend&quot;:&quot;0\\\/5 - (0 votes)&quot;,&quot;size&quot;:&quot;24&quot;,&quot;title&quot;:&quot;Jak nosi\u0107 sukienk\u0119 w formie marynarki?&quot;,&quot;width&quot;:&quot;0&quot;,&quot;_legend&quot;:&quot;{score}\\\/{best} - ({count} {votes})&quot;,&quot;font_factor&quot;:&quot;1.25&quot;}'>\n            \n<div class=\"kksr-stars\">\n    \n<div class=\"kksr-stars-inactive\">\n            <div class=\"kksr-star\" data-star=\"1\" style=\"padding-right: 5px\">\n            \n\n<div class=\"kksr-icon\" style=\"width: 24px; height: 24px;\"><\/div>\n        <\/div>\n            <div class=\"kksr-star\" data-star=\"2\" style=\"padding-right: 5px\">\n            \n\n<div class=\"kksr-icon\" style=\"width: 24px; height: 24px;\"><\/div>\n        <\/div>\n            <div class=\"kksr-star\" data-star=\"3\" style=\"padding-right: 5px\">\n            \n\n<div class=\"kksr-icon\" style=\"width: 24px; height: 24px;\"><\/div>\n        <\/div>\n            <div class=\"kksr-star\" data-star=\"4\" style=\"padding-right: 5px\">\n            \n\n<div class=\"kksr-icon\" style=\"width: 24px; height: 24px;\"><\/div>\n        <\/div>\n            <div class=\"kksr-star\" data-star=\"5\" style=\"padding-right: 5px\">\n            \n\n<div class=\"kksr-icon\" style=\"width: 24px; height: 24px;\"><\/div>\n        <\/div>\n    <\/div>\n    \n<div class=\"kksr-stars-active\" style=\"width: 0px;\">\n            <div class=\"kksr-star\" style=\"padding-right: 5px\">\n            \n\n<div class=\"kksr-icon\" style=\"width: 24px; height: 24px;\"><\/div>\n        <\/div>\n            <div class=\"kksr-star\" style=\"padding-right: 5px\">\n            \n\n<div class=\"kksr-icon\" style=\"width: 24px; height: 24px;\"><\/div>\n        <\/div>\n            <div class=\"kksr-star\" style=\"padding-right: 5px\">\n            \n\n<div class=\"kksr-icon\" style=\"width: 24px; height: 24px;\"><\/div>\n        <\/div>\n            <div class=\"kksr-star\" style=\"padding-right: 5px\">\n            \n\n<div class=\"kksr-icon\" style=\"width: 24px; height: 24px;\"><\/div>\n        <\/div>\n            <div class=\"kksr-star\" style=\"padding-right: 5px\">\n            \n\n<div class=\"kksr-icon\" style=\"width: 24px; height: 24px;\"><\/div>\n        <\/div>\n    <\/div>\n<\/div>\n                \n\n<div class=\"kksr-legend\" style=\"font-size: 19.2px;\">\n            <span class=\"kksr-muted\"><\/span>\n    <\/div>\n    <\/div>\n<p>Rochia sacou este una dintre tendin\u021bele care cuceresc inimile femeilor din \u00eentreaga lume. Arat\u0103 at\u00e2t elegant, c\u00e2t \u0219i informal. Acest concept combin\u0103 clasicul cu modernul, oferind posibilit\u0103\u021bi nelimitate de stilizare. \u00centr-o er\u0103 \u00een care moda devine din ce \u00een ce mai eclectic\u0103, merit\u0103 s\u0103 \u0219tii cum s\u0103 o por\u021bi pentru a ar\u0103ta uimitor, indiferent de ocazie. S\u0103 afl\u0103m ce tipuri de jachete elegante sunt disponibile \u0219i cum s\u0103 le stiliz\u0103m pentru a le valorifica poten\u021bialul. Hai s\u0103 afl\u0103m ce face ca o rochie-sacou s\u0103 fie un must-have \u00een orice garderob\u0103.<\/p>\n<h2>Alegerea modelului potrivit de rochie<\/h2>\n<p><img decoding=\"async\" alt=\"Z\u0142oty zegarek na nadgarstku i bi\u017cuteria le\u017c\u0105ca na blacie w eleganckim otoczeniu.\" src=\"https:\/\/proclim.com.pl\/wp-content\/uploads\/2025\/02\/image461490c96f6d46b09b8ee89239f2b7ad.png\"\/><\/p>\n<p>Nu orice jachet\u0103 este potrivit\u0103 pentru orice siluet\u0103. Pasul cheie este s\u0103 \u00een\u021belegi ce stiluri \u0219i croieli se potrivesc cel mai bine tipului t\u0103u de corp. Atunci c\u00e2nd alege\u021bi un model, merit\u0103 s\u0103 acorda\u021bi aten\u021bie croielii, lungimii \u0219i materialului. Cele mai populare stiluri includ rochii mulate, lejere \u0219i mai lungi, care au scopuri diferite. \u00cenainte de a lua o decizie, g\u00e2nde\u0219te-te unde vei purta cel mai probabil aceast\u0103 rochie \u0219i cum vrei s\u0103 o stilizezi. Fiecare dintre aceste aspecte influen\u021beaz\u0103 efectul final \u0219i confortul la purtare.<\/p>\n<ul>\n<li><strong>Potrivire<\/strong> \u2013 perfecte pentru ocazii formale, pun \u00een valoare silueta.<\/li>\n<li><strong>Sl\u0103bit<\/strong> \u2013 excelent pentru utilizarea zilnic\u0103, oferind confort \u0219i libertate de mi\u0219care.<\/li>\n<li><strong>Mai lung<\/strong> \u2013 adaug\u0103 elegan\u021b\u0103, fiind perfecte pentru ie\u0219irile de sear\u0103 \u0219i ocaziile speciale.<\/li>\n<\/ul>\n<h2>Selec\u021bie de accesorii<\/h2>\n<p><img decoding=\"async\" alt=\"Kobieta w jasnym garniturze spaceruje przed kawiarn\u0105 pe\u0142n\u0105 go\u015bci w s\u0142oneczny dzie\u0144.\" src=\"https:\/\/proclim.com.pl\/wp-content\/uploads\/2025\/02\/imageb7a0db867a254f8282b3a2263c73cb3b.png\"\/><\/p>\n<p>Accesoriile joac\u0103, de asemenea, un rol cheie \u00een stilizarea unei rochii-sacou. Bijuteriile, geanta sau \u00eenc\u0103l\u021b\u0103mintea alese corespunz\u0103tor pot sublinia avantajele rochiei. G\u00e2nde\u0219te-te ce elemente se pot potrivi \u00een \u021binuta ta pentru a-i oferi un caracter unic. Fiecare detaliu conteaz\u0103, a\u0219a c\u0103 merit\u0103 s\u0103 investe\u0219ti timp \u00een selec\u021bia lor. Mai jos sunt c\u00e2teva sugestii despre cum s\u0103 alegi accesoriile perfecte pentru a crea un stil coerent. Arunca\u021bi o privire la recomand\u0103rile noastre.<\/p>\n<ul>\n<li><strong>Cercei<\/strong> \u2013 cerceii lungi \u00een stil boho vor ad\u0103uga lejeritate \u021binutei.<\/li>\n<li><strong>Sac<\/strong> \u2013 o geant\u0103 mic\u0103 cu lan\u021b este o alegere excelent\u0103 pentru o rochie elegant\u0103.<\/li>\n<li><strong>Curea<\/strong> \u2013 o curea sub\u021bire \u00een talie va accentua silueta \u0219i \u00eei va da contur.<\/li>\n<\/ul>\n<h2>Stiluri pentru diferite ocazii<\/h2>\n<p>O rochie sub form\u0103 de jachet\u0103 este o pies\u0103 vestimentar\u0103 extrem de versatil\u0103, care poate fi aranjat\u0103 \u00een multe feluri diferite. Posibilit\u0103\u021bile sunt aproape nelimitate, motiv pentru care este at\u00e2t de important s\u0103 \u00ee\u021bi adaptezi stilul la ocazie. De la \u021binute casual, de zi cu zi, p\u00e2n\u0103 la seturi elegante, totul se reduce la accesoriile \u0219i \u00eenc\u0103l\u021b\u0103mintea potrivit\u0103. Cu combina\u021bia potrivit\u0103 po\u021bi ob\u021bine o varietate de efecte. Haide\u021bi s\u0103 arunc\u0103m o privire asupra diferitelor moduri de a purta aceast\u0103 rochie unic\u0103, astfel \u00eenc\u00e2t s\u0103 v\u0103 pute\u021bi bucura de farmecul ei \u00een fiecare situa\u021bie.<\/p>\n<h3>Stilizare zilnic\u0103<\/h3>\n<p>Pentru uzul zilnic, merit\u0103 s\u0103 alege\u021bi \u00eenc\u0103l\u021b\u0103minte confortabil\u0103, cum ar fi:<\/p>\n<ul>\n<li>Teni\u0219i \u2013 o op\u021biune confortabil\u0103 \u0219i la mod\u0103 care se potrive\u0219te bine \u00een stilul de zi cu zi.<\/li>\n<li>Sandale plate \u2013 perfecte pentru zilele de var\u0103.<\/li>\n<\/ul>\n<h3>Stil de sear\u0103<\/h3>\n<p>Seara, po\u021bi apela la accesorii elegante:<\/p>\n<ul>\n<li>Tocuri \u00eenalte \u2013 adaug\u0103 clas\u0103 \u0219i alungesc picioarele, ceea ce spore\u0219te efectul de elegan\u021b\u0103.<\/li>\n<li>Mai multe bijuterii, cum ar fi accente de diamante, pentru a atrage aten\u021bia.<\/li>\n<\/ul>\n<table border=\"1\">\n<tr>\n<th>Tipul de stilizare<\/th>\n<th>Extrasuri<\/th>\n<th>\u00cenc\u0103l\u0163\u0103minte<\/th>\n<\/tr>\n<tr>\n<td>\u00cen fiecare zi<\/td>\n<td>Teni\u0219i, geant\u0103 de um\u0103r<\/td>\n<td>Sandale confortabile<\/td>\n<\/tr>\n<tr>\n<td>Sear\u0103<\/td>\n<td>Bijuterii clasice, geant\u0103 elegant\u0103<\/td>\n<td>Tocuri<\/td>\n<\/tr>\n<\/table>\n<h2>Cum s\u0103 \u00eengrije\u0219ti o rochie-sacou?<\/h2>\n<p>Pentru ca o rochie sub form\u0103 de jachet\u0103 s\u0103 \u00ee\u0219i \u00eendeplineasc\u0103 func\u021bia pentru o perioad\u0103 mai lung\u0103 de timp, este necesar s\u0103 o \u00eengrije\u0219ti corespunz\u0103tor. Sp\u0103larea \u0219i depozitarea corespunz\u0103toare sunt elemente cheie care influen\u021beaz\u0103 calitatea materialului. Nu uita s\u0103 verifici \u00eentotdeauna eticheta pentru instruc\u021biunile de sp\u0103lare \u0219i uscare. Men\u021binerea rochiei \u00een stare bun\u0103 nu \u00eei afecteaz\u0103 doar aspectul, ci \u0219i confortul purt\u0103rii. Men\u021binerea culorilor \u0219i formei originale sunt aspecte importante de care trebuie s\u0103 se aib\u0103 grij\u0103. Indiferent de materiale, merit\u0103 \u00eentotdeauna s\u0103 respecta\u021bi regulile recomandate.<\/p>\n<h2>Rezumat<\/h2>\n<p>A purta o rochie pe post de jachet\u0103 poate fi nu doar elegant, ci \u0219i confortabil. Alegerea potrivit\u0103 a modelului \u0219i a accesoriilor, precum \u0219i posibilitatea de a te stiliza pentru diverse ocazii, \u00ee\u021bi permite s\u0103 creezi look-uri de neuitat care \u00eei vor \u00eenc\u00e2nta pe cei din jur. Datorit\u0103 versatilit\u0103\u021bii acestui tip de rochie, te po\u021bi bucura de mod\u0103 pe mai multe niveluri, combin\u00e2nd armonios confortul \u0219i elegan\u021ba. \u00cen plus, \u00eengrijirea acestei crea\u021bii \u00eei va asigura longevitatea. Fiecare stil va fi unic dac\u0103 \u00ee\u021bi combini creativitatea cu cuno\u0219tin\u021bele tale \u00een mod\u0103.<\/p>\n<h2>\u00centreb\u0103ri frecvente<\/h2>\n<ul>\n<li><strong>Este o rochie-sacou potrivit\u0103 pentru un eveniment formal?<\/strong> Da, dac\u0103 alegem accesoriile \u0219i modelul potrivit.<\/li>\n<li><strong>Ce \u00eenc\u0103l\u021b\u0103minte se potrive\u0219te cel mai bine cu o rochie blazer?<\/strong> At\u00e2t pantofii cu toc \u00eenalt \u0219i pantofii sport confortabili se pot potrivi bine.<\/li>\n<li><strong>Este o rochie-sacou potrivit\u0103 pentru purtarea de zi cu zi?<\/strong> Desigur! Combinat\u0103 cu accesoriile potrivite, po\u021bi crea un stil pentru orice ocazie.<\/li>\n<li><strong>Cum s\u0103 \u00eengrije\u0219ti o rochie pentru a rezista c\u00e2t mai mult timp?<\/strong> V\u0103 rug\u0103m s\u0103 urma\u021bi instruc\u021biunile de sp\u0103lare \u0219i s\u0103 asigura\u021bi o depozitare corespunz\u0103toare.<\/li>\n<li><strong>Ce culori de jachete sunt la mod\u0103 acum?<\/strong> Tendin\u021bele includ at\u00e2t culori clasice, neutre, c\u00e2t \u0219i nuan\u021be mai \u00eendr\u0103zne\u021be, precum pasteluri sau culori intense.<\/li>\n<\/ul>","protected":false},"excerpt":{"rendered":"<p>Sukienka w formie marynarki to jeden z trend\u00f3w, kt\u00f3re zdobywaj\u0105 serca kobiet na ca\u0142ym \u015bwiecie. Wygl\u0105da zar\u00f3wno elegancko, jak i nieformalnie. Ta koncepcja \u0142\u0105czy w sobie klasyk\u0119 i nowoczesno\u015b\u0107, daj\u0105c nieograniczone mo\u017cliwo\u015bci stylizacji. W dobie, kiedy moda staje si\u0119 coraz bardziej eklektyczna, warto pozna\u0107 sposoby na jej noszenie, aby prezentowa\u0107 si\u0119 zjawiskowo niezale\u017cnie od okazji. [&hellip;]<\/p>","protected":false},"author":1,"featured_media":427,"comment_status":"closed","ping_status":"closed","sticky":false,"template":"","format":"standard","meta":{"_acf_changed":false,"footnotes":""},"categories":[1],"tags":[],"class_list":["post-456","post","type-post","status-publish","format-standard","has-post-thumbnail","hentry","category-blog"],"acf":[],"yoast_head":"<!-- This site is optimized with the Yoast SEO plugin v23.2 - https:\/\/yoast.com\/wordpress\/plugins\/seo\/ -->\n<title>Jak nosi\u0107 sukienk\u0119 w formie marynarki? Praktyczne porady i stylizacje<\/title>\n<meta name=\"description\" content=\"Odkryj, jak stylowo nosi\u0107 sukienk\u0119 w formie marynarki. Sprawd\u017a nasze porady dotycz\u0105ce dodatk\u00f3w i idealnych stylizacji na ka\u017cd\u0105 okazj\u0119!\" \/>\n<meta name=\"robots\" content=\"index, follow, max-snippet:-1, max-image-preview:large, max-video-preview:-1\" \/>\n<link rel=\"canonical\" href=\"https:\/\/proclim.com.pl\/ro\/jak-nosic-sukienke-w-formie-marynarki\/\" \/>\n<meta property=\"og:locale\" content=\"ro_RO\" \/>\n<meta property=\"og:type\" content=\"article\" \/>\n<meta property=\"og:title\" content=\"Jak nosi\u0107 sukienk\u0119 w formie marynarki? Praktyczne porady i stylizacje\" \/>\n<meta property=\"og:description\" content=\"Odkryj, jak stylowo nosi\u0107 sukienk\u0119 w formie marynarki. Sprawd\u017a nasze porady dotycz\u0105ce dodatk\u00f3w i idealnych stylizacji na ka\u017cd\u0105 okazj\u0119!\" \/>\n<meta property=\"og:url\" content=\"https:\/\/proclim.com.pl\/ro\/jak-nosic-sukienke-w-formie-marynarki\/\" \/>\n<meta property=\"og:site_name\" content=\"proclim.com.pl\" \/>\n<meta property=\"article:published_time\" content=\"2025-02-20T00:00:00+00:00\" \/>\n<meta property=\"og:image\" content=\"https:\/\/proclim.com.pl\/wp-content\/uploads\/2025\/02\/image1fe855da2c5242159096302767b19a06.png\" \/>\n\t<meta property=\"og:image:width\" content=\"1024\" \/>\n\t<meta property=\"og:image:height\" content=\"768\" \/>\n\t<meta property=\"og:image:type\" content=\"image\/png\" \/>\n<meta name=\"author\" content=\"Urszula Jasi\u0144ska\" \/>\n<meta name=\"twitter:card\" content=\"summary_large_image\" \/>\n<meta name=\"twitter:label1\" content=\"Scris de\" \/>\n\t<meta name=\"twitter:data1\" content=\"Urszula Jasi\u0144ska\" \/>\n\t<meta name=\"twitter:label2\" content=\"Timp estimat pentru citire\" \/>\n\t<meta name=\"twitter:data2\" content=\"4 minute\" \/>\n<script type=\"application\/ld+json\" class=\"yoast-schema-graph\">{\"@context\":\"https:\/\/schema.org\",\"@graph\":[{\"@type\":\"WebPage\",\"@id\":\"https:\/\/proclim.com.pl\/jak-nosic-sukienke-w-formie-marynarki\/\",\"url\":\"https:\/\/proclim.com.pl\/jak-nosic-sukienke-w-formie-marynarki\/\",\"name\":\"Jak nosi\u0107 sukienk\u0119 w formie marynarki? Praktyczne porady i stylizacje\",\"isPartOf\":{\"@id\":\"https:\/\/proclim.com.pl\/#website\"},\"primaryImageOfPage\":{\"@id\":\"https:\/\/proclim.com.pl\/jak-nosic-sukienke-w-formie-marynarki\/#primaryimage\"},\"image\":{\"@id\":\"https:\/\/proclim.com.pl\/jak-nosic-sukienke-w-formie-marynarki\/#primaryimage\"},\"thumbnailUrl\":\"https:\/\/proclim.com.pl\/wp-content\/uploads\/2025\/02\/image1fe855da2c5242159096302767b19a06.png\",\"datePublished\":\"2025-02-20T00:00:00+00:00\",\"dateModified\":\"2025-02-20T00:00:00+00:00\",\"author\":{\"@id\":\"https:\/\/proclim.com.pl\/#\/schema\/person\/45c676b6550e197bc729f915ffc429e0\"},\"description\":\"Odkryj, jak stylowo nosi\u0107 sukienk\u0119 w formie marynarki. Sprawd\u017a nasze porady dotycz\u0105ce dodatk\u00f3w i idealnych stylizacji na ka\u017cd\u0105 okazj\u0119!\",\"breadcrumb\":{\"@id\":\"https:\/\/proclim.com.pl\/jak-nosic-sukienke-w-formie-marynarki\/#breadcrumb\"},\"inLanguage\":\"ro-RO\",\"potentialAction\":[{\"@type\":\"ReadAction\",\"target\":[\"https:\/\/proclim.com.pl\/jak-nosic-sukienke-w-formie-marynarki\/\"]}]},{\"@type\":\"ImageObject\",\"inLanguage\":\"ro-RO\",\"@id\":\"https:\/\/proclim.com.pl\/jak-nosic-sukienke-w-formie-marynarki\/#primaryimage\",\"url\":\"https:\/\/proclim.com.pl\/wp-content\/uploads\/2025\/02\/image1fe855da2c5242159096302767b19a06.png\",\"contentUrl\":\"https:\/\/proclim.com.pl\/wp-content\/uploads\/2025\/02\/image1fe855da2c5242159096302767b19a06.png\",\"width\":1024,\"height\":768},{\"@type\":\"BreadcrumbList\",\"@id\":\"https:\/\/proclim.com.pl\/jak-nosic-sukienke-w-formie-marynarki\/#breadcrumb\",\"itemListElement\":[{\"@type\":\"ListItem\",\"position\":1,\"name\":\"Home\",\"item\":\"https:\/\/proclim.com.pl\/\"},{\"@type\":\"ListItem\",\"position\":2,\"name\":\"Jak nosi\u0107 sukienk\u0119 w formie marynarki?\"}]},{\"@type\":\"WebSite\",\"@id\":\"https:\/\/proclim.com.pl\/#website\",\"url\":\"https:\/\/proclim.com.pl\/\",\"name\":\"proclim.com.pl\",\"description\":\"Organizer na perfumy: porz\u0105dek i styl w jednym miejscu.\",\"potentialAction\":[{\"@type\":\"SearchAction\",\"target\":{\"@type\":\"EntryPoint\",\"urlTemplate\":\"https:\/\/proclim.com.pl\/?s={search_term_string}\"},\"query-input\":\"required name=search_term_string\"}],\"inLanguage\":\"ro-RO\"},{\"@type\":\"Person\",\"@id\":\"https:\/\/proclim.com.pl\/#\/schema\/person\/45c676b6550e197bc729f915ffc429e0\",\"name\":\"Urszula Jasi\u0144ska\",\"image\":{\"@type\":\"ImageObject\",\"inLanguage\":\"ro-RO\",\"@id\":\"https:\/\/proclim.com.pl\/#\/schema\/person\/image\/\",\"url\":\"https:\/\/proclim.com.pl\/wp-content\/uploads\/2025\/02\/jdtygnenjz1_ad_avatar-96x96.jpg\",\"contentUrl\":\"https:\/\/proclim.com.pl\/wp-content\/uploads\/2025\/02\/jdtygnenjz1_ad_avatar-96x96.jpg\",\"caption\":\"Urszula Jasi\u0144ska\"},\"description\":\"Jestem Urszula Jasi\u0144ska, pasjonatka mody z wieloletnim do\u015bwiadczeniem w projektowaniu i stylizacji. Pracowa\u0142am z r\u00f3\u017cnymi markami, a tak\u017ce prowadz\u0119 bloga, na kt\u00f3rym dziel\u0119 si\u0119 swoimi spostrze\u017ceniami. Moim celem jest pomaganie innym w odnalezieniu w\u0142asnego stylu, zach\u0119cam do eksperymentowania z kolorami i krojami.\",\"url\":\"https:\/\/proclim.com.pl\/ro\/author\/urszula-jasinska\/\"}]}<\/script>\n<!-- \/ Yoast SEO plugin. -->","yoast_head_json":{"title":"Jak nosi\u0107 sukienk\u0119 w formie marynarki? Praktyczne porady i stylizacje","description":"Odkryj, jak stylowo nosi\u0107 sukienk\u0119 w formie marynarki. Sprawd\u017a nasze porady dotycz\u0105ce dodatk\u00f3w i idealnych stylizacji na ka\u017cd\u0105 okazj\u0119!","robots":{"index":"index","follow":"follow","max-snippet":"max-snippet:-1","max-image-preview":"max-image-preview:large","max-video-preview":"max-video-preview:-1"},"canonical":"https:\/\/proclim.com.pl\/ro\/jak-nosic-sukienke-w-formie-marynarki\/","og_locale":"ro_RO","og_type":"article","og_title":"Jak nosi\u0107 sukienk\u0119 w formie marynarki? Praktyczne porady i stylizacje","og_description":"Odkryj, jak stylowo nosi\u0107 sukienk\u0119 w formie marynarki. Sprawd\u017a nasze porady dotycz\u0105ce dodatk\u00f3w i idealnych stylizacji na ka\u017cd\u0105 okazj\u0119!","og_url":"https:\/\/proclim.com.pl\/ro\/jak-nosic-sukienke-w-formie-marynarki\/","og_site_name":"proclim.com.pl","article_published_time":"2025-02-20T00:00:00+00:00","og_image":[{"width":1024,"height":768,"url":"https:\/\/proclim.com.pl\/wp-content\/uploads\/2025\/02\/image1fe855da2c5242159096302767b19a06.png","type":"image\/png"}],"author":"Urszula Jasi\u0144ska","twitter_card":"summary_large_image","twitter_misc":{"Scris de":"Urszula Jasi\u0144ska","Timp estimat pentru citire":"4 minute"},"schema":{"@context":"https:\/\/schema.org","@graph":[{"@type":"WebPage","@id":"https:\/\/proclim.com.pl\/jak-nosic-sukienke-w-formie-marynarki\/","url":"https:\/\/proclim.com.pl\/jak-nosic-sukienke-w-formie-marynarki\/","name":"Jak nosi\u0107 sukienk\u0119 w formie marynarki? Praktyczne porady i stylizacje","isPartOf":{"@id":"https:\/\/proclim.com.pl\/#website"},"primaryImageOfPage":{"@id":"https:\/\/proclim.com.pl\/jak-nosic-sukienke-w-formie-marynarki\/#primaryimage"},"image":{"@id":"https:\/\/proclim.com.pl\/jak-nosic-sukienke-w-formie-marynarki\/#primaryimage"},"thumbnailUrl":"https:\/\/proclim.com.pl\/wp-content\/uploads\/2025\/02\/image1fe855da2c5242159096302767b19a06.png","datePublished":"2025-02-20T00:00:00+00:00","dateModified":"2025-02-20T00:00:00+00:00","author":{"@id":"https:\/\/proclim.com.pl\/#\/schema\/person\/45c676b6550e197bc729f915ffc429e0"},"description":"Odkryj, jak stylowo nosi\u0107 sukienk\u0119 w formie marynarki. Sprawd\u017a nasze porady dotycz\u0105ce dodatk\u00f3w i idealnych stylizacji na ka\u017cd\u0105 okazj\u0119!","breadcrumb":{"@id":"https:\/\/proclim.com.pl\/jak-nosic-sukienke-w-formie-marynarki\/#breadcrumb"},"inLanguage":"ro-RO","potentialAction":[{"@type":"ReadAction","target":["https:\/\/proclim.com.pl\/jak-nosic-sukienke-w-formie-marynarki\/"]}]},{"@type":"ImageObject","inLanguage":"ro-RO","@id":"https:\/\/proclim.com.pl\/jak-nosic-sukienke-w-formie-marynarki\/#primaryimage","url":"https:\/\/proclim.com.pl\/wp-content\/uploads\/2025\/02\/image1fe855da2c5242159096302767b19a06.png","contentUrl":"https:\/\/proclim.com.pl\/wp-content\/uploads\/2025\/02\/image1fe855da2c5242159096302767b19a06.png","width":1024,"height":768},{"@type":"BreadcrumbList","@id":"https:\/\/proclim.com.pl\/jak-nosic-sukienke-w-formie-marynarki\/#breadcrumb","itemListElement":[{"@type":"ListItem","position":1,"name":"Home","item":"https:\/\/proclim.com.pl\/"},{"@type":"ListItem","position":2,"name":"Jak nosi\u0107 sukienk\u0119 w formie marynarki?"}]},{"@type":"WebSite","@id":"https:\/\/proclim.com.pl\/#website","url":"https:\/\/proclim.com.pl\/","name":"proclim.com.pl","description":"Organizer na perfumy: porz\u0105dek i styl w jednym miejscu.","potentialAction":[{"@type":"SearchAction","target":{"@type":"EntryPoint","urlTemplate":"https:\/\/proclim.com.pl\/?s={search_term_string}"},"query-input":"required name=search_term_string"}],"inLanguage":"ro-RO"},{"@type":"Person","@id":"https:\/\/proclim.com.pl\/#\/schema\/person\/45c676b6550e197bc729f915ffc429e0","name":"Urszula Jasi\u0144ska","image":{"@type":"ImageObject","inLanguage":"ro-RO","@id":"https:\/\/proclim.com.pl\/#\/schema\/person\/image\/","url":"https:\/\/proclim.com.pl\/wp-content\/uploads\/2025\/02\/jdtygnenjz1_ad_avatar-96x96.jpg","contentUrl":"https:\/\/proclim.com.pl\/wp-content\/uploads\/2025\/02\/jdtygnenjz1_ad_avatar-96x96.jpg","caption":"Urszula Jasi\u0144ska"},"description":"Jestem Urszula Jasi\u0144ska, pasjonatka mody z wieloletnim do\u015bwiadczeniem w projektowaniu i stylizacji. Pracowa\u0142am z r\u00f3\u017cnymi markami, a tak\u017ce prowadz\u0119 bloga, na kt\u00f3rym dziel\u0119 si\u0119 swoimi spostrze\u017ceniami. Moim celem jest pomaganie innym w odnalezieniu w\u0142asnego stylu, zach\u0119cam do eksperymentowania z kolorami i krojami.","url":"https:\/\/proclim.com.pl\/ro\/author\/urszula-jasinska\/"}]}},"yoast_meta":{"yoast_wpseo_title":"","yoast_wpseo_metadesc":"","yoast_wpseo_canonical":"https:\/\/proclim.com.pl\/ro\/wp-json\/wp\/v2\/posts\/456"},"_links":{"self":[{"href":"https:\/\/proclim.com.pl\/ro\/wp-json\/wp\/v2\/posts\/456"}],"collection":[{"href":"https:\/\/proclim.com.pl\/ro\/wp-json\/wp\/v2\/posts"}],"about":[{"href":"https:\/\/proclim.com.pl\/ro\/wp-json\/wp\/v2\/types\/post"}],"author":[{"embeddable":true,"href":"https:\/\/proclim.com.pl\/ro\/wp-json\/wp\/v2\/users\/1"}],"replies":[{"embeddable":true,"href":"https:\/\/proclim.com.pl\/ro\/wp-json\/wp\/v2\/comments?post=456"}],"version-history":[{"count":1,"href":"https:\/\/proclim.com.pl\/ro\/wp-json\/wp\/v2\/posts\/456\/revisions"}],"predecessor-version":[{"id":480,"href":"https:\/\/proclim.com.pl\/ro\/wp-json\/wp\/v2\/posts\/456\/revisions\/480"}],"wp:featuredmedia":[{"embeddable":true,"href":"https:\/\/proclim.com.pl\/ro\/wp-json\/wp\/v2\/media\/427"}],"wp:attachment":[{"href":"https:\/\/proclim.com.pl\/ro\/wp-json\/wp\/v2\/media?parent=456"}],"wp:term":[{"taxonomy":"category","embeddable":true,"href":"https:\/\/proclim.com.pl\/ro\/wp-json\/wp\/v2\/categories?post=456"},{"taxonomy":"post_tag","embeddable":true,"href":"https:\/\/proclim.com.pl\/ro\/wp-json\/wp\/v2\/tags?post=456"}],"curies":[{"name":"wp","href":"https:\/\/api.w.org\/{rel}","templated":true}]}}