{"id":455,"date":"2025-02-19T00:00:00","date_gmt":"2025-02-19T00:00:00","guid":{"rendered":"https:\/\/proclim.com.pl\/?p=455"},"modified":"2025-02-19T00:00:00","modified_gmt":"2025-02-19T00:00:00","slug":"stylizacje-z-neonowa-marynarka-jak-byc-na-czasie","status":"publish","type":"post","link":"https:\/\/proclim.com.pl\/ro\/stylizacje-z-neonowa-marynarka-jak-byc-na-czasie\/","title":{"rendered":"Stiluri de jachete neon: Cum s\u0103 r\u0103m\u00e2i la mod\u0103?"},"content":{"rendered":"<div class=\"kk-star-ratings kksr-auto kksr-align-left kksr-valign-top\"\n    data-payload='{&quot;align&quot;:&quot;left&quot;,&quot;id&quot;:&quot;455&quot;,&quot;slug&quot;:&quot;default&quot;,&quot;valign&quot;:&quot;top&quot;,&quot;ignore&quot;:&quot;&quot;,&quot;reference&quot;:&quot;auto&quot;,&quot;class&quot;:&quot;&quot;,&quot;count&quot;:&quot;0&quot;,&quot;legendonly&quot;:&quot;&quot;,&quot;readonly&quot;:&quot;&quot;,&quot;score&quot;:&quot;0&quot;,&quot;starsonly&quot;:&quot;&quot;,&quot;best&quot;:&quot;5&quot;,&quot;gap&quot;:&quot;5&quot;,&quot;greet&quot;:&quot;&quot;,&quot;legend&quot;:&quot;0\\\/5 - (0 votes)&quot;,&quot;size&quot;:&quot;24&quot;,&quot;title&quot;:&quot;Stylizacje z neonow\u0105 marynark\u0105: Jak by\u0107 na czasie?&quot;,&quot;width&quot;:&quot;0&quot;,&quot;_legend&quot;:&quot;{score}\\\/{best} - ({count} {votes})&quot;,&quot;font_factor&quot;:&quot;1.25&quot;}'>\n            \n<div class=\"kksr-stars\">\n    \n<div class=\"kksr-stars-inactive\">\n            <div class=\"kksr-star\" data-star=\"1\" style=\"padding-right: 5px\">\n            \n\n<div class=\"kksr-icon\" style=\"width: 24px; height: 24px;\"><\/div>\n        <\/div>\n            <div class=\"kksr-star\" data-star=\"2\" style=\"padding-right: 5px\">\n            \n\n<div class=\"kksr-icon\" style=\"width: 24px; height: 24px;\"><\/div>\n        <\/div>\n            <div class=\"kksr-star\" data-star=\"3\" style=\"padding-right: 5px\">\n            \n\n<div class=\"kksr-icon\" style=\"width: 24px; height: 24px;\"><\/div>\n        <\/div>\n            <div class=\"kksr-star\" data-star=\"4\" style=\"padding-right: 5px\">\n            \n\n<div class=\"kksr-icon\" style=\"width: 24px; height: 24px;\"><\/div>\n        <\/div>\n            <div class=\"kksr-star\" data-star=\"5\" style=\"padding-right: 5px\">\n            \n\n<div class=\"kksr-icon\" style=\"width: 24px; height: 24px;\"><\/div>\n        <\/div>\n    <\/div>\n    \n<div class=\"kksr-stars-active\" style=\"width: 0px;\">\n            <div class=\"kksr-star\" style=\"padding-right: 5px\">\n            \n\n<div class=\"kksr-icon\" style=\"width: 24px; height: 24px;\"><\/div>\n        <\/div>\n            <div class=\"kksr-star\" style=\"padding-right: 5px\">\n            \n\n<div class=\"kksr-icon\" style=\"width: 24px; height: 24px;\"><\/div>\n        <\/div>\n            <div class=\"kksr-star\" style=\"padding-right: 5px\">\n            \n\n<div class=\"kksr-icon\" style=\"width: 24px; height: 24px;\"><\/div>\n        <\/div>\n            <div class=\"kksr-star\" style=\"padding-right: 5px\">\n            \n\n<div class=\"kksr-icon\" style=\"width: 24px; height: 24px;\"><\/div>\n        <\/div>\n            <div class=\"kksr-star\" style=\"padding-right: 5px\">\n            \n\n<div class=\"kksr-icon\" style=\"width: 24px; height: 24px;\"><\/div>\n        <\/div>\n    <\/div>\n<\/div>\n                \n\n<div class=\"kksr-legend\" style=\"font-size: 19.2px;\">\n            <span class=\"kksr-muted\"><\/span>\n    <\/div>\n    <\/div>\n<p>Culorile neon \u00een mod\u0103 sunt un subiect care nu \u00eenceteaz\u0103 s\u0103 fascineze. Ad\u0103ugarea unui sacou neon \u00een garderoba ta este o modalitate de a ie\u0219i \u00een eviden\u021b\u0103 \u0219i de a-\u021bi etala individualitatea. Totu\u0219i, merit\u0103 s\u0103 \u0219tii cum s\u0103 por\u021bi acest element \u00eendr\u0103zne\u021b \u00een mod corespunz\u0103tor, pentru a nu c\u0103dea \u00een capcana modei. \u00cen acest articol, vom discuta despre o varietate de stiluri care te vor ajuta s\u0103 devii o adev\u0103rat\u0103 icoan\u0103 a modei. Cu ajutorul accesoriilor potrivite \u0219i a combina\u021biilor dovedite, un blazer neon va deveni un element cheie al garderobei tale. Preg\u0103te\u0219te-te pentru o nou\u0103 aventur\u0103 \u00een lumea modei!<\/p>\n<h2>Istoria culorilor neon \u00een mod\u0103<\/h2>\n<p><img decoding=\"async\" alt=\"Kobieta w r\u00f3\u017cowo-\u017c\u00f3\u0142tej marynarce i metalicznej sp\u00f3dnicy idzie w kierunku baru, w nowoczesnej scenerii.\" src=\"https:\/\/proclim.com.pl\/wp-content\/uploads\/2025\/02\/image8604b11e0813488a97cc5f874d9a91ec.png\"\/><\/p>\n<p>Culorile neon sunt un accent puternic care \u00ee\u0219i are r\u0103d\u0103cinile \u00een anii 1980. Atunci moda nuan\u021belor intense a dominat lumea at\u00e2t a modei stradale, c\u00e2t \u0219i a podiumurilor de mod\u0103. Culorile neon au devenit sinonime cu energia tinereasc\u0103 \u0219i rebeliunea. \u00cenc\u0103 din anii 1980, tendin\u021ba a suferit diverse transform\u0103ri, dar prezen\u021ba sa \u00een mod\u0103 este \u00eenc\u0103 puternic\u0103. \u00cen ultimele sezoane, accentele neon au revenit \u00een for\u021b\u0103, amintindu-ne de valoarea lor. Ast\u0103zi, o jachet\u0103 neon nu este doar un element retro, ci \u0219i un simbol al modernit\u0103\u021bii \u0219i originalit\u0103\u021bii.<\/p>\n<h2>De ce merit\u0103 s\u0103 ai o jachet\u0103 neon \u00een garderob\u0103?<\/h2>\n<p><img decoding=\"async\" alt=\"Sze\u015b\u0107 os\u00f3b w kolorowych marynarkach pozuje na tarasie, z miastem w tle. Wygl\u0105daj\u0105 rado\u015bnie i stylowo.\" src=\"https:\/\/proclim.com.pl\/wp-content\/uploads\/2025\/02\/image71b4b5613b494a78a3f8d6cca27b292a.png\"\/><\/p>\n<p>Un sacou neon este mai mult dec\u00e2t o simpl\u0103 pies\u0103 la mod\u0103; Este un adev\u0103rat must-have care poate transforma orice stil. Iat\u0103 c\u00e2teva motive pentru care ar trebui s\u0103 fie \u00een garderoba ta:<\/p>\n<ul>\n<li><strong>Atrage aten\u021bia:<\/strong> Culorile neon atrag \u00eentotdeauna aten\u021bia \u0219i sunt o modalitate excelent\u0103 de a ie\u0219i \u00een eviden\u021b\u0103.<\/li>\n<li><strong>Versatilitate:<\/strong> Poate fi purtat at\u00e2t zilnic, c\u00e2t \u0219i la ocazii speciale, fiind un articol vestimentar universal.<\/li>\n<li><strong>U\u0219urin\u021b\u0103 \u00een stilizare:<\/strong> O jachet\u0103 neon se potrive\u0219te bine cu haine clasice, ad\u0103ug\u00e2nd o not\u0103 modern\u0103.<\/li>\n<li><strong>Expresia personalit\u0103\u021bii:<\/strong> Purt\u00e2nd culori neon, \u00ee\u021bi exprimi energia \u0219i abordarea pozitiv\u0103 asupra vie\u021bii.<\/li>\n<\/ul>\n<h2>Cum s\u0103 aranjezi o jachet\u0103 neon?<\/h2>\n<p>Un blazer neon ofer\u0103 multe op\u021biuni de stil. \u00cel po\u021bi combina cu o varietate de articole din garderob\u0103. Iat\u0103 c\u00e2teva idei de inspira\u021bie pentru a ridica moralul oric\u0103rui fanatic al stilului:<\/p>\n<h3>Stil clasic de zi cu zi<\/h3>\n<p>Un blazer neon asortat cu blugi drep\u021bi \u0219i un tricou alb este solu\u021bia perfect\u0103 pentru \u021binuta de zi cu zi. Acest look ofer\u0103 confort, permi\u021b\u00e2ndu-\u021bi \u00een acela\u0219i timp s\u0103 te exprimi. Setul clasic poate fi \u00eembog\u0103\u021bit cu accesorii minimaliste, cum ar fi c\u0103\u0219ti \u00een culori discrete sau un ceas delicat.<\/p>\n<h3>Stil de sear\u0103<\/h3>\n<p>Pentru o ie\u0219ire \u00een ora\u0219, o jachet\u0103 neon poate fi asortat\u0103 cu o fust\u0103 sau o rochie elegant\u0103. Este bine s\u0103 ad\u0103uga\u021bi accente metalice care vor completa perfect ansamblul. Tabelul de mai jos prezint\u0103 c\u00e2teva sugestii de stil de sear\u0103 care te pot inspira:<\/p>\n<table border=\"1\">\n<tr>\n<th>Stilizare<\/th>\n<th>Extrasuri<\/th>\n<th>Oportunitate<\/th>\n<\/tr>\n<tr>\n<td>Blazer neon + rochie mini neagr\u0103<\/td>\n<td>Tocuri metalice, geant\u0103 de m\u00e2n\u0103<\/td>\n<td>Parte<\/td>\n<\/tr>\n<tr>\n<td>Blazer neon + fust\u0103 din denim<\/td>\n<td>Cercei simpli, sandale cu toc \u00eenalt<\/td>\n<td>Cin\u0103<\/td>\n<\/tr>\n<tr>\n<td>Sacou neon + pantaloni elegan\u021bi<\/td>\n<td>Br\u0103\u021b\u0103ri delicate, po\u0219et\u0103<\/td>\n<td>Adop\u0163ie<\/td>\n<\/tr>\n<\/table>\n<h2>Ce accesorii s\u0103 alegi pentru o jachet\u0103 neon?<\/h2>\n<p>Accesoriile bine alese sunt esen\u021biale pentru orice stil, mai ales atunci c\u00e2nd por\u021bi un blazer neon. Iat\u0103 c\u00e2teva recomand\u0103ri:<\/p>\n<ul>\n<li><strong>Cercei minimalisti:<\/strong> Cerceii simpli \u0219i discre\u021bi nu vor cople\u0219i culoarea jachetei.<\/li>\n<li><strong>Clutch \u00een culori discrete:<\/strong> Un accesoriu elegant care va ad\u0103uga stil, dar nu va distrage aten\u021bia de la elementul neon.<\/li>\n<li><strong>Pantofi \u00een tonuri neutre:<\/strong> Alege culori clasice precum negrul sau bejul pentru a p\u0103stra echilibrul.<\/li>\n<\/ul>\n<h2>Rezumat<\/h2>\n<p>\u00cen concluzie, un blazer neon este o pies\u0103 incredibil de versatil\u0103, care poate oferi posibilit\u0103\u021bi nelimitate de stilizare. Cu combina\u021biile potrivite, po\u021bi crea at\u00e2t un look de zi cu zi, c\u00e2t \u0219i o \u021binut\u0103 elegant\u0103 pentru ocazii speciale. Nu v\u0103 fie team\u0103 s\u0103 experimenta\u021bi cu stiluri \u0219i s\u0103 v\u0103 juca\u021bi cu culorile. Un sacou neon poate fi proasp\u0103t, modern \u0219i, mai presus de toate, o expresie a ceea ce e\u0219ti. Merit\u0103 s\u0103 investe\u0219ti \u00een acest element \u0219i s\u0103 surprinzi pe toat\u0103 lumea cu imaginea ta la mod\u0103!<\/p>\n<h2>\u00centreb\u0103ri frecvente<\/h2>\n<ul>\n<li><strong>Se potrive\u0219te o jachet\u0103 neon oric\u0103rei siluete?<\/strong><br \/>Da, un sacou neon poate fi adaptat pentru a se potrivi unei variet\u0103\u021bi de tipuri de corp. Este important s\u0103 alege\u021bi croiala potrivit\u0103.<\/li>\n<li><strong>Ce culori se potrivesc cel mai bine cu o jachet\u0103 neon?<\/strong><br \/>Tonurile de alb, negru \u0219i gri se vor potrivi cel mai bine, dar po\u021bi experimenta \u0219i cu culori mai \u00eendr\u0103zne\u021be.<\/li>\n<li><strong>Sunt culorile neon potrivite pentru ocazii formale?<\/strong><br \/>Depinde de codul vestimentar al evenimentului. \u00cen stilurile elegante, elementele neon pot ad\u0103uga energie, cu condi\u021bia s\u0103 fie combinate cu abilitate.<\/li>\n<li><strong>Cum s\u0103 \u00eengrije\u0219ti o jachet\u0103 neon pentru a o p\u0103stra ca nou\u0103 mult timp?<\/strong><br \/>Se recomand\u0103 sp\u0103larea cu ap\u0103 rece \u0219i evitarea substan\u021belor chimice agresive care pot deteriora culoarea.<\/li>\n<li><strong>Mai este blazerul neon la mod\u0103?<\/strong><br \/>Da, culorile neon sunt \u00eenc\u0103 la mod\u0103 \u0219i populare printre influencerii \u0219i designerii de mod\u0103.<\/li>\n<\/ul>","protected":false},"excerpt":{"rendered":"<p>Neonowe kolory w modzie to temat, kt\u00f3ry nie przestaje fascynowa\u0107. Wprowadzenie neonowej marynarki do swojej garderoby to spos\u00f3b, by wyr\u00f3\u017cni\u0107 si\u0119 z t\u0142umu i pokaza\u0107 swoj\u0105 indywidualno\u015b\u0107. Warto jednak wiedzie\u0107, jak odpowiednio nosi\u0107 ten odwa\u017cny element, aby nie popa\u015b\u0107 w modow\u0105 pu\u0142apk\u0119. W artykule om\u00f3wimy r\u00f3\u017cnorodne stylizacje, kt\u00f3re pomog\u0105 Ci sta\u0107 si\u0119 prawdziw\u0105 ikon\u0105 mody. [&hellip;]<\/p>","protected":false},"author":1,"featured_media":431,"comment_status":"closed","ping_status":"closed","sticky":false,"template":"","format":"standard","meta":{"_acf_changed":false,"footnotes":""},"categories":[1],"tags":[],"class_list":["post-455","post","type-post","status-publish","format-standard","has-post-thumbnail","hentry","category-blog"],"acf":[],"yoast_head":"<!-- This site is optimized with the Yoast SEO plugin v23.2 - https:\/\/yoast.com\/wordpress\/plugins\/seo\/ -->\n<title>Stylizacje z neonow\u0105 marynark\u0105: Jak by\u0107 na czasie w modzie?<\/title>\n<meta name=\"description\" content=\"Odkryj, jak stylizowa\u0107 neonow\u0105 marynark\u0119, aby wygl\u0105da\u0107 modnie. Znajdziesz porady, dodatki i inspiracje na ka\u017cd\u0105 okazj\u0119!\" \/>\n<meta name=\"robots\" content=\"index, follow, max-snippet:-1, max-image-preview:large, max-video-preview:-1\" \/>\n<link rel=\"canonical\" href=\"https:\/\/proclim.com.pl\/ro\/stylizacje-z-neonowa-marynarka-jak-byc-na-czasie\/\" \/>\n<meta property=\"og:locale\" content=\"ro_RO\" \/>\n<meta property=\"og:type\" content=\"article\" \/>\n<meta property=\"og:title\" content=\"Stylizacje z neonow\u0105 marynark\u0105: Jak by\u0107 na czasie w modzie?\" \/>\n<meta property=\"og:description\" content=\"Odkryj, jak stylizowa\u0107 neonow\u0105 marynark\u0119, aby wygl\u0105da\u0107 modnie. Znajdziesz porady, dodatki i inspiracje na ka\u017cd\u0105 okazj\u0119!\" \/>\n<meta property=\"og:url\" content=\"https:\/\/proclim.com.pl\/ro\/stylizacje-z-neonowa-marynarka-jak-byc-na-czasie\/\" \/>\n<meta property=\"og:site_name\" content=\"proclim.com.pl\" \/>\n<meta property=\"article:published_time\" content=\"2025-02-19T00:00:00+00:00\" \/>\n<meta property=\"og:image\" content=\"https:\/\/proclim.com.pl\/wp-content\/uploads\/2025\/02\/image7a1bfb58ec9d459290c8d23a48d68f88.png\" \/>\n\t<meta property=\"og:image:width\" content=\"1024\" \/>\n\t<meta property=\"og:image:height\" content=\"768\" \/>\n\t<meta property=\"og:image:type\" content=\"image\/png\" \/>\n<meta name=\"author\" content=\"Urszula Jasi\u0144ska\" \/>\n<meta name=\"twitter:card\" content=\"summary_large_image\" \/>\n<meta name=\"twitter:label1\" content=\"Scris de\" \/>\n\t<meta name=\"twitter:data1\" content=\"Urszula Jasi\u0144ska\" \/>\n\t<meta name=\"twitter:label2\" content=\"Timp estimat pentru citire\" \/>\n\t<meta name=\"twitter:data2\" content=\"4 minute\" \/>\n<script type=\"application\/ld+json\" class=\"yoast-schema-graph\">{\"@context\":\"https:\/\/schema.org\",\"@graph\":[{\"@type\":\"WebPage\",\"@id\":\"https:\/\/proclim.com.pl\/stylizacje-z-neonowa-marynarka-jak-byc-na-czasie\/\",\"url\":\"https:\/\/proclim.com.pl\/stylizacje-z-neonowa-marynarka-jak-byc-na-czasie\/\",\"name\":\"Stylizacje z neonow\u0105 marynark\u0105: Jak by\u0107 na czasie w modzie?\",\"isPartOf\":{\"@id\":\"https:\/\/proclim.com.pl\/#website\"},\"primaryImageOfPage\":{\"@id\":\"https:\/\/proclim.com.pl\/stylizacje-z-neonowa-marynarka-jak-byc-na-czasie\/#primaryimage\"},\"image\":{\"@id\":\"https:\/\/proclim.com.pl\/stylizacje-z-neonowa-marynarka-jak-byc-na-czasie\/#primaryimage\"},\"thumbnailUrl\":\"https:\/\/proclim.com.pl\/wp-content\/uploads\/2025\/02\/image7a1bfb58ec9d459290c8d23a48d68f88.png\",\"datePublished\":\"2025-02-19T00:00:00+00:00\",\"dateModified\":\"2025-02-19T00:00:00+00:00\",\"author\":{\"@id\":\"https:\/\/proclim.com.pl\/#\/schema\/person\/45c676b6550e197bc729f915ffc429e0\"},\"description\":\"Odkryj, jak stylizowa\u0107 neonow\u0105 marynark\u0119, aby wygl\u0105da\u0107 modnie. Znajdziesz porady, dodatki i inspiracje na ka\u017cd\u0105 okazj\u0119!\",\"breadcrumb\":{\"@id\":\"https:\/\/proclim.com.pl\/stylizacje-z-neonowa-marynarka-jak-byc-na-czasie\/#breadcrumb\"},\"inLanguage\":\"ro-RO\",\"potentialAction\":[{\"@type\":\"ReadAction\",\"target\":[\"https:\/\/proclim.com.pl\/stylizacje-z-neonowa-marynarka-jak-byc-na-czasie\/\"]}]},{\"@type\":\"ImageObject\",\"inLanguage\":\"ro-RO\",\"@id\":\"https:\/\/proclim.com.pl\/stylizacje-z-neonowa-marynarka-jak-byc-na-czasie\/#primaryimage\",\"url\":\"https:\/\/proclim.com.pl\/wp-content\/uploads\/2025\/02\/image7a1bfb58ec9d459290c8d23a48d68f88.png\",\"contentUrl\":\"https:\/\/proclim.com.pl\/wp-content\/uploads\/2025\/02\/image7a1bfb58ec9d459290c8d23a48d68f88.png\",\"width\":1024,\"height\":768},{\"@type\":\"BreadcrumbList\",\"@id\":\"https:\/\/proclim.com.pl\/stylizacje-z-neonowa-marynarka-jak-byc-na-czasie\/#breadcrumb\",\"itemListElement\":[{\"@type\":\"ListItem\",\"position\":1,\"name\":\"Home\",\"item\":\"https:\/\/proclim.com.pl\/\"},{\"@type\":\"ListItem\",\"position\":2,\"name\":\"Stylizacje z neonow\u0105 marynark\u0105: Jak by\u0107 na czasie?\"}]},{\"@type\":\"WebSite\",\"@id\":\"https:\/\/proclim.com.pl\/#website\",\"url\":\"https:\/\/proclim.com.pl\/\",\"name\":\"proclim.com.pl\",\"description\":\"Organizer na perfumy: porz\u0105dek i styl w jednym miejscu.\",\"potentialAction\":[{\"@type\":\"SearchAction\",\"target\":{\"@type\":\"EntryPoint\",\"urlTemplate\":\"https:\/\/proclim.com.pl\/?s={search_term_string}\"},\"query-input\":\"required name=search_term_string\"}],\"inLanguage\":\"ro-RO\"},{\"@type\":\"Person\",\"@id\":\"https:\/\/proclim.com.pl\/#\/schema\/person\/45c676b6550e197bc729f915ffc429e0\",\"name\":\"Urszula Jasi\u0144ska\",\"image\":{\"@type\":\"ImageObject\",\"inLanguage\":\"ro-RO\",\"@id\":\"https:\/\/proclim.com.pl\/#\/schema\/person\/image\/\",\"url\":\"https:\/\/proclim.com.pl\/wp-content\/uploads\/2025\/02\/jdtygnenjz1_ad_avatar-96x96.jpg\",\"contentUrl\":\"https:\/\/proclim.com.pl\/wp-content\/uploads\/2025\/02\/jdtygnenjz1_ad_avatar-96x96.jpg\",\"caption\":\"Urszula Jasi\u0144ska\"},\"description\":\"Jestem Urszula Jasi\u0144ska, pasjonatka mody z wieloletnim do\u015bwiadczeniem w projektowaniu i stylizacji. Pracowa\u0142am z r\u00f3\u017cnymi markami, a tak\u017ce prowadz\u0119 bloga, na kt\u00f3rym dziel\u0119 si\u0119 swoimi spostrze\u017ceniami. Moim celem jest pomaganie innym w odnalezieniu w\u0142asnego stylu, zach\u0119cam do eksperymentowania z kolorami i krojami.\",\"url\":\"https:\/\/proclim.com.pl\/ro\/author\/urszula-jasinska\/\"}]}<\/script>\n<!-- \/ Yoast SEO plugin. -->","yoast_head_json":{"title":"Stylizacje z neonow\u0105 marynark\u0105: Jak by\u0107 na czasie w modzie?","description":"Odkryj, jak stylizowa\u0107 neonow\u0105 marynark\u0119, aby wygl\u0105da\u0107 modnie. Znajdziesz porady, dodatki i inspiracje na ka\u017cd\u0105 okazj\u0119!","robots":{"index":"index","follow":"follow","max-snippet":"max-snippet:-1","max-image-preview":"max-image-preview:large","max-video-preview":"max-video-preview:-1"},"canonical":"https:\/\/proclim.com.pl\/ro\/stylizacje-z-neonowa-marynarka-jak-byc-na-czasie\/","og_locale":"ro_RO","og_type":"article","og_title":"Stylizacje z neonow\u0105 marynark\u0105: Jak by\u0107 na czasie w modzie?","og_description":"Odkryj, jak stylizowa\u0107 neonow\u0105 marynark\u0119, aby wygl\u0105da\u0107 modnie. Znajdziesz porady, dodatki i inspiracje na ka\u017cd\u0105 okazj\u0119!","og_url":"https:\/\/proclim.com.pl\/ro\/stylizacje-z-neonowa-marynarka-jak-byc-na-czasie\/","og_site_name":"proclim.com.pl","article_published_time":"2025-02-19T00:00:00+00:00","og_image":[{"width":1024,"height":768,"url":"https:\/\/proclim.com.pl\/wp-content\/uploads\/2025\/02\/image7a1bfb58ec9d459290c8d23a48d68f88.png","type":"image\/png"}],"author":"Urszula Jasi\u0144ska","twitter_card":"summary_large_image","twitter_misc":{"Scris de":"Urszula Jasi\u0144ska","Timp estimat pentru citire":"4 minute"},"schema":{"@context":"https:\/\/schema.org","@graph":[{"@type":"WebPage","@id":"https:\/\/proclim.com.pl\/stylizacje-z-neonowa-marynarka-jak-byc-na-czasie\/","url":"https:\/\/proclim.com.pl\/stylizacje-z-neonowa-marynarka-jak-byc-na-czasie\/","name":"Stylizacje z neonow\u0105 marynark\u0105: Jak by\u0107 na czasie w modzie?","isPartOf":{"@id":"https:\/\/proclim.com.pl\/#website"},"primaryImageOfPage":{"@id":"https:\/\/proclim.com.pl\/stylizacje-z-neonowa-marynarka-jak-byc-na-czasie\/#primaryimage"},"image":{"@id":"https:\/\/proclim.com.pl\/stylizacje-z-neonowa-marynarka-jak-byc-na-czasie\/#primaryimage"},"thumbnailUrl":"https:\/\/proclim.com.pl\/wp-content\/uploads\/2025\/02\/image7a1bfb58ec9d459290c8d23a48d68f88.png","datePublished":"2025-02-19T00:00:00+00:00","dateModified":"2025-02-19T00:00:00+00:00","author":{"@id":"https:\/\/proclim.com.pl\/#\/schema\/person\/45c676b6550e197bc729f915ffc429e0"},"description":"Odkryj, jak stylizowa\u0107 neonow\u0105 marynark\u0119, aby wygl\u0105da\u0107 modnie. Znajdziesz porady, dodatki i inspiracje na ka\u017cd\u0105 okazj\u0119!","breadcrumb":{"@id":"https:\/\/proclim.com.pl\/stylizacje-z-neonowa-marynarka-jak-byc-na-czasie\/#breadcrumb"},"inLanguage":"ro-RO","potentialAction":[{"@type":"ReadAction","target":["https:\/\/proclim.com.pl\/stylizacje-z-neonowa-marynarka-jak-byc-na-czasie\/"]}]},{"@type":"ImageObject","inLanguage":"ro-RO","@id":"https:\/\/proclim.com.pl\/stylizacje-z-neonowa-marynarka-jak-byc-na-czasie\/#primaryimage","url":"https:\/\/proclim.com.pl\/wp-content\/uploads\/2025\/02\/image7a1bfb58ec9d459290c8d23a48d68f88.png","contentUrl":"https:\/\/proclim.com.pl\/wp-content\/uploads\/2025\/02\/image7a1bfb58ec9d459290c8d23a48d68f88.png","width":1024,"height":768},{"@type":"BreadcrumbList","@id":"https:\/\/proclim.com.pl\/stylizacje-z-neonowa-marynarka-jak-byc-na-czasie\/#breadcrumb","itemListElement":[{"@type":"ListItem","position":1,"name":"Home","item":"https:\/\/proclim.com.pl\/"},{"@type":"ListItem","position":2,"name":"Stylizacje z neonow\u0105 marynark\u0105: Jak by\u0107 na czasie?"}]},{"@type":"WebSite","@id":"https:\/\/proclim.com.pl\/#website","url":"https:\/\/proclim.com.pl\/","name":"proclim.com.pl","description":"Organizer na perfumy: porz\u0105dek i styl w jednym miejscu.","potentialAction":[{"@type":"SearchAction","target":{"@type":"EntryPoint","urlTemplate":"https:\/\/proclim.com.pl\/?s={search_term_string}"},"query-input":"required name=search_term_string"}],"inLanguage":"ro-RO"},{"@type":"Person","@id":"https:\/\/proclim.com.pl\/#\/schema\/person\/45c676b6550e197bc729f915ffc429e0","name":"Urszula Jasi\u0144ska","image":{"@type":"ImageObject","inLanguage":"ro-RO","@id":"https:\/\/proclim.com.pl\/#\/schema\/person\/image\/","url":"https:\/\/proclim.com.pl\/wp-content\/uploads\/2025\/02\/jdtygnenjz1_ad_avatar-96x96.jpg","contentUrl":"https:\/\/proclim.com.pl\/wp-content\/uploads\/2025\/02\/jdtygnenjz1_ad_avatar-96x96.jpg","caption":"Urszula Jasi\u0144ska"},"description":"Jestem Urszula Jasi\u0144ska, pasjonatka mody z wieloletnim do\u015bwiadczeniem w projektowaniu i stylizacji. Pracowa\u0142am z r\u00f3\u017cnymi markami, a tak\u017ce prowadz\u0119 bloga, na kt\u00f3rym dziel\u0119 si\u0119 swoimi spostrze\u017ceniami. Moim celem jest pomaganie innym w odnalezieniu w\u0142asnego stylu, zach\u0119cam do eksperymentowania z kolorami i krojami.","url":"https:\/\/proclim.com.pl\/ro\/author\/urszula-jasinska\/"}]}},"yoast_meta":{"yoast_wpseo_title":"","yoast_wpseo_metadesc":"","yoast_wpseo_canonical":"https:\/\/proclim.com.pl\/ro\/wp-json\/wp\/v2\/posts\/455"},"_links":{"self":[{"href":"https:\/\/proclim.com.pl\/ro\/wp-json\/wp\/v2\/posts\/455"}],"collection":[{"href":"https:\/\/proclim.com.pl\/ro\/wp-json\/wp\/v2\/posts"}],"about":[{"href":"https:\/\/proclim.com.pl\/ro\/wp-json\/wp\/v2\/types\/post"}],"author":[{"embeddable":true,"href":"https:\/\/proclim.com.pl\/ro\/wp-json\/wp\/v2\/users\/1"}],"replies":[{"embeddable":true,"href":"https:\/\/proclim.com.pl\/ro\/wp-json\/wp\/v2\/comments?post=455"}],"version-history":[{"count":1,"href":"https:\/\/proclim.com.pl\/ro\/wp-json\/wp\/v2\/posts\/455\/revisions"}],"predecessor-version":[{"id":479,"href":"https:\/\/proclim.com.pl\/ro\/wp-json\/wp\/v2\/posts\/455\/revisions\/479"}],"wp:featuredmedia":[{"embeddable":true,"href":"https:\/\/proclim.com.pl\/ro\/wp-json\/wp\/v2\/media\/431"}],"wp:attachment":[{"href":"https:\/\/proclim.com.pl\/ro\/wp-json\/wp\/v2\/media?parent=455"}],"wp:term":[{"taxonomy":"category","embeddable":true,"href":"https:\/\/proclim.com.pl\/ro\/wp-json\/wp\/v2\/categories?post=455"},{"taxonomy":"post_tag","embeddable":true,"href":"https:\/\/proclim.com.pl\/ro\/wp-json\/wp\/v2\/tags?post=455"}],"curies":[{"name":"wp","href":"https:\/\/api.w.org\/{rel}","templated":true}]}}