{"id":42,"date":"2024-09-09T13:51:31","date_gmt":"2024-09-09T12:51:31","guid":{"rendered":"https:\/\/proclim.com.pl\/2024\/09\/09\/jak-zadbac-o-estetyke-i-funkcjonalnosc-w-lazience\/"},"modified":"2024-09-23T01:58:17","modified_gmt":"2024-09-23T00:58:17","slug":"jak-zadbac-o-estetyke-i-funkcjonalnosc-w-lazience","status":"publish","type":"post","link":"https:\/\/proclim.com.pl\/ro\/jak-zadbac-o-estetyke-i-funkcjonalnosc-w-lazience\/","title":{"rendered":"Cum s\u0103 asiguri estetica \u0219i func\u021bionalitatea \u00een baie?"},"content":{"rendered":"<div class=\"kk-star-ratings kksr-auto kksr-align-left kksr-valign-top\"\n    data-payload='{&quot;align&quot;:&quot;left&quot;,&quot;id&quot;:&quot;42&quot;,&quot;slug&quot;:&quot;default&quot;,&quot;valign&quot;:&quot;top&quot;,&quot;ignore&quot;:&quot;&quot;,&quot;reference&quot;:&quot;auto&quot;,&quot;class&quot;:&quot;&quot;,&quot;count&quot;:&quot;0&quot;,&quot;legendonly&quot;:&quot;&quot;,&quot;readonly&quot;:&quot;&quot;,&quot;score&quot;:&quot;0&quot;,&quot;starsonly&quot;:&quot;&quot;,&quot;best&quot;:&quot;5&quot;,&quot;gap&quot;:&quot;5&quot;,&quot;greet&quot;:&quot;&quot;,&quot;legend&quot;:&quot;0\\\/5 - (0 votes)&quot;,&quot;size&quot;:&quot;24&quot;,&quot;title&quot;:&quot;Jak zadba\u0107 o estetyk\u0119 i funkcjonalno\u015b\u0107 w \u0142azience?&quot;,&quot;width&quot;:&quot;0&quot;,&quot;_legend&quot;:&quot;{score}\\\/{best} - ({count} {votes})&quot;,&quot;font_factor&quot;:&quot;1.25&quot;}'>\n            \n<div class=\"kksr-stars\">\n    \n<div class=\"kksr-stars-inactive\">\n            <div class=\"kksr-star\" data-star=\"1\" style=\"padding-right: 5px\">\n            \n\n<div class=\"kksr-icon\" style=\"width: 24px; height: 24px;\"><\/div>\n        <\/div>\n            <div class=\"kksr-star\" data-star=\"2\" style=\"padding-right: 5px\">\n            \n\n<div class=\"kksr-icon\" style=\"width: 24px; height: 24px;\"><\/div>\n        <\/div>\n            <div class=\"kksr-star\" data-star=\"3\" style=\"padding-right: 5px\">\n            \n\n<div class=\"kksr-icon\" style=\"width: 24px; height: 24px;\"><\/div>\n        <\/div>\n            <div class=\"kksr-star\" data-star=\"4\" style=\"padding-right: 5px\">\n            \n\n<div class=\"kksr-icon\" style=\"width: 24px; height: 24px;\"><\/div>\n        <\/div>\n            <div class=\"kksr-star\" data-star=\"5\" style=\"padding-right: 5px\">\n            \n\n<div class=\"kksr-icon\" style=\"width: 24px; height: 24px;\"><\/div>\n        <\/div>\n    <\/div>\n    \n<div class=\"kksr-stars-active\" style=\"width: 0px;\">\n            <div class=\"kksr-star\" style=\"padding-right: 5px\">\n            \n\n<div class=\"kksr-icon\" style=\"width: 24px; height: 24px;\"><\/div>\n        <\/div>\n            <div class=\"kksr-star\" style=\"padding-right: 5px\">\n            \n\n<div class=\"kksr-icon\" style=\"width: 24px; height: 24px;\"><\/div>\n        <\/div>\n            <div class=\"kksr-star\" style=\"padding-right: 5px\">\n            \n\n<div class=\"kksr-icon\" style=\"width: 24px; height: 24px;\"><\/div>\n        <\/div>\n            <div class=\"kksr-star\" style=\"padding-right: 5px\">\n            \n\n<div class=\"kksr-icon\" style=\"width: 24px; height: 24px;\"><\/div>\n        <\/div>\n            <div class=\"kksr-star\" style=\"padding-right: 5px\">\n            \n\n<div class=\"kksr-icon\" style=\"width: 24px; height: 24px;\"><\/div>\n        <\/div>\n    <\/div>\n<\/div>\n                \n\n<div class=\"kksr-legend\" style=\"font-size: 19.2px;\">\n            <span class=\"kksr-muted\"><\/span>\n    <\/div>\n    <\/div>\n<p>&#8222;`<\/p>\n<p>\u00cengrijirea corespunz\u0103toare a esteticii \u0219i func\u021bionalit\u0103\u021bii b\u0103ii este crucial\u0103 pentru confortul \u0219i relaxarea pe care ar trebui s\u0103 le ofere acest col\u021b important al casei. \u00cen acest articol, v\u0103 vom ar\u0103ta cum s\u0103 combina\u021bi elemente decorative cu cele practice pentru a crea un spa\u021biu at\u00e2t frumos, c\u00e2t \u0219i practic. Vom r\u0103spunde la \u00eentrebarea ce culori, materiale \u0219i accesorii s\u0103 alegem pentru a ob\u021bine un \u00eentreg armonios. De asemenea, ne vom concentra asupra modului de a amenaja eficient spa\u021biul, \u00een special \u00een b\u0103ile mici. O abordare atent\u0103 a esteticii \u0219i func\u021bionalit\u0103\u021bii ne va permite s\u0103 ne bucur\u0103m la maximum de baie. De asemenea, merit\u0103 s\u0103 lua\u021bi \u00een considerare un organizator de parfumuri care va ajuta la men\u021binerea ordinii \u0219i va ad\u0103uga elegan\u021b\u0103 oric\u0103rei b\u0103i.<\/p>\n<h2>Elemente cheie ale esteticii b\u0103ii<\/h2>\n<p>Culorile din baie au un impact uria\u0219 asupra atmosferei \u0219i st\u0103rii de bine. Merit\u0103 s\u0103 alegi nuan\u021be deschise \u0219i neutre care m\u0103resc optic spa\u021biul \u0219i \u00eei confer\u0103 o senza\u021bie de prospe\u021bime. Nuan\u021bele de alb, bej sau culorile pastelate sunt o alegere excelent\u0103 care introduce armonie. Totu\u0219i, s\u0103 nu ne fie team\u0103 s\u0103 ad\u0103ug\u0103m accente \u00een culori intense care vor da caracter b\u0103ii noastre. S\u0103 nu uit\u0103m, de asemenea, s\u0103 alegem culorile \u00een func\u021bie de propriul gust \u0219i preferin\u021be, ceea ce va ad\u0103uga o not\u0103 personal\u0103. Alegerea final\u0103 a culorilor ar trebui s\u0103 se potriveasc\u0103 cu restul elementelor de design pentru a crea un \u00eentreg coerent.<\/p>\n<h3>Materiale \u0219i finisaje<\/h3>\n<p>Alegerea materialelor potrivite pentru finisajul b\u0103ii este crucial\u0103, at\u00e2t din punct de vedere estetic, c\u00e2t \u0219i func\u021bional. Ceramica, lemnul impermeabil sau sticla sunt doar c\u00e2teva dintre op\u021biunile care merit\u0103 luate \u00een considerare. Atunci c\u00e2nd alege\u021bi materiale, merit\u0103 s\u0103 lua\u021bi \u00een considerare durabilitatea \u0219i u\u0219urin\u021ba cur\u0103\u021b\u0103rii acestora. Tendin\u021bele actuale ofer\u0103 o varietate de modele \u0219i structuri, ceea ce v\u0103 permite s\u0103 crea\u021bi o atmosfer\u0103 unic\u0103. Finisajele bine alese pentru podele \u0219i pere\u021bi vor accentua stilul general al b\u0103ii \u0219i vor avea grij\u0103 \u0219i de aspectele practice ale acesteia. De asemenea, merit\u0103 luat\u0103 \u00een considerare utilizarea pl\u0103cilor care imit\u0103 lemnul, care vor aduce c\u0103ldur\u0103 \u00een interior.<\/p>\n<h2>Func\u021bionalitatea b\u0103ii<\/h2>\n<p>Planificarea spa\u021biului din baie este crucial\u0103, mai ales \u00een spa\u021biile mici, unde fiecare centimetru conteaz\u0103. Merit\u0103 s\u0103 lua\u021bi \u00een considerare amenaj\u0103ri care vor utiliza la maximum spa\u021biul disponibil. Solu\u021biile func\u021bionale, cum ar fi toaletele sau chiuvetele suspendate, creeaz\u0103 o senza\u021bie de spa\u021biu mai mare. De asemenea, este important s\u0103 grupa\u021bi corect elementele, astfel \u00eenc\u00e2t mi\u0219carea prin baie s\u0103 fie confortabil\u0103. \u00cen cazul b\u0103ilor mici, merit\u0103 s\u0103 alege\u021bi oglinzi spa\u021bioase care vor m\u0103ri optic \u0219i mai mult \u00eenc\u0103perea. Solu\u021biile arhitecturale moderne ofer\u0103 numeroase op\u021biuni de amenajare care pot fi adaptate nevoilor specifice.<\/p>\n<h3>Selec\u021bie de mobilier \u0219i accesorii<\/h3>\n<p>Mobilierul \u0219i accesoriile pentru baie trebuie s\u0103 \u00eembine func\u021bionalitatea cu estetica. Atunci c\u00e2nd alege\u021bi mobil\u0103, acorda\u021bi aten\u021bie dimensiunii \u0219i caracterului practic al acesteia. Pentru b\u0103ile mici, mobilierul f\u0103cut la comand\u0103 sau cel suspendat poate fi solu\u021bia ideal\u0103. De asemenea, este extrem de important ca accesoriile s\u0103 se potriveasc\u0103 nevoilor \u0219i stilului nostru. Un organizator de parfumuri este unul dintre elementele care nu numai c\u0103 \u00eembun\u0103t\u0103\u021be\u0219te ordinea, dar poate fi \u0219i un accent decorativ interesant. S\u0103 ne hot\u0103r\u00e2m asupra accesoriilor care vor fi func\u021bionale \u0219i, \u00een acela\u0219i timp, se vor \u00eencadra \u00een ipotezele stilistice generale ale b\u0103ii noastre.<\/p>\n<h2>Men\u021binerea esteticii \u0219i func\u021bionalit\u0103\u021bii<\/h2>\n<p>Pentru a men\u021bine estetica \u0219i func\u021bionalitatea b\u0103ii tale pentru mai mult timp, \u00eentre\u021binerea regulat\u0103 este esen\u021bial\u0103. Cur\u0103\u021barea elementelor de finisaj \u0219i a mobilierului este un pas fundamental care nu numai c\u0103 le prelunge\u0219te durata de via\u021b\u0103, dar le men\u021bine \u0219i aspectul atractiv. Este bine s\u0103 folosi\u021bi materiale u\u0219or de cur\u0103\u021bat, cum ar fi por\u021belanul sau o\u021belul inoxidabil. Nu uita\u021bi s\u0103 \u00eendep\u0103rta\u021bi \u00een mod regulat depunerile \u0219i mucegaiul care ne pot strica eforturile de a men\u021bine estetica. De asemenea, merit\u0103 s\u0103 investe\u0219ti \u00een produse de cur\u0103\u021bare adecvate, adaptate materialelor specifice din baia noastr\u0103. A te men\u021bine curat nu este doar o chestiune de estetic\u0103, ci \u0219i de s\u0103n\u0103tate \u0219i confort.<\/p>\n<h3>Schimb\u0103ri sezoniere<\/h3>\n<p>Aducerea unor mici modific\u0103ri la decorul b\u0103ii din c\u00e2nd \u00een c\u00e2nd va da spa\u021biului un efect revigorant. Schimb\u0103rile sezoniere, cum ar fi o nou\u0103 perdea de du\u0219, covoare sau cutii cu accesorii, pot aduce prospe\u021bime interiorului. De asemenea, merit\u0103 s\u0103 lua\u021bi \u00een considerare accesoriile care sunt la mod\u0103 \u00eentr-un anumit sezon, cum ar fi plantele \u00een ghiveci, care vor ad\u0103uga culoare \u0219i via\u021b\u0103. Merit\u0103 s\u0103 ne amintim c\u0103 micile schimb\u0103ri fac adesea ca \u00eentreaga camer\u0103 s\u0103 par\u0103 nou\u0103 \u0219i diferit\u0103. Datorit\u0103 lor, baia noastr\u0103 poate surprinde \u0219i inspira \u00eenc\u0103 o dat\u0103. Modific\u0103rile sezoniere vor adapta interiorul la nevoile \u0219i gusturile \u00een schimbare ale membrilor gospod\u0103riei.<\/p>\n<p><img decoding=\"async\" src=\"https:\/\/media.istockphoto.com\/id\/1402454242\/ru\/%D1%84%D0%BE%D1%82%D0%BE\/%D0%BA%D0%BE%D1%81%D0%BC%D0%B5%D1%82%D0%B8%D1%87%D0%B5%D1%81%D0%BA%D0%B8%D0%B5-%D1%81%D1%80%D0%B5%D0%B4%D1%81%D1%82%D0%B2%D0%B0-%D1%80%D0%B0%D1%81%D1%81%D1%82%D0%B0%D0%B2%D0%BB%D0%B5%D0%BD%D1%8B-%D0%B2-%D0%B1%D0%B5%D0%BB%D1%8B%D1%85-%D0%BE%D1%80%D0%B3%D0%B0%D0%BD%D0%B0%D0%B9%D0%B7%D0%B5%D1%80%D0%B0%D1%85-%D1%82%D0%B2%D0%BE%D1%80%D1%87%D0%B5%D1%81%D0%BA%D0%B0%D1%8F-%D0%BE%D1%80%D0%B3%D0%B0%D0%BD%D0%B8%D0%B7%D0%B0%D1%86%D0%B8%D1%8F-%D1%8F%D1%89%D0%B8%D0%BA%D0%BE%D0%B2-%D1%85%D1%80%D0%B0%D0%BD%D0%B5%D0%BD%D0%B8%D0%B5.jpg?s=612x612&#038;w=0&#038;k=20&#038;c=Y5tfwAc61lMTKsWgSaH2R2Y3n_jTb_VSJMQiigM9I9k=\" alt=\"Uporz\u0105dkowana szuflada \u0142azienkowa ze starannie u\u0142o\u017conymi produktami do piel\u0119gnacji sk\u00f3ry i akcesoriami w bia\u0142ych i bambusowych pojemnikach.\"\/><\/p>\n<p>Pe scurt, grija pentru estetic\u0103 \u0219i func\u021bionalitatea b\u0103ii nu este doar posibil\u0103, ci \u0219i necesar\u0103. Selec\u021bia potrivit\u0103 a culorilor, materialelor, mobilierului \u0219i accesoriilor creeaz\u0103 un spa\u021biu coerent \u0219i armonios, propice relax\u0103rii. \u00centre\u021binerea regulat\u0103 \u0219i schimb\u0103rile sezoniere asigur\u0103 c\u0103 baia dumneavoastr\u0103 r\u0103m\u00e2ne \u00een stare excelent\u0103 ani de zile. V\u0103 \u00eencuraj\u0103m s\u0103 planifica\u021bi \u0219i s\u0103 implementa\u021bi schimb\u0103ri care v\u0103 vor transforma baia \u00een spa\u021biul visurilor voastre.<\/p>\n<h2>FAQ<\/h2>\n<ol>\n<li><strong>Ce culori sunt cele mai potrivite pentru o baie mic\u0103?<\/strong><br \/>\n        Cele mai bune culori sunt nuan\u021bele deschise \u0219i neutre, precum albul, bejul sau culorile pastelate, care m\u0103resc optic spa\u021biul.<\/li>\n<li><strong>Ce materiale sunt cele mai durabile \u00een baie?<\/strong><br \/>\n        Cele mai durabile materiale sunt ceramica, sticla securizat\u0103 \u0219i compozitele, care sunt rezistente la umiditate \u0219i u\u0219or de cur\u0103\u021bat.<\/li>\n<li><strong>Ce iluminat este cel mai potrivit pentru baie?<\/strong><br \/>\n        Cea mai bun\u0103 iluminare este iluminarea pe mai multe niveluri, care combin\u0103 lumina principal\u0103 cu surse suplimentare, cum ar fi spoturile LED deasupra oglinzii.<\/li>\n<li><strong>Care sunt solu\u021biile func\u021bionale pentru b\u0103ile mici?<\/strong><br \/>\n        Merit\u0103 s\u0103 investe\u0219ti \u00een mobil\u0103 f\u0103cut\u0103 la comand\u0103, dulapuri suspendate \u0219i oglinzi cu spa\u021biu de depozitare \u00eencorporat.<\/li>\n<li><strong>Ce schimb\u0103ri pot face pentru a re\u00eemprosp\u0103ta decorul vechiului meu de baie?<\/strong><br \/>\n        Po\u021bi schimba accesorii, perdele sau covoare sau chiar ad\u0103uga plante \u00een ghiveci care adaug\u0103 prospe\u021bime.<\/li>\n<\/ol>\n<p>&#8222;`<\/p>","protected":false},"excerpt":{"rendered":"<p>&#8222;` W\u0142a\u015bciwe zadbanie o estetyk\u0119 i funkcjonalno\u015b\u0107 w \u0142azience jest kluczowe dla komfortu i relaksu, kt\u00f3re ten wa\u017cny domowy k\u0105t powinien zapewnia\u0107. W artykule przedstawimy, jak po\u0142\u0105czy\u0107 elementy dekoracyjne z praktycznymi, aby stworzy\u0107 przestrze\u0144, kt\u00f3ra b\u0119dzie zar\u00f3wno pi\u0119kna, jak i praktyczna. Odpowiemy na pytanie, jakie kolory, materia\u0142y oraz akcesoria wybiera\u0107, aby uzyska\u0107 harmonijn\u0105 ca\u0142o\u015b\u0107. Po\u015bwi\u0119cimy [&hellip;]<\/p>","protected":false},"author":1,"featured_media":0,"comment_status":"open","ping_status":"open","sticky":false,"template":"","format":"standard","meta":{"_acf_changed":false,"footnotes":""},"categories":[1,3],"tags":[],"class_list":["post-42","post","type-post","status-publish","format-standard","hentry","category-blog","category-perfumeria"],"acf":[],"yoast_head":"<!-- This site is optimized with the Yoast SEO plugin v23.2 - https:\/\/yoast.com\/wordpress\/plugins\/seo\/ -->\n<title>Jak zadba\u0107 o estetyk\u0119 i funkcjonalno\u015b\u0107 w \u0142azience? - proclim.com.pl<\/title>\n<meta name=\"description\" content=\"Odkryj, jak po\u0142\u0105czy\u0107 estetyk\u0119 i funkcjonalno\u015b\u0107 w \u0142azience. Praktyczne porady, trendy i inspiracje, kt\u00f3re pomog\u0105 stworzy\u0107 wyj\u0105tkow\u0105 przestrze\u0144.\" \/>\n<meta name=\"robots\" content=\"index, follow, max-snippet:-1, max-image-preview:large, max-video-preview:-1\" \/>\n<link rel=\"canonical\" href=\"https:\/\/proclim.com.pl\/ro\/jak-zadbac-o-estetyke-i-funkcjonalnosc-w-lazience\/\" \/>\n<meta property=\"og:locale\" content=\"ro_RO\" \/>\n<meta property=\"og:type\" content=\"article\" \/>\n<meta property=\"og:title\" content=\"Jak zadba\u0107 o estetyk\u0119 i funkcjonalno\u015b\u0107 w \u0142azience? - proclim.com.pl\" \/>\n<meta property=\"og:description\" content=\"Odkryj, jak po\u0142\u0105czy\u0107 estetyk\u0119 i funkcjonalno\u015b\u0107 w \u0142azience. Praktyczne porady, trendy i inspiracje, kt\u00f3re pomog\u0105 stworzy\u0107 wyj\u0105tkow\u0105 przestrze\u0144.\" \/>\n<meta property=\"og:url\" content=\"https:\/\/proclim.com.pl\/ro\/jak-zadbac-o-estetyke-i-funkcjonalnosc-w-lazience\/\" \/>\n<meta property=\"og:site_name\" content=\"proclim.com.pl\" \/>\n<meta property=\"article:published_time\" content=\"2024-09-09T12:51:31+00:00\" \/>\n<meta property=\"article:modified_time\" content=\"2024-09-23T00:58:17+00:00\" \/>\n<meta property=\"og:image\" content=\"https:\/\/media.istockphoto.com\/id\/1402454242\/ru\/%D1%84%D0%BE%D1%82%D0%BE\/%D0%BA%D0%BE%D1%81%D0%BC%D0%B5%D1%82%D0%B8%D1%87%D0%B5%D1%81%D0%BA%D0%B8%D0%B5-%D1%81%D1%80%D0%B5%D0%B4%D1%81%D1%82%D0%B2%D0%B0-%D1%80%D0%B0%D1%81%D1%81%D1%82%D0%B0%D0%B2%D0%BB%D0%B5%D0%BD%D1%8B-%D0%B2-%D0%B1%D0%B5%D0%BB%D1%8B%D1%85-%D0%BE%D1%80%D0%B3%D0%B0%D0%BD%D0%B0%D0%B9%D0%B7%D0%B5%D1%80%D0%B0%D1%85-%D1%82%D0%B2%D0%BE%D1%80%D1%87%D0%B5%D1%81%D0%BA%D0%B0%D1%8F-%D0%BE%D1%80%D0%B3%D0%B0%D0%BD%D0%B8%D0%B7%D0%B0%D1%86%D0%B8%D1%8F-%D1%8F%D1%89%D0%B8%D0%BA%D0%BE%D0%B2-%D1%85%D1%80%D0%B0%D0%BD%D0%B5%D0%BD%D0%B8%D0%B5.jpg?s=612x612&w=0&k=20&c=Y5tfwAc61lMTKsWgSaH2R2Y3n_jTb_VSJMQiigM9I9k=\" \/>\n<meta name=\"author\" content=\"Urszula Jasi\u0144ska\" \/>\n<meta name=\"twitter:card\" content=\"summary_large_image\" \/>\n<meta name=\"twitter:label1\" content=\"Scris de\" \/>\n\t<meta name=\"twitter:data1\" content=\"Urszula Jasi\u0144ska\" \/>\n\t<meta name=\"twitter:label2\" content=\"Timp estimat pentru citire\" \/>\n\t<meta name=\"twitter:data2\" content=\"5 minute\" \/>\n<script type=\"application\/ld+json\" class=\"yoast-schema-graph\">{\"@context\":\"https:\/\/schema.org\",\"@graph\":[{\"@type\":\"WebPage\",\"@id\":\"https:\/\/proclim.com.pl\/jak-zadbac-o-estetyke-i-funkcjonalnosc-w-lazience\/\",\"url\":\"https:\/\/proclim.com.pl\/jak-zadbac-o-estetyke-i-funkcjonalnosc-w-lazience\/\",\"name\":\"Jak zadba\u0107 o estetyk\u0119 i funkcjonalno\u015b\u0107 w \u0142azience? - proclim.com.pl\",\"isPartOf\":{\"@id\":\"https:\/\/proclim.com.pl\/#website\"},\"primaryImageOfPage\":{\"@id\":\"https:\/\/proclim.com.pl\/jak-zadbac-o-estetyke-i-funkcjonalnosc-w-lazience\/#primaryimage\"},\"image\":{\"@id\":\"https:\/\/proclim.com.pl\/jak-zadbac-o-estetyke-i-funkcjonalnosc-w-lazience\/#primaryimage\"},\"thumbnailUrl\":\"https:\/\/media.istockphoto.com\/id\/1402454242\/ru\/%D1%84%D0%BE%D1%82%D0%BE\/%D0%BA%D0%BE%D1%81%D0%BC%D0%B5%D1%82%D0%B8%D1%87%D0%B5%D1%81%D0%BA%D0%B8%D0%B5-%D1%81%D1%80%D0%B5%D0%B4%D1%81%D1%82%D0%B2%D0%B0-%D1%80%D0%B0%D1%81%D1%81%D1%82%D0%B0%D0%B2%D0%BB%D0%B5%D0%BD%D1%8B-%D0%B2-%D0%B1%D0%B5%D0%BB%D1%8B%D1%85-%D0%BE%D1%80%D0%B3%D0%B0%D0%BD%D0%B0%D0%B9%D0%B7%D0%B5%D1%80%D0%B0%D1%85-%D1%82%D0%B2%D0%BE%D1%80%D1%87%D0%B5%D1%81%D0%BA%D0%B0%D1%8F-%D0%BE%D1%80%D0%B3%D0%B0%D0%BD%D0%B8%D0%B7%D0%B0%D1%86%D0%B8%D1%8F-%D1%8F%D1%89%D0%B8%D0%BA%D0%BE%D0%B2-%D1%85%D1%80%D0%B0%D0%BD%D0%B5%D0%BD%D0%B8%D0%B5.jpg?s=612x612&w=0&k=20&c=Y5tfwAc61lMTKsWgSaH2R2Y3n_jTb_VSJMQiigM9I9k=\",\"datePublished\":\"2024-09-09T12:51:31+00:00\",\"dateModified\":\"2024-09-23T00:58:17+00:00\",\"author\":{\"@id\":\"https:\/\/proclim.com.pl\/#\/schema\/person\/45c676b6550e197bc729f915ffc429e0\"},\"description\":\"Odkryj, jak po\u0142\u0105czy\u0107 estetyk\u0119 i funkcjonalno\u015b\u0107 w \u0142azience. Praktyczne porady, trendy i inspiracje, kt\u00f3re pomog\u0105 stworzy\u0107 wyj\u0105tkow\u0105 przestrze\u0144.\",\"breadcrumb\":{\"@id\":\"https:\/\/proclim.com.pl\/jak-zadbac-o-estetyke-i-funkcjonalnosc-w-lazience\/#breadcrumb\"},\"inLanguage\":\"ro-RO\",\"potentialAction\":[{\"@type\":\"ReadAction\",\"target\":[\"https:\/\/proclim.com.pl\/jak-zadbac-o-estetyke-i-funkcjonalnosc-w-lazience\/\"]}]},{\"@type\":\"ImageObject\",\"inLanguage\":\"ro-RO\",\"@id\":\"https:\/\/proclim.com.pl\/jak-zadbac-o-estetyke-i-funkcjonalnosc-w-lazience\/#primaryimage\",\"url\":\"https:\/\/media.istockphoto.com\/id\/1402454242\/ru\/%D1%84%D0%BE%D1%82%D0%BE\/%D0%BA%D0%BE%D1%81%D0%BC%D0%B5%D1%82%D0%B8%D1%87%D0%B5%D1%81%D0%BA%D0%B8%D0%B5-%D1%81%D1%80%D0%B5%D0%B4%D1%81%D1%82%D0%B2%D0%B0-%D1%80%D0%B0%D1%81%D1%81%D1%82%D0%B0%D0%B2%D0%BB%D0%B5%D0%BD%D1%8B-%D0%B2-%D0%B1%D0%B5%D0%BB%D1%8B%D1%85-%D0%BE%D1%80%D0%B3%D0%B0%D0%BD%D0%B0%D0%B9%D0%B7%D0%B5%D1%80%D0%B0%D1%85-%D1%82%D0%B2%D0%BE%D1%80%D1%87%D0%B5%D1%81%D0%BA%D0%B0%D1%8F-%D0%BE%D1%80%D0%B3%D0%B0%D0%BD%D0%B8%D0%B7%D0%B0%D1%86%D0%B8%D1%8F-%D1%8F%D1%89%D0%B8%D0%BA%D0%BE%D0%B2-%D1%85%D1%80%D0%B0%D0%BD%D0%B5%D0%BD%D0%B8%D0%B5.jpg?s=612x612&w=0&k=20&c=Y5tfwAc61lMTKsWgSaH2R2Y3n_jTb_VSJMQiigM9I9k=\",\"contentUrl\":\"https:\/\/media.istockphoto.com\/id\/1402454242\/ru\/%D1%84%D0%BE%D1%82%D0%BE\/%D0%BA%D0%BE%D1%81%D0%BC%D0%B5%D1%82%D0%B8%D1%87%D0%B5%D1%81%D0%BA%D0%B8%D0%B5-%D1%81%D1%80%D0%B5%D0%B4%D1%81%D1%82%D0%B2%D0%B0-%D1%80%D0%B0%D1%81%D1%81%D1%82%D0%B0%D0%B2%D0%BB%D0%B5%D0%BD%D1%8B-%D0%B2-%D0%B1%D0%B5%D0%BB%D1%8B%D1%85-%D0%BE%D1%80%D0%B3%D0%B0%D0%BD%D0%B0%D0%B9%D0%B7%D0%B5%D1%80%D0%B0%D1%85-%D1%82%D0%B2%D0%BE%D1%80%D1%87%D0%B5%D1%81%D0%BA%D0%B0%D1%8F-%D0%BE%D1%80%D0%B3%D0%B0%D0%BD%D0%B8%D0%B7%D0%B0%D1%86%D0%B8%D1%8F-%D1%8F%D1%89%D0%B8%D0%BA%D0%BE%D0%B2-%D1%85%D1%80%D0%B0%D0%BD%D0%B5%D0%BD%D0%B8%D0%B5.jpg?s=612x612&w=0&k=20&c=Y5tfwAc61lMTKsWgSaH2R2Y3n_jTb_VSJMQiigM9I9k=\"},{\"@type\":\"BreadcrumbList\",\"@id\":\"https:\/\/proclim.com.pl\/jak-zadbac-o-estetyke-i-funkcjonalnosc-w-lazience\/#breadcrumb\",\"itemListElement\":[{\"@type\":\"ListItem\",\"position\":1,\"name\":\"Home\",\"item\":\"https:\/\/proclim.com.pl\/\"},{\"@type\":\"ListItem\",\"position\":2,\"name\":\"Jak zadba\u0107 o estetyk\u0119 i funkcjonalno\u015b\u0107 w \u0142azience?\"}]},{\"@type\":\"WebSite\",\"@id\":\"https:\/\/proclim.com.pl\/#website\",\"url\":\"https:\/\/proclim.com.pl\/\",\"name\":\"proclim.com.pl\",\"description\":\"Organizer na perfumy: porz\u0105dek i styl w jednym miejscu.\",\"potentialAction\":[{\"@type\":\"SearchAction\",\"target\":{\"@type\":\"EntryPoint\",\"urlTemplate\":\"https:\/\/proclim.com.pl\/?s={search_term_string}\"},\"query-input\":\"required name=search_term_string\"}],\"inLanguage\":\"ro-RO\"},{\"@type\":\"Person\",\"@id\":\"https:\/\/proclim.com.pl\/#\/schema\/person\/45c676b6550e197bc729f915ffc429e0\",\"name\":\"Urszula Jasi\u0144ska\",\"image\":{\"@type\":\"ImageObject\",\"inLanguage\":\"ro-RO\",\"@id\":\"https:\/\/proclim.com.pl\/#\/schema\/person\/image\/\",\"url\":\"https:\/\/proclim.com.pl\/wp-content\/uploads\/2025\/02\/jdtygnenjz1_ad_avatar-96x96.jpg\",\"contentUrl\":\"https:\/\/proclim.com.pl\/wp-content\/uploads\/2025\/02\/jdtygnenjz1_ad_avatar-96x96.jpg\",\"caption\":\"Urszula Jasi\u0144ska\"},\"description\":\"Jestem Urszula Jasi\u0144ska, pasjonatka mody z wieloletnim do\u015bwiadczeniem w projektowaniu i stylizacji. Pracowa\u0142am z r\u00f3\u017cnymi markami, a tak\u017ce prowadz\u0119 bloga, na kt\u00f3rym dziel\u0119 si\u0119 swoimi spostrze\u017ceniami. Moim celem jest pomaganie innym w odnalezieniu w\u0142asnego stylu, zach\u0119cam do eksperymentowania z kolorami i krojami.\",\"url\":\"https:\/\/proclim.com.pl\/ro\/author\/urszula-jasinska\/\"}]}<\/script>\n<!-- \/ Yoast SEO plugin. -->","yoast_head_json":{"title":"Jak zadba\u0107 o estetyk\u0119 i funkcjonalno\u015b\u0107 w \u0142azience? - proclim.com.pl","description":"Odkryj, jak po\u0142\u0105czy\u0107 estetyk\u0119 i funkcjonalno\u015b\u0107 w \u0142azience. Praktyczne porady, trendy i inspiracje, kt\u00f3re pomog\u0105 stworzy\u0107 wyj\u0105tkow\u0105 przestrze\u0144.","robots":{"index":"index","follow":"follow","max-snippet":"max-snippet:-1","max-image-preview":"max-image-preview:large","max-video-preview":"max-video-preview:-1"},"canonical":"https:\/\/proclim.com.pl\/ro\/jak-zadbac-o-estetyke-i-funkcjonalnosc-w-lazience\/","og_locale":"ro_RO","og_type":"article","og_title":"Jak zadba\u0107 o estetyk\u0119 i funkcjonalno\u015b\u0107 w \u0142azience? - proclim.com.pl","og_description":"Odkryj, jak po\u0142\u0105czy\u0107 estetyk\u0119 i funkcjonalno\u015b\u0107 w \u0142azience. Praktyczne porady, trendy i inspiracje, kt\u00f3re pomog\u0105 stworzy\u0107 wyj\u0105tkow\u0105 przestrze\u0144.","og_url":"https:\/\/proclim.com.pl\/ro\/jak-zadbac-o-estetyke-i-funkcjonalnosc-w-lazience\/","og_site_name":"proclim.com.pl","article_published_time":"2024-09-09T12:51:31+00:00","article_modified_time":"2024-09-23T00:58:17+00:00","og_image":[{"url":"https:\/\/media.istockphoto.com\/id\/1402454242\/ru\/%D1%84%D0%BE%D1%82%D0%BE\/%D0%BA%D0%BE%D1%81%D0%BC%D0%B5%D1%82%D0%B8%D1%87%D0%B5%D1%81%D0%BA%D0%B8%D0%B5-%D1%81%D1%80%D0%B5%D0%B4%D1%81%D1%82%D0%B2%D0%B0-%D1%80%D0%B0%D1%81%D1%81%D1%82%D0%B0%D0%B2%D0%BB%D0%B5%D0%BD%D1%8B-%D0%B2-%D0%B1%D0%B5%D0%BB%D1%8B%D1%85-%D0%BE%D1%80%D0%B3%D0%B0%D0%BD%D0%B0%D0%B9%D0%B7%D0%B5%D1%80%D0%B0%D1%85-%D1%82%D0%B2%D0%BE%D1%80%D1%87%D0%B5%D1%81%D0%BA%D0%B0%D1%8F-%D0%BE%D1%80%D0%B3%D0%B0%D0%BD%D0%B8%D0%B7%D0%B0%D1%86%D0%B8%D1%8F-%D1%8F%D1%89%D0%B8%D0%BA%D0%BE%D0%B2-%D1%85%D1%80%D0%B0%D0%BD%D0%B5%D0%BD%D0%B8%D0%B5.jpg?s=612x612&w=0&k=20&c=Y5tfwAc61lMTKsWgSaH2R2Y3n_jTb_VSJMQiigM9I9k="}],"author":"Urszula Jasi\u0144ska","twitter_card":"summary_large_image","twitter_misc":{"Scris de":"Urszula Jasi\u0144ska","Timp estimat pentru citire":"5 minute"},"schema":{"@context":"https:\/\/schema.org","@graph":[{"@type":"WebPage","@id":"https:\/\/proclim.com.pl\/jak-zadbac-o-estetyke-i-funkcjonalnosc-w-lazience\/","url":"https:\/\/proclim.com.pl\/jak-zadbac-o-estetyke-i-funkcjonalnosc-w-lazience\/","name":"Jak zadba\u0107 o estetyk\u0119 i funkcjonalno\u015b\u0107 w \u0142azience? - proclim.com.pl","isPartOf":{"@id":"https:\/\/proclim.com.pl\/#website"},"primaryImageOfPage":{"@id":"https:\/\/proclim.com.pl\/jak-zadbac-o-estetyke-i-funkcjonalnosc-w-lazience\/#primaryimage"},"image":{"@id":"https:\/\/proclim.com.pl\/jak-zadbac-o-estetyke-i-funkcjonalnosc-w-lazience\/#primaryimage"},"thumbnailUrl":"https:\/\/media.istockphoto.com\/id\/1402454242\/ru\/%D1%84%D0%BE%D1%82%D0%BE\/%D0%BA%D0%BE%D1%81%D0%BC%D0%B5%D1%82%D0%B8%D1%87%D0%B5%D1%81%D0%BA%D0%B8%D0%B5-%D1%81%D1%80%D0%B5%D0%B4%D1%81%D1%82%D0%B2%D0%B0-%D1%80%D0%B0%D1%81%D1%81%D1%82%D0%B0%D0%B2%D0%BB%D0%B5%D0%BD%D1%8B-%D0%B2-%D0%B1%D0%B5%D0%BB%D1%8B%D1%85-%D0%BE%D1%80%D0%B3%D0%B0%D0%BD%D0%B0%D0%B9%D0%B7%D0%B5%D1%80%D0%B0%D1%85-%D1%82%D0%B2%D0%BE%D1%80%D1%87%D0%B5%D1%81%D0%BA%D0%B0%D1%8F-%D0%BE%D1%80%D0%B3%D0%B0%D0%BD%D0%B8%D0%B7%D0%B0%D1%86%D0%B8%D1%8F-%D1%8F%D1%89%D0%B8%D0%BA%D0%BE%D0%B2-%D1%85%D1%80%D0%B0%D0%BD%D0%B5%D0%BD%D0%B8%D0%B5.jpg?s=612x612&w=0&k=20&c=Y5tfwAc61lMTKsWgSaH2R2Y3n_jTb_VSJMQiigM9I9k=","datePublished":"2024-09-09T12:51:31+00:00","dateModified":"2024-09-23T00:58:17+00:00","author":{"@id":"https:\/\/proclim.com.pl\/#\/schema\/person\/45c676b6550e197bc729f915ffc429e0"},"description":"Odkryj, jak po\u0142\u0105czy\u0107 estetyk\u0119 i funkcjonalno\u015b\u0107 w \u0142azience. Praktyczne porady, trendy i inspiracje, kt\u00f3re pomog\u0105 stworzy\u0107 wyj\u0105tkow\u0105 przestrze\u0144.","breadcrumb":{"@id":"https:\/\/proclim.com.pl\/jak-zadbac-o-estetyke-i-funkcjonalnosc-w-lazience\/#breadcrumb"},"inLanguage":"ro-RO","potentialAction":[{"@type":"ReadAction","target":["https:\/\/proclim.com.pl\/jak-zadbac-o-estetyke-i-funkcjonalnosc-w-lazience\/"]}]},{"@type":"ImageObject","inLanguage":"ro-RO","@id":"https:\/\/proclim.com.pl\/jak-zadbac-o-estetyke-i-funkcjonalnosc-w-lazience\/#primaryimage","url":"https:\/\/media.istockphoto.com\/id\/1402454242\/ru\/%D1%84%D0%BE%D1%82%D0%BE\/%D0%BA%D0%BE%D1%81%D0%BC%D0%B5%D1%82%D0%B8%D1%87%D0%B5%D1%81%D0%BA%D0%B8%D0%B5-%D1%81%D1%80%D0%B5%D0%B4%D1%81%D1%82%D0%B2%D0%B0-%D1%80%D0%B0%D1%81%D1%81%D1%82%D0%B0%D0%B2%D0%BB%D0%B5%D0%BD%D1%8B-%D0%B2-%D0%B1%D0%B5%D0%BB%D1%8B%D1%85-%D0%BE%D1%80%D0%B3%D0%B0%D0%BD%D0%B0%D0%B9%D0%B7%D0%B5%D1%80%D0%B0%D1%85-%D1%82%D0%B2%D0%BE%D1%80%D1%87%D0%B5%D1%81%D0%BA%D0%B0%D1%8F-%D0%BE%D1%80%D0%B3%D0%B0%D0%BD%D0%B8%D0%B7%D0%B0%D1%86%D0%B8%D1%8F-%D1%8F%D1%89%D0%B8%D0%BA%D0%BE%D0%B2-%D1%85%D1%80%D0%B0%D0%BD%D0%B5%D0%BD%D0%B8%D0%B5.jpg?s=612x612&w=0&k=20&c=Y5tfwAc61lMTKsWgSaH2R2Y3n_jTb_VSJMQiigM9I9k=","contentUrl":"https:\/\/media.istockphoto.com\/id\/1402454242\/ru\/%D1%84%D0%BE%D1%82%D0%BE\/%D0%BA%D0%BE%D1%81%D0%BC%D0%B5%D1%82%D0%B8%D1%87%D0%B5%D1%81%D0%BA%D0%B8%D0%B5-%D1%81%D1%80%D0%B5%D0%B4%D1%81%D1%82%D0%B2%D0%B0-%D1%80%D0%B0%D1%81%D1%81%D1%82%D0%B0%D0%B2%D0%BB%D0%B5%D0%BD%D1%8B-%D0%B2-%D0%B1%D0%B5%D0%BB%D1%8B%D1%85-%D0%BE%D1%80%D0%B3%D0%B0%D0%BD%D0%B0%D0%B9%D0%B7%D0%B5%D1%80%D0%B0%D1%85-%D1%82%D0%B2%D0%BE%D1%80%D1%87%D0%B5%D1%81%D0%BA%D0%B0%D1%8F-%D0%BE%D1%80%D0%B3%D0%B0%D0%BD%D0%B8%D0%B7%D0%B0%D1%86%D0%B8%D1%8F-%D1%8F%D1%89%D0%B8%D0%BA%D0%BE%D0%B2-%D1%85%D1%80%D0%B0%D0%BD%D0%B5%D0%BD%D0%B8%D0%B5.jpg?s=612x612&w=0&k=20&c=Y5tfwAc61lMTKsWgSaH2R2Y3n_jTb_VSJMQiigM9I9k="},{"@type":"BreadcrumbList","@id":"https:\/\/proclim.com.pl\/jak-zadbac-o-estetyke-i-funkcjonalnosc-w-lazience\/#breadcrumb","itemListElement":[{"@type":"ListItem","position":1,"name":"Home","item":"https:\/\/proclim.com.pl\/"},{"@type":"ListItem","position":2,"name":"Jak zadba\u0107 o estetyk\u0119 i funkcjonalno\u015b\u0107 w \u0142azience?"}]},{"@type":"WebSite","@id":"https:\/\/proclim.com.pl\/#website","url":"https:\/\/proclim.com.pl\/","name":"proclim.com.pl","description":"Organizer na perfumy: porz\u0105dek i styl w jednym miejscu.","potentialAction":[{"@type":"SearchAction","target":{"@type":"EntryPoint","urlTemplate":"https:\/\/proclim.com.pl\/?s={search_term_string}"},"query-input":"required name=search_term_string"}],"inLanguage":"ro-RO"},{"@type":"Person","@id":"https:\/\/proclim.com.pl\/#\/schema\/person\/45c676b6550e197bc729f915ffc429e0","name":"Urszula Jasi\u0144ska","image":{"@type":"ImageObject","inLanguage":"ro-RO","@id":"https:\/\/proclim.com.pl\/#\/schema\/person\/image\/","url":"https:\/\/proclim.com.pl\/wp-content\/uploads\/2025\/02\/jdtygnenjz1_ad_avatar-96x96.jpg","contentUrl":"https:\/\/proclim.com.pl\/wp-content\/uploads\/2025\/02\/jdtygnenjz1_ad_avatar-96x96.jpg","caption":"Urszula Jasi\u0144ska"},"description":"Jestem Urszula Jasi\u0144ska, pasjonatka mody z wieloletnim do\u015bwiadczeniem w projektowaniu i stylizacji. Pracowa\u0142am z r\u00f3\u017cnymi markami, a tak\u017ce prowadz\u0119 bloga, na kt\u00f3rym dziel\u0119 si\u0119 swoimi spostrze\u017ceniami. Moim celem jest pomaganie innym w odnalezieniu w\u0142asnego stylu, zach\u0119cam do eksperymentowania z kolorami i krojami.","url":"https:\/\/proclim.com.pl\/ro\/author\/urszula-jasinska\/"}]}},"yoast_meta":{"yoast_wpseo_title":"","yoast_wpseo_metadesc":"","yoast_wpseo_canonical":"https:\/\/proclim.com.pl\/ro\/wp-json\/wp\/v2\/posts\/42"},"_links":{"self":[{"href":"https:\/\/proclim.com.pl\/ro\/wp-json\/wp\/v2\/posts\/42"}],"collection":[{"href":"https:\/\/proclim.com.pl\/ro\/wp-json\/wp\/v2\/posts"}],"about":[{"href":"https:\/\/proclim.com.pl\/ro\/wp-json\/wp\/v2\/types\/post"}],"author":[{"embeddable":true,"href":"https:\/\/proclim.com.pl\/ro\/wp-json\/wp\/v2\/users\/1"}],"replies":[{"embeddable":true,"href":"https:\/\/proclim.com.pl\/ro\/wp-json\/wp\/v2\/comments?post=42"}],"version-history":[{"count":1,"href":"https:\/\/proclim.com.pl\/ro\/wp-json\/wp\/v2\/posts\/42\/revisions"}],"predecessor-version":[{"id":43,"href":"https:\/\/proclim.com.pl\/ro\/wp-json\/wp\/v2\/posts\/42\/revisions\/43"}],"wp:attachment":[{"href":"https:\/\/proclim.com.pl\/ro\/wp-json\/wp\/v2\/media?parent=42"}],"wp:term":[{"taxonomy":"category","embeddable":true,"href":"https:\/\/proclim.com.pl\/ro\/wp-json\/wp\/v2\/categories?post=42"},{"taxonomy":"post_tag","embeddable":true,"href":"https:\/\/proclim.com.pl\/ro\/wp-json\/wp\/v2\/tags?post=42"}],"curies":[{"name":"wp","href":"https:\/\/api.w.org\/{rel}","templated":true}]}}