{"id":394,"date":"2025-01-30T00:00:00","date_gmt":"2025-01-30T00:00:00","guid":{"rendered":"https:\/\/proclim.com.pl\/?p=394"},"modified":"2025-01-30T00:00:00","modified_gmt":"2025-01-30T00:00:00","slug":"bordowe-kurtki-puchowe-od-casualowych-po-wyjsciowe-stylizacje","status":"publish","type":"post","link":"https:\/\/proclim.com.pl\/ro\/bordowe-kurtki-puchowe-od-casualowych-po-wyjsciowe-stylizacje\/","title":{"rendered":"Jachete de puf vi\u0219inie: de la cele casual la cele pentru ie\u0219iri \u00een ora\u0219"},"content":{"rendered":"<div class=\"kk-star-ratings kksr-auto kksr-align-left kksr-valign-top\"\n    data-payload='{&quot;align&quot;:&quot;left&quot;,&quot;id&quot;:&quot;394&quot;,&quot;slug&quot;:&quot;default&quot;,&quot;valign&quot;:&quot;top&quot;,&quot;ignore&quot;:&quot;&quot;,&quot;reference&quot;:&quot;auto&quot;,&quot;class&quot;:&quot;&quot;,&quot;count&quot;:&quot;0&quot;,&quot;legendonly&quot;:&quot;&quot;,&quot;readonly&quot;:&quot;&quot;,&quot;score&quot;:&quot;0&quot;,&quot;starsonly&quot;:&quot;&quot;,&quot;best&quot;:&quot;5&quot;,&quot;gap&quot;:&quot;5&quot;,&quot;greet&quot;:&quot;&quot;,&quot;legend&quot;:&quot;0\\\/5 - (0 votes)&quot;,&quot;size&quot;:&quot;24&quot;,&quot;title&quot;:&quot;Bordowe kurtki puchowe: od casualowych po wyj\u015bciowe stylizacje&quot;,&quot;width&quot;:&quot;0&quot;,&quot;_legend&quot;:&quot;{score}\\\/{best} - ({count} {votes})&quot;,&quot;font_factor&quot;:&quot;1.25&quot;}'>\n            \n<div class=\"kksr-stars\">\n    \n<div class=\"kksr-stars-inactive\">\n            <div class=\"kksr-star\" data-star=\"1\" style=\"padding-right: 5px\">\n            \n\n<div class=\"kksr-icon\" style=\"width: 24px; height: 24px;\"><\/div>\n        <\/div>\n            <div class=\"kksr-star\" data-star=\"2\" style=\"padding-right: 5px\">\n            \n\n<div class=\"kksr-icon\" style=\"width: 24px; height: 24px;\"><\/div>\n        <\/div>\n            <div class=\"kksr-star\" data-star=\"3\" style=\"padding-right: 5px\">\n            \n\n<div class=\"kksr-icon\" style=\"width: 24px; height: 24px;\"><\/div>\n        <\/div>\n            <div class=\"kksr-star\" data-star=\"4\" style=\"padding-right: 5px\">\n            \n\n<div class=\"kksr-icon\" style=\"width: 24px; height: 24px;\"><\/div>\n        <\/div>\n            <div class=\"kksr-star\" data-star=\"5\" style=\"padding-right: 5px\">\n            \n\n<div class=\"kksr-icon\" style=\"width: 24px; height: 24px;\"><\/div>\n        <\/div>\n    <\/div>\n    \n<div class=\"kksr-stars-active\" style=\"width: 0px;\">\n            <div class=\"kksr-star\" style=\"padding-right: 5px\">\n            \n\n<div class=\"kksr-icon\" style=\"width: 24px; height: 24px;\"><\/div>\n        <\/div>\n            <div class=\"kksr-star\" style=\"padding-right: 5px\">\n            \n\n<div class=\"kksr-icon\" style=\"width: 24px; height: 24px;\"><\/div>\n        <\/div>\n            <div class=\"kksr-star\" style=\"padding-right: 5px\">\n            \n\n<div class=\"kksr-icon\" style=\"width: 24px; height: 24px;\"><\/div>\n        <\/div>\n            <div class=\"kksr-star\" style=\"padding-right: 5px\">\n            \n\n<div class=\"kksr-icon\" style=\"width: 24px; height: 24px;\"><\/div>\n        <\/div>\n            <div class=\"kksr-star\" style=\"padding-right: 5px\">\n            \n\n<div class=\"kksr-icon\" style=\"width: 24px; height: 24px;\"><\/div>\n        <\/div>\n    <\/div>\n<\/div>\n                \n\n<div class=\"kksr-legend\" style=\"font-size: 19.2px;\">\n            <span class=\"kksr-muted\"><\/span>\n    <\/div>\n    <\/div>\n<p>Jachetele de puf bordo nu sunt doar un element de baz\u0103 \u00een garderob\u0103, ci \u0219i o modalitate de a te exprima \u00eentr-un mod unic. Cu spa\u021biul \u00eengust \u0219i energia pe care o transmit, aceste jachete completeaz\u0103 perfect orice stil. \u00cen func\u021bie de situa\u021bie, putem alege un look lejer, casual sau putem investi \u00een \u021binute elegante pentru ocazii speciale. Culoarea vi\u0219inie nu numai c\u0103 adaug\u0103 expresivitate, ci subliniaz\u0103 \u0219i individualitatea fiec\u0103rui stil. \u00cen acest articol, vom analiza cum po\u021bi folosi creativ o jachet\u0103 de puf bordo \u0219i vom oferi, de asemenea, c\u00e2teva sfaturi practice despre cum s\u0103 o \u00eengrije\u0219ti.<\/p>\n<h2>Stiluri casual cu o jachet\u0103 de puf vi\u0219inie<\/h2>\n<p><img decoding=\"async\" alt=\"M\u0142oda kobieta w bordowej kurtce puchowej i jeansach przechodzi obok kawiarni, w tle inni klienci rozmawiaj\u0105.\" src=\"https:\/\/proclim.com.pl\/wp-content\/uploads\/2025\/01\/image4eea022da9384b92bfc5903ec20a806b.png\"\/><\/p>\n<p>Stilul casual cu o jachet\u0103 de puf bordo este solu\u021bia perfect\u0103 pentru fiecare zi. Posibilit\u0103\u021bile de a combina jacheta cu alte articole vestimentare sunt enorme. Aceast\u0103 jachet\u0103 se asorteaz\u0103 perfect cu blugi, fiind un accesoriu clasic \u00een orice garderob\u0103. Poate fi combinat \u0219i cu colan\u021bi \u0219i pantofi sport, ceea ce ne permite s\u0103 cre\u0103m o \u021binut\u0103 confortabil\u0103, dar elegant\u0103. Accesoriile interesante, cum ar fi e\u0219arfele sau p\u0103l\u0103riile, pot ad\u0103uga caracter \u00eentregii \u021binute \u0219i o pot face mai interesant\u0103.<\/p>\n<ul>\n<li><strong>Combina\u021bii cu blugi<\/strong>Opteaz\u0103 pentru clasici, puterea st\u0103 \u00een simplitate.<\/li>\n<li><strong>Aspect sportiv<\/strong>Colan\u021bii \u0219i pantofii sport te vor face s\u0103 te sim\u021bi confortabil.<\/li>\n<li><strong>Accesorii<\/strong>Folose\u0219te accesorii pentru a ad\u0103uga culoare \u0219i stil \u021binutei tale.<\/li>\n<\/ul>\n<h2>Stil elegant cu o jachet\u0103 de puf bordo<\/h2>\n<p><img decoding=\"async\" alt=\"Kobieta w purpurowej kurtce puchowej stoi na ulicy, w tle wida\u0107 o\u015bwietlone miasta i \u015bwiate\u0142ka lampek.\" src=\"https:\/\/proclim.com.pl\/wp-content\/uploads\/2025\/01\/imagec001f819e5164d6889932ec8775fb485.png\"\/><\/p>\n<p>De\u0219i geaca de puf bordo este adesea asociat\u0103 cu stilul casual, se potrive\u0219te de minune \u0219i \u00een compozi\u021bii elegante. Combinat\u0103 corespunz\u0103tor, poate fi o alegere ideal\u0103 pentru ie\u0219iri de afaceri sau recep\u021bii formale. O idee grozav\u0103 este s\u0103 combini o jachet\u0103 cu o rochie elegant\u0103. Pentru a face combina\u021bia armonioas\u0103, merit\u0103 s\u0103 alege\u021bi rochii \u00een culori discrete care s\u0103 echilibreze expresivitatea jachetei bordo. Jacheta se poate asorta perfect \u0219i cu pantaloni elegan\u021bi, de exemplu gri sau negri, care vor crea un aspect clasic, dar de efect.<\/p>\n<p>Exact o astfel de compila\u021bie poate fi analizat\u0103 pentru a \u00een\u021belege mai bine diversitatea lor. Mai jos este un tabel care rezum\u0103 c\u00e2teva elemente cheie ale diferitelor stiluri:<\/p>\n<table border=\"1\">\n<tr>\n<th>Stilizare<\/th>\n<th>Descriere<\/th>\n<th>Oferte perfecte<\/th>\n<\/tr>\n<tr>\n<td>Casual cu blugi<\/td>\n<td>Simplu \u0219i confortabil, perfect pentru purtarea de zi cu zi<\/td>\n<td>Cump\u0103r\u0103turi, plimb\u0103ri, \u00eent\u00e2lniri cu prietenii<\/td>\n<\/tr>\n<tr>\n<td>Elegant\u0103 cu o rochie<\/td>\n<td>Expresiv \u0219i la mod\u0103, ideal pentru ocazii formale<\/td>\n<td>Petreceri, banchete, ie\u0219iri \u00een ora\u0219<\/td>\n<\/tr>\n<tr>\n<td>Aspect sportiv<\/td>\n<td>Stil casual, perfect pentru activit\u0103\u021bi<\/td>\n<td>Sal\u0103 de sport, activit\u0103\u021bi de agrement, ie\u0219iri de weekend<\/td>\n<\/tr>\n<\/table>\n<h2>Accesorii perfecte pentru o jachet\u0103 de puf bordo<\/h2>\n<p>Pentru a face din fiecare \u021binut\u0103 cu o jachet\u0103 de puf bordo o oper\u0103 de art\u0103 complet\u0103, merit\u0103 s\u0103 acorzi aten\u021bie accesoriilor potrivite care o vor completa. Folosirea accesoriilor potrivite poate \u00eembun\u0103t\u0103\u021bi aspectul general. E\u0219arfele \u0219i p\u0103l\u0103riile \u00een culori neutre sunt \u00eentotdeauna o alegere bun\u0103, deoarece vor echilibra intensitatea nuan\u021bei bordo. Diverse gen\u021bi de m\u00e2n\u0103 sunt un alt element care va face \u021binuta mai original\u0103. Merit\u0103 s\u0103 le alegi pe cele \u00een nuan\u021be subtile, precum negru, antracit sau bej, pentru a sublinia farmecul unei jachete bordo.<\/p>\n<ul>\n<li><strong>E\u0219arfe \u0219i p\u0103l\u0103rii<\/strong>Adaug\u0103 c\u0103ldur\u0103 stilului t\u0103u \u00een zilele mai r\u0103coroase.<\/li>\n<li><strong>Gen\u021bi \u00een culori neutre<\/strong>Companionul perfect pentru o jachet\u0103 bordo.<\/li>\n<li><strong>Bijuterii<\/strong>Accesoriile bine alese vor da caracter look-ului t\u0103u.<\/li>\n<\/ul>\n<h2>Sfaturi pentru \u00eengrijirea jachetelor din puf bordo<\/h2>\n<p>Prin \u00eengrijirea jachetei noastre de puf, putem asigura longevitatea acesteia \u0219i men\u021binerea ei \u00een stare perfect\u0103. Sp\u0103larea jachetei este una dintre cele mai importante ac\u021biuni care ar trebui luate \u00een considerare cu aten\u021bie. Nu toate jachetele pot fi sp\u0103late \u00een acela\u0219i mod, a\u0219a c\u0103 merit\u0103 \u00eentotdeauna s\u0103 verifica\u021bi eticheta pentru instruc\u021biuni exacte. Dac\u0103 \u00ee\u021bi p\u0103strezi jacheta curat\u0103, aceasta va r\u0103m\u00e2ne proasp\u0103t\u0103, dar merit\u0103 s\u0103 nu ui\u021bi s\u0103 o depozitezi corespunz\u0103tor. Este posibil ca o jachet\u0103 s\u0103-\u0219i piard\u0103 forma dac\u0103 este depozitat\u0103 \u00eentr-un spa\u021biu prea str\u00e2mt, a\u0219a c\u0103 merit\u0103 s\u0103 investe\u0219ti \u00eentr-un umera\u0219 spa\u021bios.<\/p>\n<h2>Rezumat<\/h2>\n<p>Jachetele de puf bordeaux sunt un articol vestimentar versatil care poate fi u\u0219or aranjat \u00een multe feluri. Indiferent dac\u0103 pl\u0103nuie\u0219ti o ie\u0219ire casual sau un eveniment elegant, aceast\u0103 jachet\u0103 \u00ee\u021bi va \u00eendeplini cu siguran\u021b\u0103 a\u0219tept\u0103rile. Atunci c\u00e2nd este asortat\u0103 corespunz\u0103tor cu blugi, pantaloni elegan\u021bi sau rochii, jacheta cap\u0103t\u0103 o nou\u0103 str\u0103lucire. Ad\u0103ugarea accesoriilor potrivite va accentua caracterul \u00eentregii \u021binute, f\u0103c\u00e2nd-o mai interesant\u0103. Desigur, \u00eengrijirea este esen\u021bial\u0103 pentru longevitatea acestei jachete uimitoare. Datorit\u0103 acestui fapt, v\u0103 va putea servi timp de mai multe sezoane.<\/p>\n<h2>\u00centreb\u0103ri frecvente<\/h2>\n<ul>\n<li><strong>Ce pantofi se potrivesc cu o jachet\u0103 puffer bordo?<\/strong> At\u00e2t pantofii sport, c\u00e2t \u0219i ghetele elegante se potrivesc de minune cu o jachet\u0103 bordo.<\/li>\n<li><strong>Po\u021bi sp\u0103la o jachet\u0103 de puf bordo la ma\u0219ina de sp\u0103lat?<\/strong> Da, majoritatea jachetelor din puf se pot sp\u0103la la ma\u0219in\u0103, dar verifica\u021bi \u00eentotdeauna instruc\u021biunile de pe eticheta de \u00eentre\u021binere.<\/li>\n<li><strong>Ce accesorii s\u0103 alegi pentru o jachet\u0103 bordo?<\/strong> Merit\u0103 s\u0103 alege\u021bi accesorii \u00een culori discrete, cum ar fi negru sau bej.<\/li>\n<li><strong>Se potrive\u0219te o jachet\u0103 bordo oric\u0103rui tip de piele?<\/strong> Da, bordo-ul este o culoare universal\u0103 \u0219i arat\u0103 bine pe multe tonuri de piele.<\/li>\n<li><strong>Ce alte culori de jachete cu puf sunt la mod\u0103?<\/strong> Pe l\u00e2ng\u0103 cele bordo, sunt populare \u0219i jachetele negre, bleumarin \u0219i m\u0103sliniu.<\/li>\n<\/ul>","protected":false},"excerpt":{"rendered":"<p>Bordowe kurtki puchowe to nie tylko element garderoby, ale tak\u017ce spos\u00f3b na wyj\u0105tkowe wyra\u017cenie siebie. Wraz z ciasno zaaran\u017cowan\u0105 przestrzeni\u0105 i energi\u0105, kt\u00f3r\u0105 przekazuj\u0105, te kurtki staj\u0105 si\u0119 doskona\u0142ym dope\u0142nieniem ka\u017cdej stylizacji. W zale\u017cno\u015bci od sytuacji, mo\u017cemy wybra\u0107 lu\u017any, casualowy look lub zainwestowa\u0107 w eleganckie zestawienia na specjalne wyj\u015bcia. Kolor bordowy dodaje nie tylko wyrazisto\u015bci, [&hellip;]<\/p>","protected":false},"author":1,"featured_media":391,"comment_status":"closed","ping_status":"closed","sticky":false,"template":"","format":"standard","meta":{"_acf_changed":false,"footnotes":""},"categories":[1],"tags":[],"class_list":["post-394","post","type-post","status-publish","format-standard","has-post-thumbnail","hentry","category-blog"],"acf":[],"yoast_head":"<!-- This site is optimized with the Yoast SEO plugin v23.2 - https:\/\/yoast.com\/wordpress\/plugins\/seo\/ -->\n<title>Bordowe Kurtki Puchowe: Stylizacje Casualowe i Eleganckie na Ka\u017cd\u0105 Okazj\u0119<\/title>\n<meta name=\"description\" content=\"Odkryj, jak stylizowa\u0107 bordowe kurtki puchowe - od casualowych zestawie\u0144 po eleganckie looki na specjalne okazje.\" \/>\n<meta name=\"robots\" content=\"index, follow, max-snippet:-1, max-image-preview:large, max-video-preview:-1\" \/>\n<link rel=\"canonical\" href=\"https:\/\/proclim.com.pl\/ro\/bordowe-kurtki-puchowe-od-casualowych-po-wyjsciowe-stylizacje\/\" \/>\n<meta property=\"og:locale\" content=\"ro_RO\" \/>\n<meta property=\"og:type\" content=\"article\" \/>\n<meta property=\"og:title\" content=\"Bordowe Kurtki Puchowe: Stylizacje Casualowe i Eleganckie na Ka\u017cd\u0105 Okazj\u0119\" \/>\n<meta property=\"og:description\" content=\"Odkryj, jak stylizowa\u0107 bordowe kurtki puchowe - od casualowych zestawie\u0144 po eleganckie looki na specjalne okazje.\" \/>\n<meta property=\"og:url\" content=\"https:\/\/proclim.com.pl\/ro\/bordowe-kurtki-puchowe-od-casualowych-po-wyjsciowe-stylizacje\/\" \/>\n<meta property=\"og:site_name\" content=\"proclim.com.pl\" \/>\n<meta property=\"article:published_time\" content=\"2025-01-30T00:00:00+00:00\" \/>\n<meta property=\"og:image\" content=\"https:\/\/proclim.com.pl\/wp-content\/uploads\/2025\/01\/imagec3c547ad029f4dc2aa2aa28defd4584f.png\" \/>\n\t<meta property=\"og:image:width\" content=\"1024\" \/>\n\t<meta property=\"og:image:height\" content=\"768\" \/>\n\t<meta property=\"og:image:type\" content=\"image\/png\" \/>\n<meta name=\"author\" content=\"Urszula Jasi\u0144ska\" \/>\n<meta name=\"twitter:card\" content=\"summary_large_image\" \/>\n<meta name=\"twitter:label1\" content=\"Scris de\" \/>\n\t<meta name=\"twitter:data1\" content=\"Urszula Jasi\u0144ska\" \/>\n\t<meta name=\"twitter:label2\" content=\"Timp estimat pentru citire\" \/>\n\t<meta name=\"twitter:data2\" content=\"4 minute\" \/>\n<script type=\"application\/ld+json\" class=\"yoast-schema-graph\">{\"@context\":\"https:\/\/schema.org\",\"@graph\":[{\"@type\":\"WebPage\",\"@id\":\"https:\/\/proclim.com.pl\/bordowe-kurtki-puchowe-od-casualowych-po-wyjsciowe-stylizacje\/\",\"url\":\"https:\/\/proclim.com.pl\/bordowe-kurtki-puchowe-od-casualowych-po-wyjsciowe-stylizacje\/\",\"name\":\"Bordowe Kurtki Puchowe: Stylizacje Casualowe i Eleganckie na Ka\u017cd\u0105 Okazj\u0119\",\"isPartOf\":{\"@id\":\"https:\/\/proclim.com.pl\/#website\"},\"primaryImageOfPage\":{\"@id\":\"https:\/\/proclim.com.pl\/bordowe-kurtki-puchowe-od-casualowych-po-wyjsciowe-stylizacje\/#primaryimage\"},\"image\":{\"@id\":\"https:\/\/proclim.com.pl\/bordowe-kurtki-puchowe-od-casualowych-po-wyjsciowe-stylizacje\/#primaryimage\"},\"thumbnailUrl\":\"https:\/\/proclim.com.pl\/wp-content\/uploads\/2025\/01\/imagec3c547ad029f4dc2aa2aa28defd4584f.png\",\"datePublished\":\"2025-01-30T00:00:00+00:00\",\"dateModified\":\"2025-01-30T00:00:00+00:00\",\"author\":{\"@id\":\"https:\/\/proclim.com.pl\/#\/schema\/person\/45c676b6550e197bc729f915ffc429e0\"},\"description\":\"Odkryj, jak stylizowa\u0107 bordowe kurtki puchowe - od casualowych zestawie\u0144 po eleganckie looki na specjalne okazje.\",\"breadcrumb\":{\"@id\":\"https:\/\/proclim.com.pl\/bordowe-kurtki-puchowe-od-casualowych-po-wyjsciowe-stylizacje\/#breadcrumb\"},\"inLanguage\":\"ro-RO\",\"potentialAction\":[{\"@type\":\"ReadAction\",\"target\":[\"https:\/\/proclim.com.pl\/bordowe-kurtki-puchowe-od-casualowych-po-wyjsciowe-stylizacje\/\"]}]},{\"@type\":\"ImageObject\",\"inLanguage\":\"ro-RO\",\"@id\":\"https:\/\/proclim.com.pl\/bordowe-kurtki-puchowe-od-casualowych-po-wyjsciowe-stylizacje\/#primaryimage\",\"url\":\"https:\/\/proclim.com.pl\/wp-content\/uploads\/2025\/01\/imagec3c547ad029f4dc2aa2aa28defd4584f.png\",\"contentUrl\":\"https:\/\/proclim.com.pl\/wp-content\/uploads\/2025\/01\/imagec3c547ad029f4dc2aa2aa28defd4584f.png\",\"width\":1024,\"height\":768},{\"@type\":\"BreadcrumbList\",\"@id\":\"https:\/\/proclim.com.pl\/bordowe-kurtki-puchowe-od-casualowych-po-wyjsciowe-stylizacje\/#breadcrumb\",\"itemListElement\":[{\"@type\":\"ListItem\",\"position\":1,\"name\":\"Home\",\"item\":\"https:\/\/proclim.com.pl\/\"},{\"@type\":\"ListItem\",\"position\":2,\"name\":\"Bordowe kurtki puchowe: od casualowych po wyj\u015bciowe stylizacje\"}]},{\"@type\":\"WebSite\",\"@id\":\"https:\/\/proclim.com.pl\/#website\",\"url\":\"https:\/\/proclim.com.pl\/\",\"name\":\"proclim.com.pl\",\"description\":\"Organizer na perfumy: porz\u0105dek i styl w jednym miejscu.\",\"potentialAction\":[{\"@type\":\"SearchAction\",\"target\":{\"@type\":\"EntryPoint\",\"urlTemplate\":\"https:\/\/proclim.com.pl\/?s={search_term_string}\"},\"query-input\":\"required name=search_term_string\"}],\"inLanguage\":\"ro-RO\"},{\"@type\":\"Person\",\"@id\":\"https:\/\/proclim.com.pl\/#\/schema\/person\/45c676b6550e197bc729f915ffc429e0\",\"name\":\"Urszula Jasi\u0144ska\",\"image\":{\"@type\":\"ImageObject\",\"inLanguage\":\"ro-RO\",\"@id\":\"https:\/\/proclim.com.pl\/#\/schema\/person\/image\/\",\"url\":\"https:\/\/proclim.com.pl\/wp-content\/uploads\/2025\/02\/jdtygnenjz1_ad_avatar-96x96.jpg\",\"contentUrl\":\"https:\/\/proclim.com.pl\/wp-content\/uploads\/2025\/02\/jdtygnenjz1_ad_avatar-96x96.jpg\",\"caption\":\"Urszula Jasi\u0144ska\"},\"description\":\"Jestem Urszula Jasi\u0144ska, pasjonatka mody z wieloletnim do\u015bwiadczeniem w projektowaniu i stylizacji. Pracowa\u0142am z r\u00f3\u017cnymi markami, a tak\u017ce prowadz\u0119 bloga, na kt\u00f3rym dziel\u0119 si\u0119 swoimi spostrze\u017ceniami. Moim celem jest pomaganie innym w odnalezieniu w\u0142asnego stylu, zach\u0119cam do eksperymentowania z kolorami i krojami.\",\"url\":\"https:\/\/proclim.com.pl\/ro\/author\/urszula-jasinska\/\"}]}<\/script>\n<!-- \/ Yoast SEO plugin. -->","yoast_head_json":{"title":"Bordowe Kurtki Puchowe: Stylizacje Casualowe i Eleganckie na Ka\u017cd\u0105 Okazj\u0119","description":"Odkryj, jak stylizowa\u0107 bordowe kurtki puchowe - od casualowych zestawie\u0144 po eleganckie looki na specjalne okazje.","robots":{"index":"index","follow":"follow","max-snippet":"max-snippet:-1","max-image-preview":"max-image-preview:large","max-video-preview":"max-video-preview:-1"},"canonical":"https:\/\/proclim.com.pl\/ro\/bordowe-kurtki-puchowe-od-casualowych-po-wyjsciowe-stylizacje\/","og_locale":"ro_RO","og_type":"article","og_title":"Bordowe Kurtki Puchowe: Stylizacje Casualowe i Eleganckie na Ka\u017cd\u0105 Okazj\u0119","og_description":"Odkryj, jak stylizowa\u0107 bordowe kurtki puchowe - od casualowych zestawie\u0144 po eleganckie looki na specjalne okazje.","og_url":"https:\/\/proclim.com.pl\/ro\/bordowe-kurtki-puchowe-od-casualowych-po-wyjsciowe-stylizacje\/","og_site_name":"proclim.com.pl","article_published_time":"2025-01-30T00:00:00+00:00","og_image":[{"width":1024,"height":768,"url":"https:\/\/proclim.com.pl\/wp-content\/uploads\/2025\/01\/imagec3c547ad029f4dc2aa2aa28defd4584f.png","type":"image\/png"}],"author":"Urszula Jasi\u0144ska","twitter_card":"summary_large_image","twitter_misc":{"Scris de":"Urszula Jasi\u0144ska","Timp estimat pentru citire":"4 minute"},"schema":{"@context":"https:\/\/schema.org","@graph":[{"@type":"WebPage","@id":"https:\/\/proclim.com.pl\/bordowe-kurtki-puchowe-od-casualowych-po-wyjsciowe-stylizacje\/","url":"https:\/\/proclim.com.pl\/bordowe-kurtki-puchowe-od-casualowych-po-wyjsciowe-stylizacje\/","name":"Bordowe Kurtki Puchowe: Stylizacje Casualowe i Eleganckie na Ka\u017cd\u0105 Okazj\u0119","isPartOf":{"@id":"https:\/\/proclim.com.pl\/#website"},"primaryImageOfPage":{"@id":"https:\/\/proclim.com.pl\/bordowe-kurtki-puchowe-od-casualowych-po-wyjsciowe-stylizacje\/#primaryimage"},"image":{"@id":"https:\/\/proclim.com.pl\/bordowe-kurtki-puchowe-od-casualowych-po-wyjsciowe-stylizacje\/#primaryimage"},"thumbnailUrl":"https:\/\/proclim.com.pl\/wp-content\/uploads\/2025\/01\/imagec3c547ad029f4dc2aa2aa28defd4584f.png","datePublished":"2025-01-30T00:00:00+00:00","dateModified":"2025-01-30T00:00:00+00:00","author":{"@id":"https:\/\/proclim.com.pl\/#\/schema\/person\/45c676b6550e197bc729f915ffc429e0"},"description":"Odkryj, jak stylizowa\u0107 bordowe kurtki puchowe - od casualowych zestawie\u0144 po eleganckie looki na specjalne okazje.","breadcrumb":{"@id":"https:\/\/proclim.com.pl\/bordowe-kurtki-puchowe-od-casualowych-po-wyjsciowe-stylizacje\/#breadcrumb"},"inLanguage":"ro-RO","potentialAction":[{"@type":"ReadAction","target":["https:\/\/proclim.com.pl\/bordowe-kurtki-puchowe-od-casualowych-po-wyjsciowe-stylizacje\/"]}]},{"@type":"ImageObject","inLanguage":"ro-RO","@id":"https:\/\/proclim.com.pl\/bordowe-kurtki-puchowe-od-casualowych-po-wyjsciowe-stylizacje\/#primaryimage","url":"https:\/\/proclim.com.pl\/wp-content\/uploads\/2025\/01\/imagec3c547ad029f4dc2aa2aa28defd4584f.png","contentUrl":"https:\/\/proclim.com.pl\/wp-content\/uploads\/2025\/01\/imagec3c547ad029f4dc2aa2aa28defd4584f.png","width":1024,"height":768},{"@type":"BreadcrumbList","@id":"https:\/\/proclim.com.pl\/bordowe-kurtki-puchowe-od-casualowych-po-wyjsciowe-stylizacje\/#breadcrumb","itemListElement":[{"@type":"ListItem","position":1,"name":"Home","item":"https:\/\/proclim.com.pl\/"},{"@type":"ListItem","position":2,"name":"Bordowe kurtki puchowe: od casualowych po wyj\u015bciowe stylizacje"}]},{"@type":"WebSite","@id":"https:\/\/proclim.com.pl\/#website","url":"https:\/\/proclim.com.pl\/","name":"proclim.com.pl","description":"Organizer na perfumy: porz\u0105dek i styl w jednym miejscu.","potentialAction":[{"@type":"SearchAction","target":{"@type":"EntryPoint","urlTemplate":"https:\/\/proclim.com.pl\/?s={search_term_string}"},"query-input":"required name=search_term_string"}],"inLanguage":"ro-RO"},{"@type":"Person","@id":"https:\/\/proclim.com.pl\/#\/schema\/person\/45c676b6550e197bc729f915ffc429e0","name":"Urszula Jasi\u0144ska","image":{"@type":"ImageObject","inLanguage":"ro-RO","@id":"https:\/\/proclim.com.pl\/#\/schema\/person\/image\/","url":"https:\/\/proclim.com.pl\/wp-content\/uploads\/2025\/02\/jdtygnenjz1_ad_avatar-96x96.jpg","contentUrl":"https:\/\/proclim.com.pl\/wp-content\/uploads\/2025\/02\/jdtygnenjz1_ad_avatar-96x96.jpg","caption":"Urszula Jasi\u0144ska"},"description":"Jestem Urszula Jasi\u0144ska, pasjonatka mody z wieloletnim do\u015bwiadczeniem w projektowaniu i stylizacji. Pracowa\u0142am z r\u00f3\u017cnymi markami, a tak\u017ce prowadz\u0119 bloga, na kt\u00f3rym dziel\u0119 si\u0119 swoimi spostrze\u017ceniami. Moim celem jest pomaganie innym w odnalezieniu w\u0142asnego stylu, zach\u0119cam do eksperymentowania z kolorami i krojami.","url":"https:\/\/proclim.com.pl\/ro\/author\/urszula-jasinska\/"}]}},"yoast_meta":{"yoast_wpseo_title":"","yoast_wpseo_metadesc":"","yoast_wpseo_canonical":"https:\/\/proclim.com.pl\/ro\/wp-json\/wp\/v2\/posts\/394"},"_links":{"self":[{"href":"https:\/\/proclim.com.pl\/ro\/wp-json\/wp\/v2\/posts\/394"}],"collection":[{"href":"https:\/\/proclim.com.pl\/ro\/wp-json\/wp\/v2\/posts"}],"about":[{"href":"https:\/\/proclim.com.pl\/ro\/wp-json\/wp\/v2\/types\/post"}],"author":[{"embeddable":true,"href":"https:\/\/proclim.com.pl\/ro\/wp-json\/wp\/v2\/users\/1"}],"replies":[{"embeddable":true,"href":"https:\/\/proclim.com.pl\/ro\/wp-json\/wp\/v2\/comments?post=394"}],"version-history":[{"count":1,"href":"https:\/\/proclim.com.pl\/ro\/wp-json\/wp\/v2\/posts\/394\/revisions"}],"predecessor-version":[{"id":400,"href":"https:\/\/proclim.com.pl\/ro\/wp-json\/wp\/v2\/posts\/394\/revisions\/400"}],"wp:featuredmedia":[{"embeddable":true,"href":"https:\/\/proclim.com.pl\/ro\/wp-json\/wp\/v2\/media\/391"}],"wp:attachment":[{"href":"https:\/\/proclim.com.pl\/ro\/wp-json\/wp\/v2\/media?parent=394"}],"wp:term":[{"taxonomy":"category","embeddable":true,"href":"https:\/\/proclim.com.pl\/ro\/wp-json\/wp\/v2\/categories?post=394"},{"taxonomy":"post_tag","embeddable":true,"href":"https:\/\/proclim.com.pl\/ro\/wp-json\/wp\/v2\/tags?post=394"}],"curies":[{"name":"wp","href":"https:\/\/api.w.org\/{rel}","templated":true}]}}