{"id":325,"date":"2024-12-19T00:00:00","date_gmt":"2024-12-19T00:00:00","guid":{"rendered":"https:\/\/proclim.com.pl\/?p=325"},"modified":"2025-02-24T14:55:34","modified_gmt":"2025-02-24T14:55:34","slug":"cienkie-sweterki-do-twoich-stylizacji-topowe-modele","status":"publish","type":"post","link":"https:\/\/proclim.com.pl\/ro\/cienkie-sweterki-do-twoich-stylizacji-topowe-modele\/","title":{"rendered":"Pulovere sub\u021biri pentru stilurile tale. Modele de top"},"content":{"rendered":"<div class=\"kk-star-ratings kksr-auto kksr-align-left kksr-valign-top\"\n    data-payload='{&quot;align&quot;:&quot;left&quot;,&quot;id&quot;:&quot;325&quot;,&quot;slug&quot;:&quot;default&quot;,&quot;valign&quot;:&quot;top&quot;,&quot;ignore&quot;:&quot;&quot;,&quot;reference&quot;:&quot;auto&quot;,&quot;class&quot;:&quot;&quot;,&quot;count&quot;:&quot;0&quot;,&quot;legendonly&quot;:&quot;&quot;,&quot;readonly&quot;:&quot;&quot;,&quot;score&quot;:&quot;0&quot;,&quot;starsonly&quot;:&quot;&quot;,&quot;best&quot;:&quot;5&quot;,&quot;gap&quot;:&quot;5&quot;,&quot;greet&quot;:&quot;&quot;,&quot;legend&quot;:&quot;0\\\/5 - (0 votes)&quot;,&quot;size&quot;:&quot;24&quot;,&quot;title&quot;:&quot;Cienkie sweterki do Twoich stylizacji. Topowe modele&quot;,&quot;width&quot;:&quot;0&quot;,&quot;_legend&quot;:&quot;{score}\\\/{best} - ({count} {votes})&quot;,&quot;font_factor&quot;:&quot;1.25&quot;}'>\n            \n<div class=\"kksr-stars\">\n    \n<div class=\"kksr-stars-inactive\">\n            <div class=\"kksr-star\" data-star=\"1\" style=\"padding-right: 5px\">\n            \n\n<div class=\"kksr-icon\" style=\"width: 24px; height: 24px;\"><\/div>\n        <\/div>\n            <div class=\"kksr-star\" data-star=\"2\" style=\"padding-right: 5px\">\n            \n\n<div class=\"kksr-icon\" style=\"width: 24px; height: 24px;\"><\/div>\n        <\/div>\n            <div class=\"kksr-star\" data-star=\"3\" style=\"padding-right: 5px\">\n            \n\n<div class=\"kksr-icon\" style=\"width: 24px; height: 24px;\"><\/div>\n        <\/div>\n            <div class=\"kksr-star\" data-star=\"4\" style=\"padding-right: 5px\">\n            \n\n<div class=\"kksr-icon\" style=\"width: 24px; height: 24px;\"><\/div>\n        <\/div>\n            <div class=\"kksr-star\" data-star=\"5\" style=\"padding-right: 5px\">\n            \n\n<div class=\"kksr-icon\" style=\"width: 24px; height: 24px;\"><\/div>\n        <\/div>\n    <\/div>\n    \n<div class=\"kksr-stars-active\" style=\"width: 0px;\">\n            <div class=\"kksr-star\" style=\"padding-right: 5px\">\n            \n\n<div class=\"kksr-icon\" style=\"width: 24px; height: 24px;\"><\/div>\n        <\/div>\n            <div class=\"kksr-star\" style=\"padding-right: 5px\">\n            \n\n<div class=\"kksr-icon\" style=\"width: 24px; height: 24px;\"><\/div>\n        <\/div>\n            <div class=\"kksr-star\" style=\"padding-right: 5px\">\n            \n\n<div class=\"kksr-icon\" style=\"width: 24px; height: 24px;\"><\/div>\n        <\/div>\n            <div class=\"kksr-star\" style=\"padding-right: 5px\">\n            \n\n<div class=\"kksr-icon\" style=\"width: 24px; height: 24px;\"><\/div>\n        <\/div>\n            <div class=\"kksr-star\" style=\"padding-right: 5px\">\n            \n\n<div class=\"kksr-icon\" style=\"width: 24px; height: 24px;\"><\/div>\n        <\/div>\n    <\/div>\n<\/div>\n                \n\n<div class=\"kksr-legend\" style=\"font-size: 19.2px;\">\n            <span class=\"kksr-muted\"><\/span>\n    <\/div>\n    <\/div>\n<p>Puloverele sub\u021biri sunt o pies\u0103 vestimentar\u0103 extrem de versatil\u0103 care ar trebui s\u0103 se afle \u00een fiecare garderob\u0103. Acestea aduc elegan\u021b\u0103 stilului de zi cu zi, men\u021bin\u00e2nd \u00een acela\u0219i timp confortul. Ca urmare a schimb\u0103rii tendin\u021belor, puloverele sub\u021biri cap\u0103t\u0103 noi stiluri \u0219i culori \u00een fiecare sezon, ceea ce le face u\u0219or de asortat cu propriul stil. Datorit\u0103 u\u0219urin\u021bei lor, aceste pulovere sunt perfecte pentru zilele de prim\u0103var\u0103 \u0219i toamn\u0103 c\u00e2nd temperatura poate fi capricioas\u0103. Varietatea lor de stiluri v\u0103 permite s\u0103 crea\u021bi at\u00e2t \u021binute casual, c\u00e2t \u0219i mai formale. Vezi ce modele sunt la mod\u0103 acum!<\/p>\n<h2>De ce merit\u0103 s\u0103 ai pulovere sub\u021biri \u00een garderob\u0103?<\/h2>\n<p><img decoding=\"async\" alt=\"Bia\u0142y sweter umieszczony na drewnianym fotelu w przytulnym pokoju z ro\u015blinami.\" src=\"https:\/\/proclim.com.pl\/wp-content\/uploads\/2024\/12\/imagee182a833856a49869a32242ac3f1f0e5.png\"\/><\/p>\n<p>Puloverele sub\u021biri nu sunt doar un accesoriu de mod\u0103, ci \u0219i o pies\u0103 vestimentar\u0103 practic\u0103, care se potrive\u0219te bine \u00een diverse situa\u021bii. Datorit\u0103 propriet\u0103\u021bilor materialelor lor, sunt ideale pentru zilele mai reci, c\u00e2nd avem nevoie de un strat suplimentar, dar nu vrem s\u0103 ne supra\u00eenc\u0103lzim. Un alt avantaj este versatilitatea lor - pot fi u\u0219or asortate cu blugi, fuste \u0219i chiar pantaloni elegan\u021bi. Mai jos sunt caracteristicile care disting puloverele sub\u021biri:<\/p>\n<ul>\n<li>Necesitatea de a avea un articol universal \u00een garderob\u0103<\/li>\n<li>U\u0219or de coafat \u2013 perfect pentru o varietate de stiluri<\/li>\n<li>Disponibil \u00een mai multe culori \u0219i modele, permi\u021b\u00e2nd personalizarea<\/li>\n<li>Confortabil de purtat datorit\u0103 u\u0219urin\u021bei materialului<\/li>\n<li>Protec\u021bie \u00eempotriva frigului f\u0103r\u0103 supra\u00eenc\u0103lzirea corpului<\/li>\n<\/ul>\n<h2>Cele mai populare modele de pulovere sub\u021biri<\/h2>\n<p><img decoding=\"async\" alt=\"Trzy kobiety \u015bmiej\u0105 si\u0119 i rozmawiaj\u0105 przy kawie na tarasie kawiarni.\" src=\"https:\/\/proclim.com.pl\/wp-content\/uploads\/2024\/12\/image63d21b4307cf414f9cd9b4964df1a983.png\"\/><\/p>\n<p>Alegerea modelului potrivit de pulover sub\u021bire poate fi cheia unui stilism reu\u0219it. Lumea modei este dominat\u0103 \u00een prezent de o varietate de stiluri care pot fi adaptate preferin\u021belor individuale. Iat\u0103 cele mai populare modele care merit\u0103 luate \u00een considerare:<\/p>\n<table border=\"1\">\n<tr>\n<th>Model<\/th>\n<th>Caracteristici<\/th>\n<th>Stilist<\/th>\n<\/tr>\n<tr>\n<td>Pulover cu decolteu \u00een V<\/td>\n<td>Siluet\u0103 elegant\u0103 \u0219i sub\u021bire<\/td>\n<td>Potrivit pentru ie\u0219iri de sear\u0103<\/td>\n<\/tr>\n<tr>\n<td>Pulover supradimensionat<\/td>\n<td>Croial\u0103 lejer\u0103, perfect\u0103 pentru purtare zilnic\u0103<\/td>\n<td>Pentru \u021binute casual<\/td>\n<\/tr>\n<tr>\n<td>Pulover cu guler \u00eenalt<\/td>\n<td>Stil clasic, cald<\/td>\n<td>Pentru zilele mai reci<\/td>\n<\/tr>\n<\/table>\n<p>\u0218tii cum s\u0103 aranjezi puloverele sub\u021biri pentru a le scoate \u00een eviden\u021b\u0103 ce e mai bun? Posibilit\u0103\u021bile de stilizare sunt practic nelimitate! Merit\u0103 s\u0103 \u0219tii ce articole de garderob\u0103 le \u00eenso\u021besc cel mai bine. De exemplu, puloverele sub\u021biri se potrivesc perfect cu:<\/p>\n<ul>\n<li>Blugi cu talie \u00eenalt\u0103 \u2013 pentru un look casual \u0219i modern.<\/li>\n<li>Fuste midi \u2013 pentru ocazii formale, pentru a accentua elegan\u021ba.<\/li>\n<li>Pantaloni de trening sport \u2013 perfec\u021bi pentru ie\u0219irile de zi cu zi \u0219i \u00eent\u00e2lnirile cu prietenii.<\/li>\n<\/ul>\n<h2>Rezumat<\/h2>\n<p>Puloverele sub\u021biri sunt o pies\u0103 vestimentar\u0103 care merit\u0103 un loc special. Datorit\u0103 variet\u0103\u021bii de stiluri \u0219i op\u021biuni de stilizare, acestea pot fi purtate \u00een multe feluri. Sunt perfecte nu doar pentru stilul de zi cu zi, ci \u0219i pentru ocazii mai elegante. Atunci c\u00e2nd alege\u021bi pulovere, merit\u0103 s\u0103 acorda\u021bi aten\u021bie potrivirii lor pe siluet\u0103 pentru a ob\u021bine cel mai bun efect posibil. De asemenea, nu uita s\u0103 ai grij\u0103 de ele pentru a te bucura de ele multe anotimpuri!<\/p>\n<h2>\u00centreb\u0103ri frecvente<\/h2>\n<ul>\n<li><strong>Ce materiale sunt cele mai bune pentru puloverele sub\u021biri?<\/strong><br \/>Cele mai bune materiale sunt bumbacul, viscoza \u0219i amestecurile de fibre sintetice, care ofer\u0103 confort \u0219i respirabilitate.<\/li>\n<li><strong>Puloverele sub\u021biri se potrivesc oric\u0103rei siluete?<\/strong><br \/>Da, stilul potrivit poate eviden\u021bia avantajele oric\u0103rei siluete. Cheia este s\u0103 alegi croiala \u0219i m\u0103rimea potrivite.<\/li>\n<li><strong>Cum s\u0103 \u00eengrije\u0219ti puloverele sub\u021biri?<\/strong><br \/>Recomand\u0103m sp\u0103larea la temperatur\u0103 sc\u0103zut\u0103 \u0219i uscarea la umbr\u0103 pentru a le p\u0103stra forma \u0219i culoarea.<\/li>\n<li><strong>Unde este cel mai bun loc pentru a cump\u0103ra pulovere sub\u021biri?<\/strong><br \/>Merit\u0103 s\u0103 vizita\u021bi at\u00e2t magazinele de papet\u0103rie, c\u00e2t \u0219i magazinele online, care ofer\u0103 adesea o selec\u021bie mai larg\u0103 de modele \u0219i m\u0103rci.<\/li>\n<\/ul>","protected":false},"excerpt":{"rendered":"<p>Cienkie sweterki to niezwykle wszechstronny element ubioru, kt\u00f3ry powinien znale\u017a\u0107 si\u0119 w ka\u017cdej szafie. Wprowadzaj\u0105 one do codziennych stylizacji elegancj\u0119 przy jednoczesnym zachowaniu komfortu. W wyniku zmieniaj\u0105cych si\u0119 trend\u00f3w, cienkie sweterki z ka\u017cdym sezonem zyskuj\u0105 nowe fasony i kolory, co sprawia, \u017ce mo\u017cna je \u0142atwo dopasowa\u0107 do w\u0142asnego stylu. Dzi\u0119ki swojej lekko\u015bci, sweterki te \u015bwietnie [&hellip;]<\/p>","protected":false},"author":2,"featured_media":270,"comment_status":"closed","ping_status":"closed","sticky":false,"template":"","format":"standard","meta":{"_acf_changed":false,"footnotes":""},"categories":[1],"tags":[],"class_list":["post-325","post","type-post","status-publish","format-standard","has-post-thumbnail","hentry","category-blog"],"acf":[],"yoast_head":"<!-- This site is optimized with the Yoast SEO plugin v23.2 - https:\/\/yoast.com\/wordpress\/plugins\/seo\/ -->\n<title>Cienkie sweterki do Twoich stylizacji \u2013 Topowe modele na ka\u017cd\u0105 okazj\u0119<\/title>\n<meta name=\"description\" content=\"Odkryj najmodniejsze cienkie sweterki, kt\u00f3re wzbogac\u0105 Twoje stylizacje na ka\u017cd\u0105 okazj\u0119. Stylizacje, trendy i porady czekaj\u0105!\" \/>\n<meta name=\"robots\" content=\"index, follow, max-snippet:-1, max-image-preview:large, max-video-preview:-1\" \/>\n<link rel=\"canonical\" href=\"https:\/\/proclim.com.pl\/ro\/cienkie-sweterki-do-twoich-stylizacji-topowe-modele\/\" \/>\n<meta property=\"og:locale\" content=\"ro_RO\" \/>\n<meta property=\"og:type\" content=\"article\" \/>\n<meta property=\"og:title\" content=\"Cienkie sweterki do Twoich stylizacji \u2013 Topowe modele na ka\u017cd\u0105 okazj\u0119\" \/>\n<meta property=\"og:description\" content=\"Odkryj najmodniejsze cienkie sweterki, kt\u00f3re wzbogac\u0105 Twoje stylizacje na ka\u017cd\u0105 okazj\u0119. Stylizacje, trendy i porady czekaj\u0105!\" \/>\n<meta property=\"og:url\" content=\"https:\/\/proclim.com.pl\/ro\/cienkie-sweterki-do-twoich-stylizacji-topowe-modele\/\" \/>\n<meta property=\"og:site_name\" content=\"proclim.com.pl\" \/>\n<meta property=\"article:published_time\" content=\"2024-12-19T00:00:00+00:00\" \/>\n<meta property=\"article:modified_time\" content=\"2025-02-24T14:55:34+00:00\" \/>\n<meta property=\"og:image\" content=\"https:\/\/proclim.com.pl\/wp-content\/uploads\/2024\/12\/image411af867406b4763ad7ad66facf57b67.png\" \/>\n\t<meta property=\"og:image:width\" content=\"1024\" \/>\n\t<meta property=\"og:image:height\" content=\"768\" \/>\n\t<meta property=\"og:image:type\" content=\"image\/png\" \/>\n<meta name=\"author\" content=\"Klaudia Mazurkiewicz\" \/>\n<meta name=\"twitter:card\" content=\"summary_large_image\" \/>\n<meta name=\"twitter:label1\" content=\"Scris de\" \/>\n\t<meta name=\"twitter:data1\" content=\"Klaudia Mazurkiewicz\" \/>\n\t<meta name=\"twitter:label2\" content=\"Timp estimat pentru citire\" \/>\n\t<meta name=\"twitter:data2\" content=\"3 minute\" \/>\n<script type=\"application\/ld+json\" class=\"yoast-schema-graph\">{\"@context\":\"https:\/\/schema.org\",\"@graph\":[{\"@type\":\"WebPage\",\"@id\":\"https:\/\/proclim.com.pl\/cienkie-sweterki-do-twoich-stylizacji-topowe-modele\/\",\"url\":\"https:\/\/proclim.com.pl\/cienkie-sweterki-do-twoich-stylizacji-topowe-modele\/\",\"name\":\"Cienkie sweterki do Twoich stylizacji \u2013 Topowe modele na ka\u017cd\u0105 okazj\u0119\",\"isPartOf\":{\"@id\":\"https:\/\/proclim.com.pl\/#website\"},\"primaryImageOfPage\":{\"@id\":\"https:\/\/proclim.com.pl\/cienkie-sweterki-do-twoich-stylizacji-topowe-modele\/#primaryimage\"},\"image\":{\"@id\":\"https:\/\/proclim.com.pl\/cienkie-sweterki-do-twoich-stylizacji-topowe-modele\/#primaryimage\"},\"thumbnailUrl\":\"https:\/\/proclim.com.pl\/wp-content\/uploads\/2024\/12\/image411af867406b4763ad7ad66facf57b67.png\",\"datePublished\":\"2024-12-19T00:00:00+00:00\",\"dateModified\":\"2025-02-24T14:55:34+00:00\",\"author\":{\"@id\":\"https:\/\/proclim.com.pl\/#\/schema\/person\/ef846607e91bf34765013fca536bfbf3\"},\"description\":\"Odkryj najmodniejsze cienkie sweterki, kt\u00f3re wzbogac\u0105 Twoje stylizacje na ka\u017cd\u0105 okazj\u0119. Stylizacje, trendy i porady czekaj\u0105!\",\"breadcrumb\":{\"@id\":\"https:\/\/proclim.com.pl\/cienkie-sweterki-do-twoich-stylizacji-topowe-modele\/#breadcrumb\"},\"inLanguage\":\"ro-RO\",\"potentialAction\":[{\"@type\":\"ReadAction\",\"target\":[\"https:\/\/proclim.com.pl\/cienkie-sweterki-do-twoich-stylizacji-topowe-modele\/\"]}]},{\"@type\":\"ImageObject\",\"inLanguage\":\"ro-RO\",\"@id\":\"https:\/\/proclim.com.pl\/cienkie-sweterki-do-twoich-stylizacji-topowe-modele\/#primaryimage\",\"url\":\"https:\/\/proclim.com.pl\/wp-content\/uploads\/2024\/12\/image411af867406b4763ad7ad66facf57b67.png\",\"contentUrl\":\"https:\/\/proclim.com.pl\/wp-content\/uploads\/2024\/12\/image411af867406b4763ad7ad66facf57b67.png\",\"width\":1024,\"height\":768},{\"@type\":\"BreadcrumbList\",\"@id\":\"https:\/\/proclim.com.pl\/cienkie-sweterki-do-twoich-stylizacji-topowe-modele\/#breadcrumb\",\"itemListElement\":[{\"@type\":\"ListItem\",\"position\":1,\"name\":\"Home\",\"item\":\"https:\/\/proclim.com.pl\/\"},{\"@type\":\"ListItem\",\"position\":2,\"name\":\"Cienkie sweterki do Twoich stylizacji. Topowe modele\"}]},{\"@type\":\"WebSite\",\"@id\":\"https:\/\/proclim.com.pl\/#website\",\"url\":\"https:\/\/proclim.com.pl\/\",\"name\":\"proclim.com.pl\",\"description\":\"Organizer na perfumy: porz\u0105dek i styl w jednym miejscu.\",\"potentialAction\":[{\"@type\":\"SearchAction\",\"target\":{\"@type\":\"EntryPoint\",\"urlTemplate\":\"https:\/\/proclim.com.pl\/?s={search_term_string}\"},\"query-input\":\"required name=search_term_string\"}],\"inLanguage\":\"ro-RO\"},{\"@type\":\"Person\",\"@id\":\"https:\/\/proclim.com.pl\/#\/schema\/person\/ef846607e91bf34765013fca536bfbf3\",\"name\":\"Klaudia Mazurkiewicz\",\"image\":{\"@type\":\"ImageObject\",\"inLanguage\":\"ro-RO\",\"@id\":\"https:\/\/proclim.com.pl\/#\/schema\/person\/image\/\",\"url\":\"https:\/\/proclim.com.pl\/wp-content\/uploads\/2025\/02\/klaudia-mazurkiewicz_avatar-96x96.jpg\",\"contentUrl\":\"https:\/\/proclim.com.pl\/wp-content\/uploads\/2025\/02\/klaudia-mazurkiewicz_avatar-96x96.jpg\",\"caption\":\"Klaudia Mazurkiewicz\"},\"description\":\"Jestem Klaudia Mazurkiewicz, pasjonatka mody, kt\u00f3ra od lat dzieli si\u0119 swoj\u0105 wiedz\u0105 i do\u015bwiadczeniem z innymi. Wierz\u0119, \u017ce moda to spos\u00f3b wyra\u017cania siebie, dlatego promuj\u0119 r\u00f3\u017cnorodno\u015b\u0107 i indywidualno\u015b\u0107. Zapraszam do kontaktu, by wsp\u00f3lnie odkrywa\u0107 \u015bwiat mody i stylizacji!\",\"url\":\"https:\/\/proclim.com.pl\/ro\/author\/klaudia-mazurkiewicz\/\"}]}<\/script>\n<!-- \/ Yoast SEO plugin. -->","yoast_head_json":{"title":"Cienkie sweterki do Twoich stylizacji \u2013 Topowe modele na ka\u017cd\u0105 okazj\u0119","description":"Odkryj najmodniejsze cienkie sweterki, kt\u00f3re wzbogac\u0105 Twoje stylizacje na ka\u017cd\u0105 okazj\u0119. Stylizacje, trendy i porady czekaj\u0105!","robots":{"index":"index","follow":"follow","max-snippet":"max-snippet:-1","max-image-preview":"max-image-preview:large","max-video-preview":"max-video-preview:-1"},"canonical":"https:\/\/proclim.com.pl\/ro\/cienkie-sweterki-do-twoich-stylizacji-topowe-modele\/","og_locale":"ro_RO","og_type":"article","og_title":"Cienkie sweterki do Twoich stylizacji \u2013 Topowe modele na ka\u017cd\u0105 okazj\u0119","og_description":"Odkryj najmodniejsze cienkie sweterki, kt\u00f3re wzbogac\u0105 Twoje stylizacje na ka\u017cd\u0105 okazj\u0119. Stylizacje, trendy i porady czekaj\u0105!","og_url":"https:\/\/proclim.com.pl\/ro\/cienkie-sweterki-do-twoich-stylizacji-topowe-modele\/","og_site_name":"proclim.com.pl","article_published_time":"2024-12-19T00:00:00+00:00","article_modified_time":"2025-02-24T14:55:34+00:00","og_image":[{"width":1024,"height":768,"url":"https:\/\/proclim.com.pl\/wp-content\/uploads\/2024\/12\/image411af867406b4763ad7ad66facf57b67.png","type":"image\/png"}],"author":"Klaudia Mazurkiewicz","twitter_card":"summary_large_image","twitter_misc":{"Scris de":"Klaudia Mazurkiewicz","Timp estimat pentru citire":"3 minute"},"schema":{"@context":"https:\/\/schema.org","@graph":[{"@type":"WebPage","@id":"https:\/\/proclim.com.pl\/cienkie-sweterki-do-twoich-stylizacji-topowe-modele\/","url":"https:\/\/proclim.com.pl\/cienkie-sweterki-do-twoich-stylizacji-topowe-modele\/","name":"Cienkie sweterki do Twoich stylizacji \u2013 Topowe modele na ka\u017cd\u0105 okazj\u0119","isPartOf":{"@id":"https:\/\/proclim.com.pl\/#website"},"primaryImageOfPage":{"@id":"https:\/\/proclim.com.pl\/cienkie-sweterki-do-twoich-stylizacji-topowe-modele\/#primaryimage"},"image":{"@id":"https:\/\/proclim.com.pl\/cienkie-sweterki-do-twoich-stylizacji-topowe-modele\/#primaryimage"},"thumbnailUrl":"https:\/\/proclim.com.pl\/wp-content\/uploads\/2024\/12\/image411af867406b4763ad7ad66facf57b67.png","datePublished":"2024-12-19T00:00:00+00:00","dateModified":"2025-02-24T14:55:34+00:00","author":{"@id":"https:\/\/proclim.com.pl\/#\/schema\/person\/ef846607e91bf34765013fca536bfbf3"},"description":"Odkryj najmodniejsze cienkie sweterki, kt\u00f3re wzbogac\u0105 Twoje stylizacje na ka\u017cd\u0105 okazj\u0119. Stylizacje, trendy i porady czekaj\u0105!","breadcrumb":{"@id":"https:\/\/proclim.com.pl\/cienkie-sweterki-do-twoich-stylizacji-topowe-modele\/#breadcrumb"},"inLanguage":"ro-RO","potentialAction":[{"@type":"ReadAction","target":["https:\/\/proclim.com.pl\/cienkie-sweterki-do-twoich-stylizacji-topowe-modele\/"]}]},{"@type":"ImageObject","inLanguage":"ro-RO","@id":"https:\/\/proclim.com.pl\/cienkie-sweterki-do-twoich-stylizacji-topowe-modele\/#primaryimage","url":"https:\/\/proclim.com.pl\/wp-content\/uploads\/2024\/12\/image411af867406b4763ad7ad66facf57b67.png","contentUrl":"https:\/\/proclim.com.pl\/wp-content\/uploads\/2024\/12\/image411af867406b4763ad7ad66facf57b67.png","width":1024,"height":768},{"@type":"BreadcrumbList","@id":"https:\/\/proclim.com.pl\/cienkie-sweterki-do-twoich-stylizacji-topowe-modele\/#breadcrumb","itemListElement":[{"@type":"ListItem","position":1,"name":"Home","item":"https:\/\/proclim.com.pl\/"},{"@type":"ListItem","position":2,"name":"Cienkie sweterki do Twoich stylizacji. Topowe modele"}]},{"@type":"WebSite","@id":"https:\/\/proclim.com.pl\/#website","url":"https:\/\/proclim.com.pl\/","name":"proclim.com.pl","description":"Organizer na perfumy: porz\u0105dek i styl w jednym miejscu.","potentialAction":[{"@type":"SearchAction","target":{"@type":"EntryPoint","urlTemplate":"https:\/\/proclim.com.pl\/?s={search_term_string}"},"query-input":"required name=search_term_string"}],"inLanguage":"ro-RO"},{"@type":"Person","@id":"https:\/\/proclim.com.pl\/#\/schema\/person\/ef846607e91bf34765013fca536bfbf3","name":"Klaudia Mazurkiewicz","image":{"@type":"ImageObject","inLanguage":"ro-RO","@id":"https:\/\/proclim.com.pl\/#\/schema\/person\/image\/","url":"https:\/\/proclim.com.pl\/wp-content\/uploads\/2025\/02\/klaudia-mazurkiewicz_avatar-96x96.jpg","contentUrl":"https:\/\/proclim.com.pl\/wp-content\/uploads\/2025\/02\/klaudia-mazurkiewicz_avatar-96x96.jpg","caption":"Klaudia Mazurkiewicz"},"description":"Jestem Klaudia Mazurkiewicz, pasjonatka mody, kt\u00f3ra od lat dzieli si\u0119 swoj\u0105 wiedz\u0105 i do\u015bwiadczeniem z innymi. Wierz\u0119, \u017ce moda to spos\u00f3b wyra\u017cania siebie, dlatego promuj\u0119 r\u00f3\u017cnorodno\u015b\u0107 i indywidualno\u015b\u0107. Zapraszam do kontaktu, by wsp\u00f3lnie odkrywa\u0107 \u015bwiat mody i stylizacji!","url":"https:\/\/proclim.com.pl\/ro\/author\/klaudia-mazurkiewicz\/"}]}},"yoast_meta":{"yoast_wpseo_title":"","yoast_wpseo_metadesc":"","yoast_wpseo_canonical":"https:\/\/proclim.com.pl\/ro\/wp-json\/wp\/v2\/posts\/325"},"_links":{"self":[{"href":"https:\/\/proclim.com.pl\/ro\/wp-json\/wp\/v2\/posts\/325"}],"collection":[{"href":"https:\/\/proclim.com.pl\/ro\/wp-json\/wp\/v2\/posts"}],"about":[{"href":"https:\/\/proclim.com.pl\/ro\/wp-json\/wp\/v2\/types\/post"}],"author":[{"embeddable":true,"href":"https:\/\/proclim.com.pl\/ro\/wp-json\/wp\/v2\/users\/2"}],"replies":[{"embeddable":true,"href":"https:\/\/proclim.com.pl\/ro\/wp-json\/wp\/v2\/comments?post=325"}],"version-history":[{"count":2,"href":"https:\/\/proclim.com.pl\/ro\/wp-json\/wp\/v2\/posts\/325\/revisions"}],"predecessor-version":[{"id":502,"href":"https:\/\/proclim.com.pl\/ro\/wp-json\/wp\/v2\/posts\/325\/revisions\/502"}],"wp:featuredmedia":[{"embeddable":true,"href":"https:\/\/proclim.com.pl\/ro\/wp-json\/wp\/v2\/media\/270"}],"wp:attachment":[{"href":"https:\/\/proclim.com.pl\/ro\/wp-json\/wp\/v2\/media?parent=325"}],"wp:term":[{"taxonomy":"category","embeddable":true,"href":"https:\/\/proclim.com.pl\/ro\/wp-json\/wp\/v2\/categories?post=325"},{"taxonomy":"post_tag","embeddable":true,"href":"https:\/\/proclim.com.pl\/ro\/wp-json\/wp\/v2\/tags?post=325"}],"curies":[{"name":"wp","href":"https:\/\/api.w.org\/{rel}","templated":true}]}}