{"id":322,"date":"2024-12-19T00:00:00","date_gmt":"2024-12-19T00:00:00","guid":{"rendered":"https:\/\/proclim.com.pl\/?p=322"},"modified":"2025-02-24T14:55:34","modified_gmt":"2025-02-24T14:55:34","slug":"dlugie-swetry-nos-jak-cieple-sukienki-z-dzianiny","status":"publish","type":"post","link":"https:\/\/proclim.com.pl\/ro\/dlugie-swetry-nos-jak-cieple-sukienki-z-dzianiny\/","title":{"rendered":"Pulovere lungi. Purta\u021bi ca rochii tricotate c\u0103lduroase"},"content":{"rendered":"<div class=\"kk-star-ratings kksr-auto kksr-align-left kksr-valign-top\"\n    data-payload='{&quot;align&quot;:&quot;left&quot;,&quot;id&quot;:&quot;322&quot;,&quot;slug&quot;:&quot;default&quot;,&quot;valign&quot;:&quot;top&quot;,&quot;ignore&quot;:&quot;&quot;,&quot;reference&quot;:&quot;auto&quot;,&quot;class&quot;:&quot;&quot;,&quot;count&quot;:&quot;0&quot;,&quot;legendonly&quot;:&quot;&quot;,&quot;readonly&quot;:&quot;&quot;,&quot;score&quot;:&quot;0&quot;,&quot;starsonly&quot;:&quot;&quot;,&quot;best&quot;:&quot;5&quot;,&quot;gap&quot;:&quot;5&quot;,&quot;greet&quot;:&quot;&quot;,&quot;legend&quot;:&quot;0\\\/5 - (0 votes)&quot;,&quot;size&quot;:&quot;24&quot;,&quot;title&quot;:&quot;D\u0142ugie swetry. No\u015b jak ciep\u0142e sukienki z dzianiny&quot;,&quot;width&quot;:&quot;0&quot;,&quot;_legend&quot;:&quot;{score}\\\/{best} - ({count} {votes})&quot;,&quot;font_factor&quot;:&quot;1.25&quot;}'>\n            \n<div class=\"kksr-stars\">\n    \n<div class=\"kksr-stars-inactive\">\n            <div class=\"kksr-star\" data-star=\"1\" style=\"padding-right: 5px\">\n            \n\n<div class=\"kksr-icon\" style=\"width: 24px; height: 24px;\"><\/div>\n        <\/div>\n            <div class=\"kksr-star\" data-star=\"2\" style=\"padding-right: 5px\">\n            \n\n<div class=\"kksr-icon\" style=\"width: 24px; height: 24px;\"><\/div>\n        <\/div>\n            <div class=\"kksr-star\" data-star=\"3\" style=\"padding-right: 5px\">\n            \n\n<div class=\"kksr-icon\" style=\"width: 24px; height: 24px;\"><\/div>\n        <\/div>\n            <div class=\"kksr-star\" data-star=\"4\" style=\"padding-right: 5px\">\n            \n\n<div class=\"kksr-icon\" style=\"width: 24px; height: 24px;\"><\/div>\n        <\/div>\n            <div class=\"kksr-star\" data-star=\"5\" style=\"padding-right: 5px\">\n            \n\n<div class=\"kksr-icon\" style=\"width: 24px; height: 24px;\"><\/div>\n        <\/div>\n    <\/div>\n    \n<div class=\"kksr-stars-active\" style=\"width: 0px;\">\n            <div class=\"kksr-star\" style=\"padding-right: 5px\">\n            \n\n<div class=\"kksr-icon\" style=\"width: 24px; height: 24px;\"><\/div>\n        <\/div>\n            <div class=\"kksr-star\" style=\"padding-right: 5px\">\n            \n\n<div class=\"kksr-icon\" style=\"width: 24px; height: 24px;\"><\/div>\n        <\/div>\n            <div class=\"kksr-star\" style=\"padding-right: 5px\">\n            \n\n<div class=\"kksr-icon\" style=\"width: 24px; height: 24px;\"><\/div>\n        <\/div>\n            <div class=\"kksr-star\" style=\"padding-right: 5px\">\n            \n\n<div class=\"kksr-icon\" style=\"width: 24px; height: 24px;\"><\/div>\n        <\/div>\n            <div class=\"kksr-star\" style=\"padding-right: 5px\">\n            \n\n<div class=\"kksr-icon\" style=\"width: 24px; height: 24px;\"><\/div>\n        <\/div>\n    <\/div>\n<\/div>\n                \n\n<div class=\"kksr-legend\" style=\"font-size: 19.2px;\">\n            <span class=\"kksr-muted\"><\/span>\n    <\/div>\n    <\/div>\n<p>Puloverele lungi sunt cu siguran\u021b\u0103 un hit \u00een mod\u0103 care c\u00e2\u0219tig\u0103 popularitate \u00een fiecare iarn\u0103. Nu sunt doar func\u021bionale, ci sunt \u0219i incredibil de elegante, ceea ce \u00eenseamn\u0103 c\u0103 pot fi purtate \u00een multe feluri. Datorit\u0103 gamei largi de stiluri \u0219i culori, puloverele lungi pot deveni cu succes un element cheie al garderobei fiec\u0103rei femei. C\u00e2nd temperatura scade, aceste pulovere ofer\u0103 c\u0103ldur\u0103 \u0219i confort, permi\u021b\u00e2nd \u00een acela\u0219i timp un aspect profesional sau de sear\u0103. Universalitatea lor \u00eenseamn\u0103 c\u0103 pot fi purtate at\u00e2t \u00een stiluri casual, c\u00e2t \u0219i elegante. Prin urmare, merit\u0103 s\u0103 te g\u00e2nde\u0219ti cum s\u0103 alegi cel mai bine un pulover lung care s\u0103 se potriveasc\u0103 stilului \u0219i ocaziei tale.<\/p>\n<h2>Tipuri de pulovere lungi<\/h2>\n<p><img decoding=\"async\" alt=\"Kobieta w biurowym korytarzu, ubrana w bia\u0142y sweter i zielon\u0105 sp\u00f3dnic\u0119, trzyma torb\u0119.\" src=\"https:\/\/proclim.com.pl\/wp-content\/uploads\/2024\/12\/image495880168d2f47ab80f0cc49c12752a4.png\"\/><\/p>\n<p>Puloverele lungi sunt disponibile \u00een multe stiluri, ceea ce le face potrivite pentru o varietate de ocazii. Mai jos sunt c\u00e2teva dintre cele mai populare stiluri de care trebuie s\u0103 \u021bii cont atunci c\u00e2nd alegi puloverul perfect.<\/p>\n<ul>\n<li>Pulovere cardigan<\/li>\n<li>Pulovere supradimensionate<\/li>\n<li>Pulovere cu guler<\/li>\n<\/ul>\n<h3>Pulovere cardigan<\/h3>\n<p>Cardigane au devenit un clasic at\u00e2t \u00een stilul casual, c\u00e2t \u0219i \u00een cel elegant. Cel mai adesea, acestea sunt prinse cu nasturi sau au un design deschis, ceea ce le face mai u\u0219or de \u00eembr\u0103cat \u0219i dezbr\u0103cat. Pot fi asortate cu orice \u021binut\u0103, de la blugi la fuste elegante. Mul\u021bi oameni apreciaz\u0103 versatilitatea lor deoarece se adapteaz\u0103 u\u0219or la diferite stiluri. Sunt perfecte pentru mai multe sezoane, mai ales ca accesoriu de sear\u0103. Cardigane pot fi purtate at\u00e2t singure, c\u00e2t \u0219i ca completare la alte straturi de \u00eembr\u0103c\u0103minte.<\/p>\n<h3>Pulovere supradimensionate<\/h3>\n<p>Puloverele lejere au devenit sinonime cu confortul. Datorit\u0103 croielii \u0219i cantit\u0103\u021bii mari de material, acestea ofer\u0103 confort maxim. Se potrivesc perfect cu colan\u021bi sau pantaloni de trening, permi\u021b\u00e2ndu-\u021bi s\u0103 creezi un look casual \u0219i la mod\u0103. Puloverele supradimensionate pot fi purtate \u0219i ca rochii, ad\u0103ug\u00e2nd o curea \u00een talie pentru a accentua silueta. O gam\u0103 larg\u0103 de culori \u0219i modele le face u\u0219or de integrat \u00een diverse stiluri. Cu siguran\u021b\u0103 ne vor \u00eenso\u021bi \u00een zilele de prim\u0103var\u0103 \u0219i de iarn\u0103.<\/p>\n<h3>Pulovere cu guler<\/h3>\n<p>Puloverele cu guler sunt o solu\u021bie excelent\u0103 pentru ocazii mai formale. Acestea adaug\u0103 elegan\u021b\u0103 \u0219i sunt ideale pentru munc\u0103 sau \u00eent\u00e2lniri de afaceri. Se vor potrivi bine cu o fust\u0103 midi sau pantaloni \u021bigar\u0103. Gulerul poate fi variat \u2013 de la clasic la mai avangardist. Pentru a crea un aspect \u0219i mai elegant, merit\u0103 s\u0103 adaugi bijuterii \u0219i pantofi elegan\u021bi. Aceste pulovere sunt, de asemenea, o alegere excelent\u0103 pentru \u021binutele de sear\u0103, deoarece arat\u0103 bine cu accesoriile potrivite.<\/p>\n<h2>Cum s\u0103 por\u021bi puloverele lungi?<\/h2>\n<p><img decoding=\"async\" alt=\"Kobieta w bia\u0142ym swetrze z d\u0142ugimi r\u0119kawami, stoj\u0105ca przed kominkiem w przytulnym pokoju.\" src=\"https:\/\/proclim.com.pl\/wp-content\/uploads\/2024\/12\/image677d15796e9642288992f2dbd9cb72fb.png\"\/><\/p>\n<p>Puloverele lungi ofer\u0103 nenum\u0103rate op\u021biuni de stilizare. Pot fi purtate \u00een multe combina\u021bii diferite, a\u0219a c\u0103 fiecare femeie va g\u0103si ceva pentru ea. Totu\u0219i, este crucial s\u0103 alege\u021bi articolele vestimentare potrivite, astfel \u00eenc\u00e2t puloverul s\u0103 \u00ee\u0219i \u00eendeplineasc\u0103 at\u00e2t func\u021biile stilistice, c\u00e2t \u0219i cele practice. Mai jos sunt c\u00e2teva idei de asortare cu pulovere lungi.<\/p>\n<h3>Stil casual<\/h3>\n<p>Pentru un stil casual, puloverele lungi se asorteaz\u0103 cel mai bine cu blugi sau pantaloni de trening. Adaug\u0103 adida\u0219i clasici sau ghete pentru un look confortabil \u0219i la mod\u0103. Acest set va fi perfect pentru c\u0103l\u0103toriile de zi cu zi la serviciu sau pentru \u00eent\u00e2lnirile cu prietenii. De asemenea, po\u021bi ad\u0103uga o jachet\u0103 sau un palton de piele pentru a completa \u021binuta. Puloverele lungi \u00een culori sau modele \u00eendr\u0103zne\u021be vor atrage aten\u021bia \u0219i vor face ca stilul t\u0103u s\u0103 fie unic. Nu uita s\u0103 alegi accesorii, precum gen\u021bi de m\u00e2n\u0103 sau bijuterii, pentru a da caracter \u00eentregului aspect.<\/p>\n<h3>Stil elegant<\/h3>\n<p>Pentru ocazii mai formale, merit\u0103 s\u0103 optezi pentru un pulover lung asortat cu o bluz\u0103 elegant\u0103. O fust\u0103 creion combinat\u0103 cu un pulover lung va crea o revela\u021bie optic\u0103 ce va atrage cu siguran\u021b\u0103 aten\u021bia celor din jur. Merit\u0103 s\u0103 ad\u0103uga\u021bi tocuri \u00eenalte \u0219i bijuterii delicate pentru a sublinia elegan\u021ba \u00eentregului set. \u00cen cazul culorilor subtile ale puloverului \u0219i fustei, po\u021bi da fr\u00e2u liber cu accesorii \u00een culori intense. \u00cen primul r\u00e2nd, este important s\u0103 te sim\u021bi confortabil \u00een stilul ales, deoarece acest lucru \u00ee\u021bi va influen\u021ba pozitiv aspectul general \u0219i \u00eencrederea \u00een sine. Men\u021binerea unui echilibru \u00eentre elegan\u021b\u0103 \u0219i confort aduce \u00eentotdeauna rezultate excelente.<\/p>\n<h3>Stil de iarn\u0103<\/h3>\n<p>\u00cen zilele de iarn\u0103, puloverele lungi pot fi purtate ca parte a unei \u021binute \u00een straturi. Vor ar\u0103ta grozav cu colan\u021bi gro\u0219i \u0219i o hain\u0103 c\u0103lduroas\u0103. De asemenea, merit\u0103 s\u0103 ad\u0103uga\u021bi accesorii precum o e\u0219arf\u0103 sau o c\u0103ciul\u0103 pentru a sublinia caracterul hibernal al stilului. Culorile subtile, cum ar fi griurile sau tonurile p\u0103m\u00e2ntii, vor fi o alegere excelent\u0103 pentru zilele geroase. Complet\u00e2nd \u00eentregul cu \u00eenc\u0103l\u021b\u0103minte rezistent\u0103, cum ar fi ghetele de iarn\u0103 p\u00e2n\u0103 la glezn\u0103, vom ob\u021bine un aspect confortabil \u0219i practic. Nu uita s\u0103 nu-\u021bi fie team\u0103 s\u0103 experimentezi cu texturi, combin\u00e2nd materiale netede cu catifea reiat\u0103 sau l\u00e2n\u0103.<\/p>\n<table border=\"1\">\n<tr>\n<th>Stilizare<\/th>\n<th>Descriere<\/th>\n<\/tr>\n<tr>\n<td>Casual<\/td>\n<td>Pulover lung + blugi + adida\u0219i<\/td>\n<\/tr>\n<tr>\n<td>Elegant<\/td>\n<td>Pulover lung + fust\u0103 creion + tocuri<\/td>\n<\/tr>\n<tr>\n<td>Pentru iarn\u0103<\/td>\n<td>Pulover lung + colan\u021bi + palton<\/td>\n<\/tr>\n<\/table>\n<h2>De ce merit\u0103 s\u0103 ai un pulover lung \u00een garderob\u0103?<\/h2>\n<p>Un pulover lung nu este doar la mod\u0103, ci \u0219i o pies\u0103 vestimentar\u0103 foarte practic\u0103, care poate fi purtat\u0103 pe tot parcursul majorit\u0103\u021bii anului. \u00ce\u021bi permite s\u0103 creezi o varietate de stiluri pentru fiecare ocazie. Datorit\u0103 faptului c\u0103 este u\u0219or de combinat cu alte articole din garderob\u0103, nu exist\u0103 nicio \u00eendoial\u0103 c\u0103 este un must-have \u00een garderoba unei femei. \u00cen plus, puloverele lungi sunt adesea fabricate din materiale de \u00eenalt\u0103 calitate, ceea ce le asigur\u0103 durabilitatea. Datorit\u0103 acestui fapt, investind \u00eentr-un pulover lung, ob\u021binem un produs care ne va servi timp de mai multe sezoane. Asta le face o alegere excelent\u0103 pentru orice sezon.<\/p>\n<h2>Rezumat<\/h2>\n<p>Puloverele lungi sunt un element de ne\u00eenlocuit care combin\u0103 c\u0103ldura, stilul \u0219i confortul. Versatilitatea lor \u00eenseamn\u0103 c\u0103 fiecare femeie le poate stiliza \u00een felul propriu, adapt\u00e2ndu-le nevoilor \u0219i preferin\u021belor sale. Indiferent de ocazie, puloverele lungi vor fi \u00eentotdeauna cea mai bun\u0103 alegere. De aceea, merit\u0103 s\u0103 le ai \u00een garderob\u0103 pentru a te bucura nu doar de un look la mod\u0103, ci \u0219i confortabil \u00een fiecare zi.<\/p>\n<h2>\u00centreb\u0103ri frecvente<\/h2>\n<ul>\n<li><strong>Sunt puloverele lungi potrivite pentru toate anotimpurile?<\/strong><br \/>Da, puloverele lungi pot fi purtate \u00een cea mai mare parte a anului, mai ales \u00een zilele mai reci.<\/li>\n<li><strong>Ce pantofi se potrivesc cu pulovere lungi?<\/strong><br \/>Puloverele lungi se potrivesc de minune cu o varietate de \u00eenc\u0103l\u021b\u0103minte, de la adida\u0219i la pantofi cu toc \u00eenalt.<\/li>\n<li><strong>Po\u021bi purta un pulover lung cu o fust\u0103?<\/strong><br \/>Desigur! Un pulover lung combinat cu o fust\u0103 poate crea un look elegant \u0219i stilat.<\/li>\n<li><strong>Cum s\u0103 \u00eengrije\u0219ti un pulover lung astfel \u00eenc\u00e2t s\u0103 reziste mai multe sezoane?<\/strong><br \/>Cel mai bine este s\u0103 speli puloverul \u00een ap\u0103 c\u0103ldu\u021b\u0103 \u0219i s\u0103-l usuci \u00eentins pentru a evita \u00eentinderea.<\/li>\n<\/ul>","protected":false},"excerpt":{"rendered":"<p>D\u0142ugie swetry to zdecydowany hit w modzie, kt\u00f3ry zyskuje na popularno\u015bci ka\u017cdej zimy. S\u0105 one nie tylko funkcjonalne, ale tak\u017ce niezwykle stylowe, co sprawia, \u017ce mo\u017cna je nosi\u0107 na wiele sposob\u00f3w. Dzi\u0119ki szerokiemu wachlarzowi fason\u00f3w i kolor\u00f3w, d\u0142ugie swetry z powodzeniem mog\u0105 sta\u0107 si\u0119 kluczowym elementem garderoby ka\u017cdej kobiety. Kiedy temperatura spada, swetry te oferuj\u0105 [&hellip;]<\/p>","protected":false},"author":2,"featured_media":281,"comment_status":"closed","ping_status":"closed","sticky":false,"template":"","format":"standard","meta":{"_acf_changed":false,"footnotes":""},"categories":[1],"tags":[],"class_list":["post-322","post","type-post","status-publish","format-standard","has-post-thumbnail","hentry","category-blog"],"acf":[],"yoast_head":"<!-- This site is optimized with the Yoast SEO plugin v23.2 - https:\/\/yoast.com\/wordpress\/plugins\/seo\/ -->\n<title>D\u0142ugie swetry na ka\u017cd\u0105 okazj\u0119 - jak nosi\u0107 je stylowo jak ciep\u0142e sukienki z dzianiny?<\/title>\n<meta name=\"description\" content=\"Odkryj, jak d\u0142ugie swetry mog\u0105 by\u0107 wszechstronnym elementem Twojej garderoby, idealnym na ka\u017cd\u0105 por\u0119 roku.\" \/>\n<meta name=\"robots\" content=\"index, follow, max-snippet:-1, max-image-preview:large, max-video-preview:-1\" \/>\n<link rel=\"canonical\" href=\"https:\/\/proclim.com.pl\/ro\/dlugie-swetry-nos-jak-cieple-sukienki-z-dzianiny\/\" \/>\n<meta property=\"og:locale\" content=\"ro_RO\" \/>\n<meta property=\"og:type\" content=\"article\" \/>\n<meta property=\"og:title\" content=\"D\u0142ugie swetry na ka\u017cd\u0105 okazj\u0119 - jak nosi\u0107 je stylowo jak ciep\u0142e sukienki z dzianiny?\" \/>\n<meta property=\"og:description\" content=\"Odkryj, jak d\u0142ugie swetry mog\u0105 by\u0107 wszechstronnym elementem Twojej garderoby, idealnym na ka\u017cd\u0105 por\u0119 roku.\" \/>\n<meta property=\"og:url\" content=\"https:\/\/proclim.com.pl\/ro\/dlugie-swetry-nos-jak-cieple-sukienki-z-dzianiny\/\" \/>\n<meta property=\"og:site_name\" content=\"proclim.com.pl\" \/>\n<meta property=\"article:published_time\" content=\"2024-12-19T00:00:00+00:00\" \/>\n<meta property=\"article:modified_time\" content=\"2025-02-24T14:55:34+00:00\" \/>\n<meta property=\"og:image\" content=\"https:\/\/proclim.com.pl\/wp-content\/uploads\/2024\/12\/image6277db2b84524b33a957003e1854889a.png\" \/>\n\t<meta property=\"og:image:width\" content=\"1024\" \/>\n\t<meta property=\"og:image:height\" content=\"768\" \/>\n\t<meta property=\"og:image:type\" content=\"image\/png\" \/>\n<meta name=\"author\" content=\"Klaudia Mazurkiewicz\" \/>\n<meta name=\"twitter:card\" content=\"summary_large_image\" \/>\n<meta name=\"twitter:label1\" content=\"Scris de\" \/>\n\t<meta name=\"twitter:data1\" content=\"Klaudia Mazurkiewicz\" \/>\n\t<meta name=\"twitter:label2\" content=\"Timp estimat pentru citire\" \/>\n\t<meta name=\"twitter:data2\" content=\"6 minute\" \/>\n<script type=\"application\/ld+json\" class=\"yoast-schema-graph\">{\"@context\":\"https:\/\/schema.org\",\"@graph\":[{\"@type\":\"WebPage\",\"@id\":\"https:\/\/proclim.com.pl\/dlugie-swetry-nos-jak-cieple-sukienki-z-dzianiny\/\",\"url\":\"https:\/\/proclim.com.pl\/dlugie-swetry-nos-jak-cieple-sukienki-z-dzianiny\/\",\"name\":\"D\u0142ugie swetry na ka\u017cd\u0105 okazj\u0119 - jak nosi\u0107 je stylowo jak ciep\u0142e sukienki z dzianiny?\",\"isPartOf\":{\"@id\":\"https:\/\/proclim.com.pl\/#website\"},\"primaryImageOfPage\":{\"@id\":\"https:\/\/proclim.com.pl\/dlugie-swetry-nos-jak-cieple-sukienki-z-dzianiny\/#primaryimage\"},\"image\":{\"@id\":\"https:\/\/proclim.com.pl\/dlugie-swetry-nos-jak-cieple-sukienki-z-dzianiny\/#primaryimage\"},\"thumbnailUrl\":\"https:\/\/proclim.com.pl\/wp-content\/uploads\/2024\/12\/image6277db2b84524b33a957003e1854889a.png\",\"datePublished\":\"2024-12-19T00:00:00+00:00\",\"dateModified\":\"2025-02-24T14:55:34+00:00\",\"author\":{\"@id\":\"https:\/\/proclim.com.pl\/#\/schema\/person\/ef846607e91bf34765013fca536bfbf3\"},\"description\":\"Odkryj, jak d\u0142ugie swetry mog\u0105 by\u0107 wszechstronnym elementem Twojej garderoby, idealnym na ka\u017cd\u0105 por\u0119 roku.\",\"breadcrumb\":{\"@id\":\"https:\/\/proclim.com.pl\/dlugie-swetry-nos-jak-cieple-sukienki-z-dzianiny\/#breadcrumb\"},\"inLanguage\":\"ro-RO\",\"potentialAction\":[{\"@type\":\"ReadAction\",\"target\":[\"https:\/\/proclim.com.pl\/dlugie-swetry-nos-jak-cieple-sukienki-z-dzianiny\/\"]}]},{\"@type\":\"ImageObject\",\"inLanguage\":\"ro-RO\",\"@id\":\"https:\/\/proclim.com.pl\/dlugie-swetry-nos-jak-cieple-sukienki-z-dzianiny\/#primaryimage\",\"url\":\"https:\/\/proclim.com.pl\/wp-content\/uploads\/2024\/12\/image6277db2b84524b33a957003e1854889a.png\",\"contentUrl\":\"https:\/\/proclim.com.pl\/wp-content\/uploads\/2024\/12\/image6277db2b84524b33a957003e1854889a.png\",\"width\":1024,\"height\":768},{\"@type\":\"BreadcrumbList\",\"@id\":\"https:\/\/proclim.com.pl\/dlugie-swetry-nos-jak-cieple-sukienki-z-dzianiny\/#breadcrumb\",\"itemListElement\":[{\"@type\":\"ListItem\",\"position\":1,\"name\":\"Home\",\"item\":\"https:\/\/proclim.com.pl\/\"},{\"@type\":\"ListItem\",\"position\":2,\"name\":\"D\u0142ugie swetry. No\u015b jak ciep\u0142e sukienki z dzianiny\"}]},{\"@type\":\"WebSite\",\"@id\":\"https:\/\/proclim.com.pl\/#website\",\"url\":\"https:\/\/proclim.com.pl\/\",\"name\":\"proclim.com.pl\",\"description\":\"Organizer na perfumy: porz\u0105dek i styl w jednym miejscu.\",\"potentialAction\":[{\"@type\":\"SearchAction\",\"target\":{\"@type\":\"EntryPoint\",\"urlTemplate\":\"https:\/\/proclim.com.pl\/?s={search_term_string}\"},\"query-input\":\"required name=search_term_string\"}],\"inLanguage\":\"ro-RO\"},{\"@type\":\"Person\",\"@id\":\"https:\/\/proclim.com.pl\/#\/schema\/person\/ef846607e91bf34765013fca536bfbf3\",\"name\":\"Klaudia Mazurkiewicz\",\"image\":{\"@type\":\"ImageObject\",\"inLanguage\":\"ro-RO\",\"@id\":\"https:\/\/proclim.com.pl\/#\/schema\/person\/image\/\",\"url\":\"https:\/\/proclim.com.pl\/wp-content\/uploads\/2025\/02\/klaudia-mazurkiewicz_avatar-96x96.jpg\",\"contentUrl\":\"https:\/\/proclim.com.pl\/wp-content\/uploads\/2025\/02\/klaudia-mazurkiewicz_avatar-96x96.jpg\",\"caption\":\"Klaudia Mazurkiewicz\"},\"description\":\"Jestem Klaudia Mazurkiewicz, pasjonatka mody, kt\u00f3ra od lat dzieli si\u0119 swoj\u0105 wiedz\u0105 i do\u015bwiadczeniem z innymi. Wierz\u0119, \u017ce moda to spos\u00f3b wyra\u017cania siebie, dlatego promuj\u0119 r\u00f3\u017cnorodno\u015b\u0107 i indywidualno\u015b\u0107. Zapraszam do kontaktu, by wsp\u00f3lnie odkrywa\u0107 \u015bwiat mody i stylizacji!\",\"url\":\"https:\/\/proclim.com.pl\/ro\/author\/klaudia-mazurkiewicz\/\"}]}<\/script>\n<!-- \/ Yoast SEO plugin. -->","yoast_head_json":{"title":"D\u0142ugie swetry na ka\u017cd\u0105 okazj\u0119 - jak nosi\u0107 je stylowo jak ciep\u0142e sukienki z dzianiny?","description":"Odkryj, jak d\u0142ugie swetry mog\u0105 by\u0107 wszechstronnym elementem Twojej garderoby, idealnym na ka\u017cd\u0105 por\u0119 roku.","robots":{"index":"index","follow":"follow","max-snippet":"max-snippet:-1","max-image-preview":"max-image-preview:large","max-video-preview":"max-video-preview:-1"},"canonical":"https:\/\/proclim.com.pl\/ro\/dlugie-swetry-nos-jak-cieple-sukienki-z-dzianiny\/","og_locale":"ro_RO","og_type":"article","og_title":"D\u0142ugie swetry na ka\u017cd\u0105 okazj\u0119 - jak nosi\u0107 je stylowo jak ciep\u0142e sukienki z dzianiny?","og_description":"Odkryj, jak d\u0142ugie swetry mog\u0105 by\u0107 wszechstronnym elementem Twojej garderoby, idealnym na ka\u017cd\u0105 por\u0119 roku.","og_url":"https:\/\/proclim.com.pl\/ro\/dlugie-swetry-nos-jak-cieple-sukienki-z-dzianiny\/","og_site_name":"proclim.com.pl","article_published_time":"2024-12-19T00:00:00+00:00","article_modified_time":"2025-02-24T14:55:34+00:00","og_image":[{"width":1024,"height":768,"url":"https:\/\/proclim.com.pl\/wp-content\/uploads\/2024\/12\/image6277db2b84524b33a957003e1854889a.png","type":"image\/png"}],"author":"Klaudia Mazurkiewicz","twitter_card":"summary_large_image","twitter_misc":{"Scris de":"Klaudia Mazurkiewicz","Timp estimat pentru citire":"6 minute"},"schema":{"@context":"https:\/\/schema.org","@graph":[{"@type":"WebPage","@id":"https:\/\/proclim.com.pl\/dlugie-swetry-nos-jak-cieple-sukienki-z-dzianiny\/","url":"https:\/\/proclim.com.pl\/dlugie-swetry-nos-jak-cieple-sukienki-z-dzianiny\/","name":"D\u0142ugie swetry na ka\u017cd\u0105 okazj\u0119 - jak nosi\u0107 je stylowo jak ciep\u0142e sukienki z dzianiny?","isPartOf":{"@id":"https:\/\/proclim.com.pl\/#website"},"primaryImageOfPage":{"@id":"https:\/\/proclim.com.pl\/dlugie-swetry-nos-jak-cieple-sukienki-z-dzianiny\/#primaryimage"},"image":{"@id":"https:\/\/proclim.com.pl\/dlugie-swetry-nos-jak-cieple-sukienki-z-dzianiny\/#primaryimage"},"thumbnailUrl":"https:\/\/proclim.com.pl\/wp-content\/uploads\/2024\/12\/image6277db2b84524b33a957003e1854889a.png","datePublished":"2024-12-19T00:00:00+00:00","dateModified":"2025-02-24T14:55:34+00:00","author":{"@id":"https:\/\/proclim.com.pl\/#\/schema\/person\/ef846607e91bf34765013fca536bfbf3"},"description":"Odkryj, jak d\u0142ugie swetry mog\u0105 by\u0107 wszechstronnym elementem Twojej garderoby, idealnym na ka\u017cd\u0105 por\u0119 roku.","breadcrumb":{"@id":"https:\/\/proclim.com.pl\/dlugie-swetry-nos-jak-cieple-sukienki-z-dzianiny\/#breadcrumb"},"inLanguage":"ro-RO","potentialAction":[{"@type":"ReadAction","target":["https:\/\/proclim.com.pl\/dlugie-swetry-nos-jak-cieple-sukienki-z-dzianiny\/"]}]},{"@type":"ImageObject","inLanguage":"ro-RO","@id":"https:\/\/proclim.com.pl\/dlugie-swetry-nos-jak-cieple-sukienki-z-dzianiny\/#primaryimage","url":"https:\/\/proclim.com.pl\/wp-content\/uploads\/2024\/12\/image6277db2b84524b33a957003e1854889a.png","contentUrl":"https:\/\/proclim.com.pl\/wp-content\/uploads\/2024\/12\/image6277db2b84524b33a957003e1854889a.png","width":1024,"height":768},{"@type":"BreadcrumbList","@id":"https:\/\/proclim.com.pl\/dlugie-swetry-nos-jak-cieple-sukienki-z-dzianiny\/#breadcrumb","itemListElement":[{"@type":"ListItem","position":1,"name":"Home","item":"https:\/\/proclim.com.pl\/"},{"@type":"ListItem","position":2,"name":"D\u0142ugie swetry. No\u015b jak ciep\u0142e sukienki z dzianiny"}]},{"@type":"WebSite","@id":"https:\/\/proclim.com.pl\/#website","url":"https:\/\/proclim.com.pl\/","name":"proclim.com.pl","description":"Organizer na perfumy: porz\u0105dek i styl w jednym miejscu.","potentialAction":[{"@type":"SearchAction","target":{"@type":"EntryPoint","urlTemplate":"https:\/\/proclim.com.pl\/?s={search_term_string}"},"query-input":"required name=search_term_string"}],"inLanguage":"ro-RO"},{"@type":"Person","@id":"https:\/\/proclim.com.pl\/#\/schema\/person\/ef846607e91bf34765013fca536bfbf3","name":"Klaudia Mazurkiewicz","image":{"@type":"ImageObject","inLanguage":"ro-RO","@id":"https:\/\/proclim.com.pl\/#\/schema\/person\/image\/","url":"https:\/\/proclim.com.pl\/wp-content\/uploads\/2025\/02\/klaudia-mazurkiewicz_avatar-96x96.jpg","contentUrl":"https:\/\/proclim.com.pl\/wp-content\/uploads\/2025\/02\/klaudia-mazurkiewicz_avatar-96x96.jpg","caption":"Klaudia Mazurkiewicz"},"description":"Jestem Klaudia Mazurkiewicz, pasjonatka mody, kt\u00f3ra od lat dzieli si\u0119 swoj\u0105 wiedz\u0105 i do\u015bwiadczeniem z innymi. Wierz\u0119, \u017ce moda to spos\u00f3b wyra\u017cania siebie, dlatego promuj\u0119 r\u00f3\u017cnorodno\u015b\u0107 i indywidualno\u015b\u0107. Zapraszam do kontaktu, by wsp\u00f3lnie odkrywa\u0107 \u015bwiat mody i stylizacji!","url":"https:\/\/proclim.com.pl\/ro\/author\/klaudia-mazurkiewicz\/"}]}},"yoast_meta":{"yoast_wpseo_title":"","yoast_wpseo_metadesc":"","yoast_wpseo_canonical":"https:\/\/proclim.com.pl\/ro\/wp-json\/wp\/v2\/posts\/322"},"_links":{"self":[{"href":"https:\/\/proclim.com.pl\/ro\/wp-json\/wp\/v2\/posts\/322"}],"collection":[{"href":"https:\/\/proclim.com.pl\/ro\/wp-json\/wp\/v2\/posts"}],"about":[{"href":"https:\/\/proclim.com.pl\/ro\/wp-json\/wp\/v2\/types\/post"}],"author":[{"embeddable":true,"href":"https:\/\/proclim.com.pl\/ro\/wp-json\/wp\/v2\/users\/2"}],"replies":[{"embeddable":true,"href":"https:\/\/proclim.com.pl\/ro\/wp-json\/wp\/v2\/comments?post=322"}],"version-history":[{"count":2,"href":"https:\/\/proclim.com.pl\/ro\/wp-json\/wp\/v2\/posts\/322\/revisions"}],"predecessor-version":[{"id":503,"href":"https:\/\/proclim.com.pl\/ro\/wp-json\/wp\/v2\/posts\/322\/revisions\/503"}],"wp:featuredmedia":[{"embeddable":true,"href":"https:\/\/proclim.com.pl\/ro\/wp-json\/wp\/v2\/media\/281"}],"wp:attachment":[{"href":"https:\/\/proclim.com.pl\/ro\/wp-json\/wp\/v2\/media?parent=322"}],"wp:term":[{"taxonomy":"category","embeddable":true,"href":"https:\/\/proclim.com.pl\/ro\/wp-json\/wp\/v2\/categories?post=322"},{"taxonomy":"post_tag","embeddable":true,"href":"https:\/\/proclim.com.pl\/ro\/wp-json\/wp\/v2\/tags?post=322"}],"curies":[{"name":"wp","href":"https:\/\/api.w.org\/{rel}","templated":true}]}}