{"id":319,"date":"2024-12-19T00:00:00","date_gmt":"2024-12-19T00:00:00","guid":{"rendered":"https:\/\/proclim.com.pl\/?p=319"},"modified":"2025-02-24T14:55:34","modified_gmt":"2025-02-24T14:55:34","slug":"sweter-z-golfem-idealny-model-do-noszenia-pod-plaszcz","status":"publish","type":"post","link":"https:\/\/proclim.com.pl\/ro\/sweter-z-golfem-idealny-model-do-noszenia-pod-plaszcz\/","title":{"rendered":"Pulover cu guler \u00eenalt - stilul perfect de purtat sub o hain\u0103"},"content":{"rendered":"<div class=\"kk-star-ratings kksr-auto kksr-align-left kksr-valign-top\"\n    data-payload='{&quot;align&quot;:&quot;left&quot;,&quot;id&quot;:&quot;319&quot;,&quot;slug&quot;:&quot;default&quot;,&quot;valign&quot;:&quot;top&quot;,&quot;ignore&quot;:&quot;&quot;,&quot;reference&quot;:&quot;auto&quot;,&quot;class&quot;:&quot;&quot;,&quot;count&quot;:&quot;0&quot;,&quot;legendonly&quot;:&quot;&quot;,&quot;readonly&quot;:&quot;&quot;,&quot;score&quot;:&quot;0&quot;,&quot;starsonly&quot;:&quot;&quot;,&quot;best&quot;:&quot;5&quot;,&quot;gap&quot;:&quot;5&quot;,&quot;greet&quot;:&quot;&quot;,&quot;legend&quot;:&quot;0\\\/5 - (0 votes)&quot;,&quot;size&quot;:&quot;24&quot;,&quot;title&quot;:&quot;Sweter z golfem \u2014 idealny model do noszenia pod p\u0142aszcz&quot;,&quot;width&quot;:&quot;0&quot;,&quot;_legend&quot;:&quot;{score}\\\/{best} - ({count} {votes})&quot;,&quot;font_factor&quot;:&quot;1.25&quot;}'>\n            \n<div class=\"kksr-stars\">\n    \n<div class=\"kksr-stars-inactive\">\n            <div class=\"kksr-star\" data-star=\"1\" style=\"padding-right: 5px\">\n            \n\n<div class=\"kksr-icon\" style=\"width: 24px; height: 24px;\"><\/div>\n        <\/div>\n            <div class=\"kksr-star\" data-star=\"2\" style=\"padding-right: 5px\">\n            \n\n<div class=\"kksr-icon\" style=\"width: 24px; height: 24px;\"><\/div>\n        <\/div>\n            <div class=\"kksr-star\" data-star=\"3\" style=\"padding-right: 5px\">\n            \n\n<div class=\"kksr-icon\" style=\"width: 24px; height: 24px;\"><\/div>\n        <\/div>\n            <div class=\"kksr-star\" data-star=\"4\" style=\"padding-right: 5px\">\n            \n\n<div class=\"kksr-icon\" style=\"width: 24px; height: 24px;\"><\/div>\n        <\/div>\n            <div class=\"kksr-star\" data-star=\"5\" style=\"padding-right: 5px\">\n            \n\n<div class=\"kksr-icon\" style=\"width: 24px; height: 24px;\"><\/div>\n        <\/div>\n    <\/div>\n    \n<div class=\"kksr-stars-active\" style=\"width: 0px;\">\n            <div class=\"kksr-star\" style=\"padding-right: 5px\">\n            \n\n<div class=\"kksr-icon\" style=\"width: 24px; height: 24px;\"><\/div>\n        <\/div>\n            <div class=\"kksr-star\" style=\"padding-right: 5px\">\n            \n\n<div class=\"kksr-icon\" style=\"width: 24px; height: 24px;\"><\/div>\n        <\/div>\n            <div class=\"kksr-star\" style=\"padding-right: 5px\">\n            \n\n<div class=\"kksr-icon\" style=\"width: 24px; height: 24px;\"><\/div>\n        <\/div>\n            <div class=\"kksr-star\" style=\"padding-right: 5px\">\n            \n\n<div class=\"kksr-icon\" style=\"width: 24px; height: 24px;\"><\/div>\n        <\/div>\n            <div class=\"kksr-star\" style=\"padding-right: 5px\">\n            \n\n<div class=\"kksr-icon\" style=\"width: 24px; height: 24px;\"><\/div>\n        <\/div>\n    <\/div>\n<\/div>\n                \n\n<div class=\"kksr-legend\" style=\"font-size: 19.2px;\">\n            <span class=\"kksr-muted\"><\/span>\n    <\/div>\n    <\/div>\n<p>Lumea modei este adesea turbulent\u0103 \u0219i schimb\u0103toare, dar anumite articole de garderob\u0103 r\u0103m\u00e2n atemporale. Puloverul cu guler \u00eenalt este unul dintre acele stiluri care a rezistat testului timpului, oferind at\u00e2t stil, c\u00e2t \u0219i func\u021bionalitate. Mai ales \u00een lunile de iarn\u0103, c\u00e2nd temperaturile scad, un pulover devine o pies\u0103 vestimentar\u0103 nepre\u021buit\u0103 \u00een garderoba noastr\u0103 de zi cu zi. Nu numai c\u0103 protejeaz\u0103 eficient \u00eempotriva frigului, dar scoate \u00een eviden\u021b\u0103 \u0219i elegan\u021ba stilului t\u0103u vestimentar. Atunci c\u00e2nd este asortat cu paltonul potrivit, un pulover cu guler \u00eenalt adaug\u0103 o not\u0103 de clas\u0103 \u0219i \u0219ic multor \u021binute, complet\u00e2nd fiecare aspect. A\u0219adar, care sunt aspectele cheie ale purt\u0103rii unui pulover cu guler \u00eenalt sub o hain\u0103? Hai s\u0103 verific\u0103m! <\/p>\n<h2>De ce s\u0103 alegi un pulover cu guler \u00eenalt?<\/h2>\n<p><img decoding=\"async\" alt=\"M\u0119\u017cczyzna w br\u0105zowym p\u0142aszczu i szarym swetrze stoj\u0105cy na \u015bnie\u017cnej alei.\" src=\"https:\/\/proclim.com.pl\/wp-content\/uploads\/2024\/12\/image7e95299ac8514c158eea5d9701e44fb0.png\"\/><\/p>\n<p>Puloverul cu guler \u00eenalt este un model care combin\u0103 confortul \u0219i estetica. Spre deosebire de alte tipuri de pulovere, puloverele cu guler \u00eenalt ofer\u0103 adesea o protec\u021bie mai bun\u0103 \u00eempotriva frigului, acoperind eficient g\u00e2tul. Materialele folosite pentru a le produce sunt de obicei moi \u0219i pl\u0103cute la atingere, ceea ce cre\u0219te semnificativ confortul la purtare. \u00cen plus, puloverul cu guler \u00eenalt poate fi u\u0219or asortat cu alte articole din garderob\u0103, ceea ce \u00eel face o alegere versatil\u0103, indiferent de ocazie. De la stilurile de zi cu zi la \u021binutele mai formale, versatilitatea sa este incontestabil\u0103. Datorit\u0103 variet\u0103\u021bii de culori \u0219i modele, \u00eel po\u021bi adapta cu u\u0219urin\u021b\u0103 stilului t\u0103u personal. <\/p>\n<h2>Confort \u0219i c\u0103ldur\u0103<\/h2>\n<p><img decoding=\"async\" alt=\"Cztery u\u015bmiechni\u0119te kobiety spaceruj\u0105ce ulic\u0105 miasta, ozdobion\u0105 \u015bwi\u0105tecznymi \u015bwiat\u0142ami.\" src=\"https:\/\/proclim.com.pl\/wp-content\/uploads\/2024\/12\/imagef478abcc8db2412cae1dc386977a580e.png\"\/><\/p>\n<p>Iat\u0103 o list\u0103 de materiale care se g\u0103sesc \u00een mod obi\u0219nuit \u00een puloverele cu guler \u00eenalt, fiecare cu propriile propriet\u0103\u021bi unice:<\/p>\n<ul>\n<li>L\u00e2n\u0103 \u2013 excelent\u0103 pentru zilele reci, izoleaz\u0103 bine c\u0103ldura.<\/li>\n<li>Acrilic \u2013 u\u0219or \u0219i u\u0219or de \u00eentre\u021binut, ideal pentru persoanele alergice.<\/li>\n<li>Bumbac \u2013 aerisit \u0219i confortabil, perfect pentru prim\u0103var\u0103 \u0219i toamn\u0103.<\/li>\n<\/ul>\n<h2>Cum s\u0103 por\u021bi un pulover cu guler \u00eenalt sub o hain\u0103?<\/h2>\n<p>Alegerea paltonului care s\u0103 se asorteze cu puloverul cu guler \u00eenalt are un impact semnificativ asupra \u00eentregului aspect. Paltoanele lungi se potrivesc de obicei cel mai bine cu pulovere cu guler \u00eenalt, cre\u00e2nd o siluet\u0103 coerent\u0103 \u0219i elegant\u0103. Totu\u0219i, merit\u0103 s\u0103 acorda\u021bi aten\u021bie c\u00e2torva detalii. Paltoanele mai scurte \u00ee\u021bi pot accentua silueta \u0219i \u00ee\u021bi pot lungi picioarele, ceea ce este benefic \u00een special pentru persoanele mai scunde. \u00cen plus, un aspect important este textura materialelor \u2013 exist\u0103 paltoane mai elegante care se potrivesc perfect cu pulovere cu guler \u00eenalt, ad\u0103ug\u00e2nd clas\u0103 \u00eentregului look.<\/p>\n<p>Atunci c\u00e2nd alege\u021bi un pulover cu guler \u00eenalt, merit\u0103 s\u0103 acorda\u021bi aten\u021bie culorilor \u0219i modelelor. Iat\u0103 un tabel care prezint\u0103 cele mai populare culori de pulovere cu guler \u00eenalt \u0219i utiliz\u0103rile lor elegante:<\/p>\n<table border=\"1\">\n<tr>\n<th>Culoare<\/th>\n<th>Aplica\u021bie elegant\u0103<\/th>\n<\/tr>\n<tr>\n<td>Negru<\/td>\n<td>Universal, se potrive\u0219te cu orice. Perfect\u0103 pentru un stil elegant.<\/td>\n<\/tr>\n<tr>\n<td>Gri<\/td>\n<td>Discret, se potrive\u0219te bine cu bl\u0103nuri colorate.<\/td>\n<\/tr>\n<tr>\n<td>Bej<\/td>\n<td>Culoare cald\u0103, creeaz\u0103 aspect armonios cu culorile toamnei.<\/td>\n<\/tr>\n<tr>\n<td>Ro\u015fu<\/td>\n<td>O alegere \u00eendr\u0103znea\u021b\u0103 care atrage aten\u021bia \u0219i adaug\u0103 energie stilului t\u0103u.<\/td>\n<\/tr>\n<\/table>\n<h2>\u00cengrijirea puloverului cu guler \u00eenalt<\/h2>\n<p>\u00cengrijirea puloverului cu guler \u00eenalt este crucial\u0103 pentru men\u021binerea esteticii \u0219i func\u021bionalit\u0103\u021bii sale. Iat\u0103 c\u00e2teva reguli care merit\u0103 respectate:<\/p>\n<ul>\n<li>Sp\u0103la\u021bi cu ap\u0103 rece \u2013 pentru a evita contrac\u021bia materialului.<\/li>\n<li>Uscarea \u00een pozi\u021bie plat\u0103 ajut\u0103 la men\u021binerea formei puloverului.<\/li>\n<li>Depozitare pe rafturi \u2013 evita\u021bi ag\u0103\u021barea, deoarece acest lucru poate duce la deformare.<\/li>\n<\/ul>\n<h2>Rezumat<\/h2>\n<p>Un pulover cu guler \u00eenalt nu este doar un element vestimentar, ci \u0219i un simbol al stilului \u0219i confortului. Propriet\u0103\u021bile sale unice \u00eel fac o alegere ideal\u0103 pentru zilele de iarn\u0103, iar versatilitatea sa permite o varietate de stiluri. De la combina\u021bii casual la combina\u021bii mai elegante, un pulover cu guler \u00eenalt \u00ee\u0219i va g\u0103si \u00eentotdeauna locul \u00een garderoba noastr\u0103. Totu\u0219i, este important s\u0103 acorda\u021bi aten\u021bie detaliilor, cum ar fi alegerea bl\u0103nii, culorile \u0219i \u00eengrijirea acestui element unic. Alege un pulover cu guler \u00eenalt \u0219i cu siguran\u021b\u0103 vei ob\u021bine un avantaj la mod\u0103 pentru zilele de iarn\u0103!<\/p>\n<h2>\u00centreb\u0103ri frecvente<\/h2>\n<ul>\n<li><strong>Ce materiale sunt cele mai bune pentru un pulover cu guler \u00eenalt?<\/strong> Cele mai bune materiale sunt l\u00e2na, acrilicul \u0219i bumbacul. Fiecare dintre ele are propriile propriet\u0103\u021bi unice care s-ar putea potrivi nevoilor dumneavoastr\u0103.<\/li>\n<li><strong>Se potrive\u0219te un pulover cu guler \u00eenalt cu un palton elegant?<\/strong> Da, se potrive\u0219te de minune cu un palton elegant, ad\u0103ug\u00e2nd stil \u0219i clas\u0103.<\/li>\n<li><strong>Ce culori de pulovere cu guler \u00eenalt sunt cele mai versatile?<\/strong> Culorile universale includ negru, gri, bej \u0219i bleumarin, care pot fi u\u0219or combinate cu alte articole din garderob\u0103.<\/li>\n<li><strong>Pot purta un pulover cu guler \u00eenalt pe vreme mai cald\u0103?<\/strong> Da, modelele sub\u021biri, fabricate din materiale mai u\u0219oare, vor func\u021biona bine \u0219i \u00een zilele mai pu\u021bin reci.<\/li>\n<\/ul>","protected":false},"excerpt":{"rendered":"<p>\u015awiat mody cz\u0119sto jest burzliwy i zmieniaj\u0105cy si\u0119, ale pewne elementy garderoby pozostaj\u0105 ponadczasowe. Sweter z golfem to jeden z tych modeli, kt\u00f3ry przetrwa\u0142 pr\u00f3b\u0119 czasu, oferuj\u0105c zar\u00f3wno styl, jak i funkcjonalno\u015b\u0107. W szczeg\u00f3lno\u015bci podczas zimowych miesi\u0119cy, gdy temperatury spadaj\u0105, sweter staje si\u0119 nieocenionym udogodnieniem w naszej codziennej garderobie. Nie tylko skutecznie chroni przed ch\u0142odem, [&hellip;]<\/p>","protected":false},"author":2,"featured_media":278,"comment_status":"closed","ping_status":"closed","sticky":false,"template":"","format":"standard","meta":{"_acf_changed":false,"footnotes":""},"categories":[1],"tags":[],"class_list":["post-319","post","type-post","status-publish","format-standard","has-post-thumbnail","hentry","category-blog"],"acf":[],"yoast_head":"<!-- This site is optimized with the Yoast SEO plugin v23.2 - https:\/\/yoast.com\/wordpress\/plugins\/seo\/ -->\n<title>Sweter z golfem \u2013 idealny model do noszenia pod p\u0142aszcz w zimowe dni<\/title>\n<meta name=\"description\" content=\"Odkryj, dlaczego sweter z golfem to must-have na zim\u0119. Idealny wyb\u00f3r pod p\u0142aszcz, ciep\u0142y, stylowy i funkcjonalny!\" \/>\n<meta name=\"robots\" content=\"index, follow, max-snippet:-1, max-image-preview:large, max-video-preview:-1\" \/>\n<link rel=\"canonical\" href=\"https:\/\/proclim.com.pl\/ro\/sweter-z-golfem-idealny-model-do-noszenia-pod-plaszcz\/\" \/>\n<meta property=\"og:locale\" content=\"ro_RO\" \/>\n<meta property=\"og:type\" content=\"article\" \/>\n<meta property=\"og:title\" content=\"Sweter z golfem \u2013 idealny model do noszenia pod p\u0142aszcz w zimowe dni\" \/>\n<meta property=\"og:description\" content=\"Odkryj, dlaczego sweter z golfem to must-have na zim\u0119. Idealny wyb\u00f3r pod p\u0142aszcz, ciep\u0142y, stylowy i funkcjonalny!\" \/>\n<meta property=\"og:url\" content=\"https:\/\/proclim.com.pl\/ro\/sweter-z-golfem-idealny-model-do-noszenia-pod-plaszcz\/\" \/>\n<meta property=\"og:site_name\" content=\"proclim.com.pl\" \/>\n<meta property=\"article:published_time\" content=\"2024-12-19T00:00:00+00:00\" \/>\n<meta property=\"article:modified_time\" content=\"2025-02-24T14:55:34+00:00\" \/>\n<meta property=\"og:image\" content=\"https:\/\/proclim.com.pl\/wp-content\/uploads\/2024\/12\/imagece0f2237ef50479cb247456b5b26a157.png\" \/>\n\t<meta property=\"og:image:width\" content=\"1024\" \/>\n\t<meta property=\"og:image:height\" content=\"768\" \/>\n\t<meta property=\"og:image:type\" content=\"image\/png\" \/>\n<meta name=\"author\" content=\"Klaudia Mazurkiewicz\" \/>\n<meta name=\"twitter:card\" content=\"summary_large_image\" \/>\n<meta name=\"twitter:label1\" content=\"Scris de\" \/>\n\t<meta name=\"twitter:data1\" content=\"Klaudia Mazurkiewicz\" \/>\n\t<meta name=\"twitter:label2\" content=\"Timp estimat pentru citire\" \/>\n\t<meta name=\"twitter:data2\" content=\"4 minute\" \/>\n<script type=\"application\/ld+json\" class=\"yoast-schema-graph\">{\"@context\":\"https:\/\/schema.org\",\"@graph\":[{\"@type\":\"WebPage\",\"@id\":\"https:\/\/proclim.com.pl\/sweter-z-golfem-idealny-model-do-noszenia-pod-plaszcz\/\",\"url\":\"https:\/\/proclim.com.pl\/sweter-z-golfem-idealny-model-do-noszenia-pod-plaszcz\/\",\"name\":\"Sweter z golfem \u2013 idealny model do noszenia pod p\u0142aszcz w zimowe dni\",\"isPartOf\":{\"@id\":\"https:\/\/proclim.com.pl\/#website\"},\"primaryImageOfPage\":{\"@id\":\"https:\/\/proclim.com.pl\/sweter-z-golfem-idealny-model-do-noszenia-pod-plaszcz\/#primaryimage\"},\"image\":{\"@id\":\"https:\/\/proclim.com.pl\/sweter-z-golfem-idealny-model-do-noszenia-pod-plaszcz\/#primaryimage\"},\"thumbnailUrl\":\"https:\/\/proclim.com.pl\/wp-content\/uploads\/2024\/12\/imagece0f2237ef50479cb247456b5b26a157.png\",\"datePublished\":\"2024-12-19T00:00:00+00:00\",\"dateModified\":\"2025-02-24T14:55:34+00:00\",\"author\":{\"@id\":\"https:\/\/proclim.com.pl\/#\/schema\/person\/ef846607e91bf34765013fca536bfbf3\"},\"description\":\"Odkryj, dlaczego sweter z golfem to must-have na zim\u0119. Idealny wyb\u00f3r pod p\u0142aszcz, ciep\u0142y, stylowy i funkcjonalny!\",\"breadcrumb\":{\"@id\":\"https:\/\/proclim.com.pl\/sweter-z-golfem-idealny-model-do-noszenia-pod-plaszcz\/#breadcrumb\"},\"inLanguage\":\"ro-RO\",\"potentialAction\":[{\"@type\":\"ReadAction\",\"target\":[\"https:\/\/proclim.com.pl\/sweter-z-golfem-idealny-model-do-noszenia-pod-plaszcz\/\"]}]},{\"@type\":\"ImageObject\",\"inLanguage\":\"ro-RO\",\"@id\":\"https:\/\/proclim.com.pl\/sweter-z-golfem-idealny-model-do-noszenia-pod-plaszcz\/#primaryimage\",\"url\":\"https:\/\/proclim.com.pl\/wp-content\/uploads\/2024\/12\/imagece0f2237ef50479cb247456b5b26a157.png\",\"contentUrl\":\"https:\/\/proclim.com.pl\/wp-content\/uploads\/2024\/12\/imagece0f2237ef50479cb247456b5b26a157.png\",\"width\":1024,\"height\":768},{\"@type\":\"BreadcrumbList\",\"@id\":\"https:\/\/proclim.com.pl\/sweter-z-golfem-idealny-model-do-noszenia-pod-plaszcz\/#breadcrumb\",\"itemListElement\":[{\"@type\":\"ListItem\",\"position\":1,\"name\":\"Home\",\"item\":\"https:\/\/proclim.com.pl\/\"},{\"@type\":\"ListItem\",\"position\":2,\"name\":\"Sweter z golfem \u2014 idealny model do noszenia pod p\u0142aszcz\"}]},{\"@type\":\"WebSite\",\"@id\":\"https:\/\/proclim.com.pl\/#website\",\"url\":\"https:\/\/proclim.com.pl\/\",\"name\":\"proclim.com.pl\",\"description\":\"Organizer na perfumy: porz\u0105dek i styl w jednym miejscu.\",\"potentialAction\":[{\"@type\":\"SearchAction\",\"target\":{\"@type\":\"EntryPoint\",\"urlTemplate\":\"https:\/\/proclim.com.pl\/?s={search_term_string}\"},\"query-input\":\"required name=search_term_string\"}],\"inLanguage\":\"ro-RO\"},{\"@type\":\"Person\",\"@id\":\"https:\/\/proclim.com.pl\/#\/schema\/person\/ef846607e91bf34765013fca536bfbf3\",\"name\":\"Klaudia Mazurkiewicz\",\"image\":{\"@type\":\"ImageObject\",\"inLanguage\":\"ro-RO\",\"@id\":\"https:\/\/proclim.com.pl\/#\/schema\/person\/image\/\",\"url\":\"https:\/\/proclim.com.pl\/wp-content\/uploads\/2025\/02\/klaudia-mazurkiewicz_avatar-96x96.jpg\",\"contentUrl\":\"https:\/\/proclim.com.pl\/wp-content\/uploads\/2025\/02\/klaudia-mazurkiewicz_avatar-96x96.jpg\",\"caption\":\"Klaudia Mazurkiewicz\"},\"description\":\"Jestem Klaudia Mazurkiewicz, pasjonatka mody, kt\u00f3ra od lat dzieli si\u0119 swoj\u0105 wiedz\u0105 i do\u015bwiadczeniem z innymi. Wierz\u0119, \u017ce moda to spos\u00f3b wyra\u017cania siebie, dlatego promuj\u0119 r\u00f3\u017cnorodno\u015b\u0107 i indywidualno\u015b\u0107. Zapraszam do kontaktu, by wsp\u00f3lnie odkrywa\u0107 \u015bwiat mody i stylizacji!\",\"url\":\"https:\/\/proclim.com.pl\/ro\/author\/klaudia-mazurkiewicz\/\"}]}<\/script>\n<!-- \/ Yoast SEO plugin. -->","yoast_head_json":{"title":"Sweter z golfem \u2013 idealny model do noszenia pod p\u0142aszcz w zimowe dni","description":"Odkryj, dlaczego sweter z golfem to must-have na zim\u0119. Idealny wyb\u00f3r pod p\u0142aszcz, ciep\u0142y, stylowy i funkcjonalny!","robots":{"index":"index","follow":"follow","max-snippet":"max-snippet:-1","max-image-preview":"max-image-preview:large","max-video-preview":"max-video-preview:-1"},"canonical":"https:\/\/proclim.com.pl\/ro\/sweter-z-golfem-idealny-model-do-noszenia-pod-plaszcz\/","og_locale":"ro_RO","og_type":"article","og_title":"Sweter z golfem \u2013 idealny model do noszenia pod p\u0142aszcz w zimowe dni","og_description":"Odkryj, dlaczego sweter z golfem to must-have na zim\u0119. Idealny wyb\u00f3r pod p\u0142aszcz, ciep\u0142y, stylowy i funkcjonalny!","og_url":"https:\/\/proclim.com.pl\/ro\/sweter-z-golfem-idealny-model-do-noszenia-pod-plaszcz\/","og_site_name":"proclim.com.pl","article_published_time":"2024-12-19T00:00:00+00:00","article_modified_time":"2025-02-24T14:55:34+00:00","og_image":[{"width":1024,"height":768,"url":"https:\/\/proclim.com.pl\/wp-content\/uploads\/2024\/12\/imagece0f2237ef50479cb247456b5b26a157.png","type":"image\/png"}],"author":"Klaudia Mazurkiewicz","twitter_card":"summary_large_image","twitter_misc":{"Scris de":"Klaudia Mazurkiewicz","Timp estimat pentru citire":"4 minute"},"schema":{"@context":"https:\/\/schema.org","@graph":[{"@type":"WebPage","@id":"https:\/\/proclim.com.pl\/sweter-z-golfem-idealny-model-do-noszenia-pod-plaszcz\/","url":"https:\/\/proclim.com.pl\/sweter-z-golfem-idealny-model-do-noszenia-pod-plaszcz\/","name":"Sweter z golfem \u2013 idealny model do noszenia pod p\u0142aszcz w zimowe dni","isPartOf":{"@id":"https:\/\/proclim.com.pl\/#website"},"primaryImageOfPage":{"@id":"https:\/\/proclim.com.pl\/sweter-z-golfem-idealny-model-do-noszenia-pod-plaszcz\/#primaryimage"},"image":{"@id":"https:\/\/proclim.com.pl\/sweter-z-golfem-idealny-model-do-noszenia-pod-plaszcz\/#primaryimage"},"thumbnailUrl":"https:\/\/proclim.com.pl\/wp-content\/uploads\/2024\/12\/imagece0f2237ef50479cb247456b5b26a157.png","datePublished":"2024-12-19T00:00:00+00:00","dateModified":"2025-02-24T14:55:34+00:00","author":{"@id":"https:\/\/proclim.com.pl\/#\/schema\/person\/ef846607e91bf34765013fca536bfbf3"},"description":"Odkryj, dlaczego sweter z golfem to must-have na zim\u0119. Idealny wyb\u00f3r pod p\u0142aszcz, ciep\u0142y, stylowy i funkcjonalny!","breadcrumb":{"@id":"https:\/\/proclim.com.pl\/sweter-z-golfem-idealny-model-do-noszenia-pod-plaszcz\/#breadcrumb"},"inLanguage":"ro-RO","potentialAction":[{"@type":"ReadAction","target":["https:\/\/proclim.com.pl\/sweter-z-golfem-idealny-model-do-noszenia-pod-plaszcz\/"]}]},{"@type":"ImageObject","inLanguage":"ro-RO","@id":"https:\/\/proclim.com.pl\/sweter-z-golfem-idealny-model-do-noszenia-pod-plaszcz\/#primaryimage","url":"https:\/\/proclim.com.pl\/wp-content\/uploads\/2024\/12\/imagece0f2237ef50479cb247456b5b26a157.png","contentUrl":"https:\/\/proclim.com.pl\/wp-content\/uploads\/2024\/12\/imagece0f2237ef50479cb247456b5b26a157.png","width":1024,"height":768},{"@type":"BreadcrumbList","@id":"https:\/\/proclim.com.pl\/sweter-z-golfem-idealny-model-do-noszenia-pod-plaszcz\/#breadcrumb","itemListElement":[{"@type":"ListItem","position":1,"name":"Home","item":"https:\/\/proclim.com.pl\/"},{"@type":"ListItem","position":2,"name":"Sweter z golfem \u2014 idealny model do noszenia pod p\u0142aszcz"}]},{"@type":"WebSite","@id":"https:\/\/proclim.com.pl\/#website","url":"https:\/\/proclim.com.pl\/","name":"proclim.com.pl","description":"Organizer na perfumy: porz\u0105dek i styl w jednym miejscu.","potentialAction":[{"@type":"SearchAction","target":{"@type":"EntryPoint","urlTemplate":"https:\/\/proclim.com.pl\/?s={search_term_string}"},"query-input":"required name=search_term_string"}],"inLanguage":"ro-RO"},{"@type":"Person","@id":"https:\/\/proclim.com.pl\/#\/schema\/person\/ef846607e91bf34765013fca536bfbf3","name":"Klaudia Mazurkiewicz","image":{"@type":"ImageObject","inLanguage":"ro-RO","@id":"https:\/\/proclim.com.pl\/#\/schema\/person\/image\/","url":"https:\/\/proclim.com.pl\/wp-content\/uploads\/2025\/02\/klaudia-mazurkiewicz_avatar-96x96.jpg","contentUrl":"https:\/\/proclim.com.pl\/wp-content\/uploads\/2025\/02\/klaudia-mazurkiewicz_avatar-96x96.jpg","caption":"Klaudia Mazurkiewicz"},"description":"Jestem Klaudia Mazurkiewicz, pasjonatka mody, kt\u00f3ra od lat dzieli si\u0119 swoj\u0105 wiedz\u0105 i do\u015bwiadczeniem z innymi. Wierz\u0119, \u017ce moda to spos\u00f3b wyra\u017cania siebie, dlatego promuj\u0119 r\u00f3\u017cnorodno\u015b\u0107 i indywidualno\u015b\u0107. Zapraszam do kontaktu, by wsp\u00f3lnie odkrywa\u0107 \u015bwiat mody i stylizacji!","url":"https:\/\/proclim.com.pl\/ro\/author\/klaudia-mazurkiewicz\/"}]}},"yoast_meta":{"yoast_wpseo_title":"","yoast_wpseo_metadesc":"","yoast_wpseo_canonical":"https:\/\/proclim.com.pl\/ro\/wp-json\/wp\/v2\/posts\/319"},"_links":{"self":[{"href":"https:\/\/proclim.com.pl\/ro\/wp-json\/wp\/v2\/posts\/319"}],"collection":[{"href":"https:\/\/proclim.com.pl\/ro\/wp-json\/wp\/v2\/posts"}],"about":[{"href":"https:\/\/proclim.com.pl\/ro\/wp-json\/wp\/v2\/types\/post"}],"author":[{"embeddable":true,"href":"https:\/\/proclim.com.pl\/ro\/wp-json\/wp\/v2\/users\/2"}],"replies":[{"embeddable":true,"href":"https:\/\/proclim.com.pl\/ro\/wp-json\/wp\/v2\/comments?post=319"}],"version-history":[{"count":2,"href":"https:\/\/proclim.com.pl\/ro\/wp-json\/wp\/v2\/posts\/319\/revisions"}],"predecessor-version":[{"id":504,"href":"https:\/\/proclim.com.pl\/ro\/wp-json\/wp\/v2\/posts\/319\/revisions\/504"}],"wp:featuredmedia":[{"embeddable":true,"href":"https:\/\/proclim.com.pl\/ro\/wp-json\/wp\/v2\/media\/278"}],"wp:attachment":[{"href":"https:\/\/proclim.com.pl\/ro\/wp-json\/wp\/v2\/media?parent=319"}],"wp:term":[{"taxonomy":"category","embeddable":true,"href":"https:\/\/proclim.com.pl\/ro\/wp-json\/wp\/v2\/categories?post=319"},{"taxonomy":"post_tag","embeddable":true,"href":"https:\/\/proclim.com.pl\/ro\/wp-json\/wp\/v2\/tags?post=319"}],"curies":[{"name":"wp","href":"https:\/\/api.w.org\/{rel}","templated":true}]}}