{"id":316,"date":"2024-12-18T00:00:00","date_gmt":"2024-12-18T00:00:00","guid":{"rendered":"https:\/\/proclim.com.pl\/?p=316"},"modified":"2025-02-24T14:55:34","modified_gmt":"2025-02-24T14:55:34","slug":"kardigany-bez-guzikow-dlaczego-warto","status":"publish","type":"post","link":"https:\/\/proclim.com.pl\/ro\/kardigany-bez-guzikow-dlaczego-warto\/","title":{"rendered":"Cardigane f\u0103r\u0103 nasturi \u2013 de ce merit\u0103?"},"content":{"rendered":"<div class=\"kk-star-ratings kksr-auto kksr-align-left kksr-valign-top\"\n    data-payload='{&quot;align&quot;:&quot;left&quot;,&quot;id&quot;:&quot;316&quot;,&quot;slug&quot;:&quot;default&quot;,&quot;valign&quot;:&quot;top&quot;,&quot;ignore&quot;:&quot;&quot;,&quot;reference&quot;:&quot;auto&quot;,&quot;class&quot;:&quot;&quot;,&quot;count&quot;:&quot;0&quot;,&quot;legendonly&quot;:&quot;&quot;,&quot;readonly&quot;:&quot;&quot;,&quot;score&quot;:&quot;0&quot;,&quot;starsonly&quot;:&quot;&quot;,&quot;best&quot;:&quot;5&quot;,&quot;gap&quot;:&quot;5&quot;,&quot;greet&quot;:&quot;&quot;,&quot;legend&quot;:&quot;0\\\/5 - (0 votes)&quot;,&quot;size&quot;:&quot;24&quot;,&quot;title&quot;:&quot;Kardigany bez guzik\u00f3w \u2013 dlaczego warto?&quot;,&quot;width&quot;:&quot;0&quot;,&quot;_legend&quot;:&quot;{score}\\\/{best} - ({count} {votes})&quot;,&quot;font_factor&quot;:&quot;1.25&quot;}'>\n            \n<div class=\"kksr-stars\">\n    \n<div class=\"kksr-stars-inactive\">\n            <div class=\"kksr-star\" data-star=\"1\" style=\"padding-right: 5px\">\n            \n\n<div class=\"kksr-icon\" style=\"width: 24px; height: 24px;\"><\/div>\n        <\/div>\n            <div class=\"kksr-star\" data-star=\"2\" style=\"padding-right: 5px\">\n            \n\n<div class=\"kksr-icon\" style=\"width: 24px; height: 24px;\"><\/div>\n        <\/div>\n            <div class=\"kksr-star\" data-star=\"3\" style=\"padding-right: 5px\">\n            \n\n<div class=\"kksr-icon\" style=\"width: 24px; height: 24px;\"><\/div>\n        <\/div>\n            <div class=\"kksr-star\" data-star=\"4\" style=\"padding-right: 5px\">\n            \n\n<div class=\"kksr-icon\" style=\"width: 24px; height: 24px;\"><\/div>\n        <\/div>\n            <div class=\"kksr-star\" data-star=\"5\" style=\"padding-right: 5px\">\n            \n\n<div class=\"kksr-icon\" style=\"width: 24px; height: 24px;\"><\/div>\n        <\/div>\n    <\/div>\n    \n<div class=\"kksr-stars-active\" style=\"width: 0px;\">\n            <div class=\"kksr-star\" style=\"padding-right: 5px\">\n            \n\n<div class=\"kksr-icon\" style=\"width: 24px; height: 24px;\"><\/div>\n        <\/div>\n            <div class=\"kksr-star\" style=\"padding-right: 5px\">\n            \n\n<div class=\"kksr-icon\" style=\"width: 24px; height: 24px;\"><\/div>\n        <\/div>\n            <div class=\"kksr-star\" style=\"padding-right: 5px\">\n            \n\n<div class=\"kksr-icon\" style=\"width: 24px; height: 24px;\"><\/div>\n        <\/div>\n            <div class=\"kksr-star\" style=\"padding-right: 5px\">\n            \n\n<div class=\"kksr-icon\" style=\"width: 24px; height: 24px;\"><\/div>\n        <\/div>\n            <div class=\"kksr-star\" style=\"padding-right: 5px\">\n            \n\n<div class=\"kksr-icon\" style=\"width: 24px; height: 24px;\"><\/div>\n        <\/div>\n    <\/div>\n<\/div>\n                \n\n<div class=\"kksr-legend\" style=\"font-size: 19.2px;\">\n            <span class=\"kksr-muted\"><\/span>\n    <\/div>\n    <\/div>\n<p>Cardigane f\u0103r\u0103 nasturi c\u00e2\u0219tig\u0103 popularitate \u00een lumea modei \u0219i creeaz\u0103 un nou spa\u021biu pentru stilizarea creativ\u0103. Designul lor unic atrage aten\u021bia pasiona\u021bilor de mod\u0103 \u0219i a persoanelor care caut\u0103 solu\u021bii vestimentare confortabile, dar elegante. \u00cen acest articol, vom analiza de ce ar trebui s\u0103 adaugi un cardigan f\u0103r\u0103 nasturi \u00een garderoba ta, \u00een ce situa\u021bii este cel mai potrivit \u0219i ce stiluri po\u021bi crea cu el. De asemenea, am preg\u0103tit c\u00e2teva r\u0103spunsuri la \u00eentreb\u0103ri frecvente care te-ar putea ajuta s\u0103 alegi modelul potrivit. Descoper\u0103 al\u0103turi de noi nu doar avantajele acestui stil, ci \u0219i modalit\u0103\u021bi de a-l purta \u00een via\u021ba de zi cu zi.<\/p>\n<p>Cardigane f\u0103r\u0103 nasturi sunt o alternativ\u0103 interesant\u0103 la puloverele tradi\u021bionale. Func\u021bioneaz\u0103 perfect ca element de stratificare, ceea ce este crucial \u00een condi\u021biile meteorologice schimb\u0103toare. Indiferent de anotimp, astfel de cardigane pot fi purtate at\u00e2t \u00een zilele mai calde, c\u00e2nd sunt o completare perfect\u0103 pentru stilurile de var\u0103, c\u00e2t \u0219i \u00een serile mai r\u0103coroase, c\u00e2nd ofer\u0103 un plus de c\u0103ldur\u0103. Flexibilitatea lor le face obligatorii \u00een orice garderob\u0103, ceea ce se traduce prin popularitatea lor tot mai mare. Oricine apreciaz\u0103 confortul va aprecia cu siguran\u021b\u0103 modelul f\u0103r\u0103 nasturi ca o alegere func\u021bional\u0103 \u0219i la mod\u0103.<\/p>\n<h2>Ce sunt cardiganele f\u0103r\u0103 nasturi?<\/h2>\n<p><img decoding=\"async\" alt=\"Rz\u0105d kolorowych swetr\u00f3w zawieszonych na drewnianym wieszaku w sklepie.\" src=\"https:\/\/proclim.com.pl\/wp-content\/uploads\/2024\/12\/image58441307eed744b08a65f48fcfef1d38.png\"\/><\/p>\n<p>Cardiganele f\u0103r\u0103 nasturi sunt modele care prezint\u0103 o deschidere \u00een fa\u021b\u0103, cre\u00e2nd un aspect mai lejer \u0219i mai pu\u021bin formal. Lipsa unui element de fixare este o caracteristic\u0103 cheie care afecteaz\u0103 versatilitatea lor \u00een stilizare. Datorit\u0103 croielii simple, pot fi u\u0219or combinate cu alte articole vestimentare, fiind o alegere ideal\u0103 pentru diverse ocazii. Pot fi purtate at\u00e2t la birou, c\u00e2t \u0219i la o \u00eent\u00e2lnire casual cu prietenii. Stilul lor se bazeaz\u0103 pe capacitatea de a combina diferite stiluri de pantaloni, fuste \u0219i rochii. Interesant este c\u0103 aceste cardigane sunt confec\u021bionate din materiale care sunt at\u00e2t confortabile, c\u00e2t \u0219i estetice.<\/p>\n<h2>Avantajele cardiganelor f\u0103r\u0103 nasturi<\/h2>\n<p><img decoding=\"async\" alt=\"Kobieta siedzi na sofie i pije kaw\u0119, otoczona ksi\u0105\u017ckami i ro\u015blinami.\" src=\"https:\/\/proclim.com.pl\/wp-content\/uploads\/2024\/12\/image61a1f9e0117f440b94ddacc9e9c8abf0.png\"\/><\/p>\n<p>Aleg\u00e2nd cardigane f\u0103r\u0103 nasturi, ne putem bucura de numeroase beneficii. Iat\u0103 c\u00e2teva dintre ele:<\/p>\n<ul>\n<li><strong>Confort \u0219i libertate:<\/strong> Sunt perfecte pentru purtarea de zi cu zi \u0219i u\u0219or de \u00eembr\u0103cat.<\/li>\n<li><strong>Aspect elegant:<\/strong> Designul modern le face s\u0103 arate bine \u00een orice stil.<\/li>\n<li><strong>Op\u021biune de stratificare:<\/strong> Se potrivesc perfect cu alte haine, pun\u00e2nd \u00een valoare \u00eentreaga \u021binut\u0103.<\/li>\n<\/ul>\n<table border=\"1\">\n<tr>\n<th>Tipul de material<\/th>\n<th>Exemplu de aplica\u021bie<\/th>\n<th>Propriet\u0103\u021bi<\/th>\n<\/tr>\n<tr>\n<td>Bumbac<\/td>\n<td>Stilizare zilnic\u0103<\/td>\n<td>Respirabil, moale<\/td>\n<\/tr>\n<tr>\n<td>L\u00e2n\u0103<\/td>\n<td>Stiluri pentru zilele mai reci<\/td>\n<td>Cald, izolant<\/td>\n<\/tr>\n<tr>\n<td>In<\/td>\n<td>Vara \u0219i prim\u0103vara<\/td>\n<td>Aerisit, u\u0219or<\/td>\n<\/tr>\n<\/table>\n<h2>Cum s\u0103 por\u021bi cardigane f\u0103r\u0103 nasturi?<\/h2>\n<p>Aranjarea unui cardigan f\u0103r\u0103 nasturi este incredibil de simpl\u0103 \u0219i permite o mare libertate \u00een alegerea altor articole din garderob\u0103. Mai jos sunt c\u00e2teva inspira\u021bii de stil:<\/p>\n<ul>\n<li><strong>Aspect casual:<\/strong> Arunc\u0103 un cardigan peste un tricou \u0219i blugii t\u0103i prefera\u021bi pentru o \u021binut\u0103 confortabil\u0103, de zi cu zi.<\/li>\n<li><strong>Stil elegant:<\/strong> Po\u021bi asorta un cardigan simplu cu o rochie elegant\u0103 \u0219i pantofi cu toc pentru o ie\u0219ire \u00een ora\u0219.<\/li>\n<li><strong>Stil sportiv:<\/strong> Opteaz\u0103 pentru colan\u021bi sport \u0219i un top, apoi pune un cardigan peste el pentru un confort sporit.<\/li>\n<\/ul>\n<h2>Cardigane f\u0103r\u0103 nasturi \u0219i ecologie<\/h2>\n<p>\u00centr-o er\u0103 a cre\u0219terii con\u0219tientiz\u0103rii fa\u021b\u0103 de mediu, tot mai multe branduri acord\u0103 aten\u021bie produc\u021biei de \u00eembr\u0103c\u0103minte sustenabil\u0103. Cardigane f\u0103r\u0103 nasturi pot fi o alegere perfect\u0103 pentru cele care vor s\u0103 sus\u021bin\u0103 cump\u0103r\u0103turile con\u0219tiente. Aceste modele sunt adesea fabricate din materiale ecologice, iar designul lor simplu ajut\u0103 la reducerea de\u0219eurilor, ceea ce reprezint\u0103 un mare plus. De asemenea, merit\u0103 s\u0103 acorda\u021bi aten\u021bie m\u0103rcilor care au procese de produc\u021bie transparente \u0219i se concentreaz\u0103 pe dezvoltarea durabil\u0103. Aleg\u00e2nd cardigane de acest tip, avem ocazia nu doar s\u0103 ne \u00eenvior\u0103m garderoba, ci \u0219i s\u0103 avem un impact real asupra mediului \u00eenconjur\u0103tor.<\/p>\n<h2>Rezumat<\/h2>\n<p>Cardigane f\u0103r\u0103 nasturi sunt o pies\u0103 vestimentar\u0103 elegant\u0103, confortabil\u0103 \u0219i universal\u0103, care merit\u0103 un loc \u00een fiecare garderob\u0103. Nu numai c\u0103 adaug\u0103 stil, dar ofer\u0103 \u0219i confort \u0219i posibilitatea de a crea multe stiluri interesante. Merit\u0103 s\u0103 lua\u021bi \u00een considerare achizi\u021bionarea lor, mai ales \u00een contextul alegerilor vestimentare con\u0219tiente \u0219i al impactului asupra mediului pe care \u00eel au. Datorit\u0103 faptului c\u0103 sunt disponibile \u00eentr-o varietate de culori \u0219i materiale, fiecare va g\u0103si ceva pentru sine. Fie c\u0103 este vorba de \u021binuta de zi cu zi sau de ocazii speciale, cardiganele f\u0103r\u0103 nasturi pot fi alegerea perfect\u0103.<\/p>\n<h2>\u00centreb\u0103ri frecvente<\/h2>\n<ul>\n<li><strong>Ce este un cardigan f\u0103r\u0103 nasturi?<\/strong> Cardiganul f\u0103r\u0103 nasturi este un model casual, deschis, f\u0103r\u0103 \u00eenchiz\u0103toare, ceea ce spore\u0219te confortul la purtare.<\/li>\n<li><strong>Ce materiale sunt cel mai des folosite pentru a confec\u021biona cardigane f\u0103r\u0103 nasturi?<\/strong> Cel mai adesea sunt confec\u021bionate din materiale precum bumbac, l\u00e2n\u0103 sau in, dar \u0219i din sintetice, care asigur\u0103 durabilitate.<\/li>\n<li><strong>Cardigane f\u0103r\u0103 nasturi se potrivesc oric\u0103rui tip de corp?<\/strong> Da, sunt universale \u0219i se potrivesc diferitelor tipuri de corp atunci c\u00e2nd sunt combinate corespunz\u0103tor cu alte elemente.<\/li>\n<li><strong>Cum s\u0103 \u00eengrije\u0219ti un cardigan f\u0103r\u0103 nasturi?<\/strong> Sp\u0103larea la temperaturi sc\u0103zute \u0219i evitarea usc\u0103rii \u00een usc\u0103tor sunt esen\u021biale pentru men\u021binerea calit\u0103\u021bii materialului.<\/li>\n<\/ul>","protected":false},"excerpt":{"rendered":"<p>Kardigany bez guzik\u00f3w zyskuj\u0105 popularno\u015b\u0107 w \u015bwiecie mody i tworz\u0105 now\u0105 przestrze\u0144 dla kreatywnych stylizacji. Ich unikalny design przyci\u0105ga uwag\u0119 zapalonych fashionistek oraz os\u00f3b poszukuj\u0105cych wygodnych, a jednocze\u015bnie stylowych rozwi\u0105za\u0144 w ubraniu. W tym artykule przyjrzymy si\u0119, dlaczego warto doda\u0107 kardigan bez guzik\u00f3w do swojej garderoby, jakie sytuacje s\u0105 dla nich najbardziej odpowiednie oraz jakie [&hellip;]<\/p>","protected":false},"author":2,"featured_media":290,"comment_status":"closed","ping_status":"closed","sticky":false,"template":"","format":"standard","meta":{"_acf_changed":false,"footnotes":""},"categories":[1],"tags":[],"class_list":["post-316","post","type-post","status-publish","format-standard","has-post-thumbnail","hentry","category-blog"],"acf":[],"yoast_head":"<!-- This site is optimized with the Yoast SEO plugin v23.2 - https:\/\/yoast.com\/wordpress\/plugins\/seo\/ -->\n<title>Kardigany Bez Guzik\u00f3w \u2013 Dlaczego Warto Zainwestowa\u0107 w Ten Modny Element Garderoby?<\/title>\n<meta name=\"description\" content=\"Odkryj zalety kardigan\u00f3w bez guzik\u00f3w! Dowiedz si\u0119, jak je nosi\u0107 i jakie proekologiczne wybory staj\u0105 si\u0119 coraz bardziej popularne.\" \/>\n<meta name=\"robots\" content=\"index, follow, max-snippet:-1, max-image-preview:large, max-video-preview:-1\" \/>\n<link rel=\"canonical\" href=\"https:\/\/proclim.com.pl\/ro\/kardigany-bez-guzikow-dlaczego-warto\/\" \/>\n<meta property=\"og:locale\" content=\"ro_RO\" \/>\n<meta property=\"og:type\" content=\"article\" \/>\n<meta property=\"og:title\" content=\"Kardigany Bez Guzik\u00f3w \u2013 Dlaczego Warto Zainwestowa\u0107 w Ten Modny Element Garderoby?\" \/>\n<meta property=\"og:description\" content=\"Odkryj zalety kardigan\u00f3w bez guzik\u00f3w! Dowiedz si\u0119, jak je nosi\u0107 i jakie proekologiczne wybory staj\u0105 si\u0119 coraz bardziej popularne.\" \/>\n<meta property=\"og:url\" content=\"https:\/\/proclim.com.pl\/ro\/kardigany-bez-guzikow-dlaczego-warto\/\" \/>\n<meta property=\"og:site_name\" content=\"proclim.com.pl\" \/>\n<meta property=\"article:published_time\" content=\"2024-12-18T00:00:00+00:00\" \/>\n<meta property=\"article:modified_time\" content=\"2025-02-24T14:55:34+00:00\" \/>\n<meta property=\"og:image\" content=\"https:\/\/proclim.com.pl\/wp-content\/uploads\/2024\/12\/image60f7eb27adfe4619850df40b235dce2f.png\" \/>\n\t<meta property=\"og:image:width\" content=\"1024\" \/>\n\t<meta property=\"og:image:height\" content=\"768\" \/>\n\t<meta property=\"og:image:type\" content=\"image\/png\" \/>\n<meta name=\"author\" content=\"Klaudia Mazurkiewicz\" \/>\n<meta name=\"twitter:card\" content=\"summary_large_image\" \/>\n<meta name=\"twitter:label1\" content=\"Scris de\" \/>\n\t<meta name=\"twitter:data1\" content=\"Klaudia Mazurkiewicz\" \/>\n\t<meta name=\"twitter:label2\" content=\"Timp estimat pentru citire\" \/>\n\t<meta name=\"twitter:data2\" content=\"4 minute\" \/>\n<script type=\"application\/ld+json\" class=\"yoast-schema-graph\">{\"@context\":\"https:\/\/schema.org\",\"@graph\":[{\"@type\":\"WebPage\",\"@id\":\"https:\/\/proclim.com.pl\/kardigany-bez-guzikow-dlaczego-warto\/\",\"url\":\"https:\/\/proclim.com.pl\/kardigany-bez-guzikow-dlaczego-warto\/\",\"name\":\"Kardigany Bez Guzik\u00f3w \u2013 Dlaczego Warto Zainwestowa\u0107 w Ten Modny Element Garderoby?\",\"isPartOf\":{\"@id\":\"https:\/\/proclim.com.pl\/#website\"},\"primaryImageOfPage\":{\"@id\":\"https:\/\/proclim.com.pl\/kardigany-bez-guzikow-dlaczego-warto\/#primaryimage\"},\"image\":{\"@id\":\"https:\/\/proclim.com.pl\/kardigany-bez-guzikow-dlaczego-warto\/#primaryimage\"},\"thumbnailUrl\":\"https:\/\/proclim.com.pl\/wp-content\/uploads\/2024\/12\/image60f7eb27adfe4619850df40b235dce2f.png\",\"datePublished\":\"2024-12-18T00:00:00+00:00\",\"dateModified\":\"2025-02-24T14:55:34+00:00\",\"author\":{\"@id\":\"https:\/\/proclim.com.pl\/#\/schema\/person\/ef846607e91bf34765013fca536bfbf3\"},\"description\":\"Odkryj zalety kardigan\u00f3w bez guzik\u00f3w! Dowiedz si\u0119, jak je nosi\u0107 i jakie proekologiczne wybory staj\u0105 si\u0119 coraz bardziej popularne.\",\"breadcrumb\":{\"@id\":\"https:\/\/proclim.com.pl\/kardigany-bez-guzikow-dlaczego-warto\/#breadcrumb\"},\"inLanguage\":\"ro-RO\",\"potentialAction\":[{\"@type\":\"ReadAction\",\"target\":[\"https:\/\/proclim.com.pl\/kardigany-bez-guzikow-dlaczego-warto\/\"]}]},{\"@type\":\"ImageObject\",\"inLanguage\":\"ro-RO\",\"@id\":\"https:\/\/proclim.com.pl\/kardigany-bez-guzikow-dlaczego-warto\/#primaryimage\",\"url\":\"https:\/\/proclim.com.pl\/wp-content\/uploads\/2024\/12\/image60f7eb27adfe4619850df40b235dce2f.png\",\"contentUrl\":\"https:\/\/proclim.com.pl\/wp-content\/uploads\/2024\/12\/image60f7eb27adfe4619850df40b235dce2f.png\",\"width\":1024,\"height\":768},{\"@type\":\"BreadcrumbList\",\"@id\":\"https:\/\/proclim.com.pl\/kardigany-bez-guzikow-dlaczego-warto\/#breadcrumb\",\"itemListElement\":[{\"@type\":\"ListItem\",\"position\":1,\"name\":\"Home\",\"item\":\"https:\/\/proclim.com.pl\/\"},{\"@type\":\"ListItem\",\"position\":2,\"name\":\"Kardigany bez guzik\u00f3w \u2013 dlaczego warto?\"}]},{\"@type\":\"WebSite\",\"@id\":\"https:\/\/proclim.com.pl\/#website\",\"url\":\"https:\/\/proclim.com.pl\/\",\"name\":\"proclim.com.pl\",\"description\":\"Organizer na perfumy: porz\u0105dek i styl w jednym miejscu.\",\"potentialAction\":[{\"@type\":\"SearchAction\",\"target\":{\"@type\":\"EntryPoint\",\"urlTemplate\":\"https:\/\/proclim.com.pl\/?s={search_term_string}\"},\"query-input\":\"required name=search_term_string\"}],\"inLanguage\":\"ro-RO\"},{\"@type\":\"Person\",\"@id\":\"https:\/\/proclim.com.pl\/#\/schema\/person\/ef846607e91bf34765013fca536bfbf3\",\"name\":\"Klaudia Mazurkiewicz\",\"image\":{\"@type\":\"ImageObject\",\"inLanguage\":\"ro-RO\",\"@id\":\"https:\/\/proclim.com.pl\/#\/schema\/person\/image\/\",\"url\":\"https:\/\/proclim.com.pl\/wp-content\/uploads\/2025\/02\/klaudia-mazurkiewicz_avatar-96x96.jpg\",\"contentUrl\":\"https:\/\/proclim.com.pl\/wp-content\/uploads\/2025\/02\/klaudia-mazurkiewicz_avatar-96x96.jpg\",\"caption\":\"Klaudia Mazurkiewicz\"},\"description\":\"Jestem Klaudia Mazurkiewicz, pasjonatka mody, kt\u00f3ra od lat dzieli si\u0119 swoj\u0105 wiedz\u0105 i do\u015bwiadczeniem z innymi. Wierz\u0119, \u017ce moda to spos\u00f3b wyra\u017cania siebie, dlatego promuj\u0119 r\u00f3\u017cnorodno\u015b\u0107 i indywidualno\u015b\u0107. Zapraszam do kontaktu, by wsp\u00f3lnie odkrywa\u0107 \u015bwiat mody i stylizacji!\",\"url\":\"https:\/\/proclim.com.pl\/ro\/author\/klaudia-mazurkiewicz\/\"}]}<\/script>\n<!-- \/ Yoast SEO plugin. -->","yoast_head_json":{"title":"Kardigany Bez Guzik\u00f3w \u2013 Dlaczego Warto Zainwestowa\u0107 w Ten Modny Element Garderoby?","description":"Odkryj zalety kardigan\u00f3w bez guzik\u00f3w! Dowiedz si\u0119, jak je nosi\u0107 i jakie proekologiczne wybory staj\u0105 si\u0119 coraz bardziej popularne.","robots":{"index":"index","follow":"follow","max-snippet":"max-snippet:-1","max-image-preview":"max-image-preview:large","max-video-preview":"max-video-preview:-1"},"canonical":"https:\/\/proclim.com.pl\/ro\/kardigany-bez-guzikow-dlaczego-warto\/","og_locale":"ro_RO","og_type":"article","og_title":"Kardigany Bez Guzik\u00f3w \u2013 Dlaczego Warto Zainwestowa\u0107 w Ten Modny Element Garderoby?","og_description":"Odkryj zalety kardigan\u00f3w bez guzik\u00f3w! Dowiedz si\u0119, jak je nosi\u0107 i jakie proekologiczne wybory staj\u0105 si\u0119 coraz bardziej popularne.","og_url":"https:\/\/proclim.com.pl\/ro\/kardigany-bez-guzikow-dlaczego-warto\/","og_site_name":"proclim.com.pl","article_published_time":"2024-12-18T00:00:00+00:00","article_modified_time":"2025-02-24T14:55:34+00:00","og_image":[{"width":1024,"height":768,"url":"https:\/\/proclim.com.pl\/wp-content\/uploads\/2024\/12\/image60f7eb27adfe4619850df40b235dce2f.png","type":"image\/png"}],"author":"Klaudia Mazurkiewicz","twitter_card":"summary_large_image","twitter_misc":{"Scris de":"Klaudia Mazurkiewicz","Timp estimat pentru citire":"4 minute"},"schema":{"@context":"https:\/\/schema.org","@graph":[{"@type":"WebPage","@id":"https:\/\/proclim.com.pl\/kardigany-bez-guzikow-dlaczego-warto\/","url":"https:\/\/proclim.com.pl\/kardigany-bez-guzikow-dlaczego-warto\/","name":"Kardigany Bez Guzik\u00f3w \u2013 Dlaczego Warto Zainwestowa\u0107 w Ten Modny Element Garderoby?","isPartOf":{"@id":"https:\/\/proclim.com.pl\/#website"},"primaryImageOfPage":{"@id":"https:\/\/proclim.com.pl\/kardigany-bez-guzikow-dlaczego-warto\/#primaryimage"},"image":{"@id":"https:\/\/proclim.com.pl\/kardigany-bez-guzikow-dlaczego-warto\/#primaryimage"},"thumbnailUrl":"https:\/\/proclim.com.pl\/wp-content\/uploads\/2024\/12\/image60f7eb27adfe4619850df40b235dce2f.png","datePublished":"2024-12-18T00:00:00+00:00","dateModified":"2025-02-24T14:55:34+00:00","author":{"@id":"https:\/\/proclim.com.pl\/#\/schema\/person\/ef846607e91bf34765013fca536bfbf3"},"description":"Odkryj zalety kardigan\u00f3w bez guzik\u00f3w! Dowiedz si\u0119, jak je nosi\u0107 i jakie proekologiczne wybory staj\u0105 si\u0119 coraz bardziej popularne.","breadcrumb":{"@id":"https:\/\/proclim.com.pl\/kardigany-bez-guzikow-dlaczego-warto\/#breadcrumb"},"inLanguage":"ro-RO","potentialAction":[{"@type":"ReadAction","target":["https:\/\/proclim.com.pl\/kardigany-bez-guzikow-dlaczego-warto\/"]}]},{"@type":"ImageObject","inLanguage":"ro-RO","@id":"https:\/\/proclim.com.pl\/kardigany-bez-guzikow-dlaczego-warto\/#primaryimage","url":"https:\/\/proclim.com.pl\/wp-content\/uploads\/2024\/12\/image60f7eb27adfe4619850df40b235dce2f.png","contentUrl":"https:\/\/proclim.com.pl\/wp-content\/uploads\/2024\/12\/image60f7eb27adfe4619850df40b235dce2f.png","width":1024,"height":768},{"@type":"BreadcrumbList","@id":"https:\/\/proclim.com.pl\/kardigany-bez-guzikow-dlaczego-warto\/#breadcrumb","itemListElement":[{"@type":"ListItem","position":1,"name":"Home","item":"https:\/\/proclim.com.pl\/"},{"@type":"ListItem","position":2,"name":"Kardigany bez guzik\u00f3w \u2013 dlaczego warto?"}]},{"@type":"WebSite","@id":"https:\/\/proclim.com.pl\/#website","url":"https:\/\/proclim.com.pl\/","name":"proclim.com.pl","description":"Organizer na perfumy: porz\u0105dek i styl w jednym miejscu.","potentialAction":[{"@type":"SearchAction","target":{"@type":"EntryPoint","urlTemplate":"https:\/\/proclim.com.pl\/?s={search_term_string}"},"query-input":"required name=search_term_string"}],"inLanguage":"ro-RO"},{"@type":"Person","@id":"https:\/\/proclim.com.pl\/#\/schema\/person\/ef846607e91bf34765013fca536bfbf3","name":"Klaudia Mazurkiewicz","image":{"@type":"ImageObject","inLanguage":"ro-RO","@id":"https:\/\/proclim.com.pl\/#\/schema\/person\/image\/","url":"https:\/\/proclim.com.pl\/wp-content\/uploads\/2025\/02\/klaudia-mazurkiewicz_avatar-96x96.jpg","contentUrl":"https:\/\/proclim.com.pl\/wp-content\/uploads\/2025\/02\/klaudia-mazurkiewicz_avatar-96x96.jpg","caption":"Klaudia Mazurkiewicz"},"description":"Jestem Klaudia Mazurkiewicz, pasjonatka mody, kt\u00f3ra od lat dzieli si\u0119 swoj\u0105 wiedz\u0105 i do\u015bwiadczeniem z innymi. Wierz\u0119, \u017ce moda to spos\u00f3b wyra\u017cania siebie, dlatego promuj\u0119 r\u00f3\u017cnorodno\u015b\u0107 i indywidualno\u015b\u0107. Zapraszam do kontaktu, by wsp\u00f3lnie odkrywa\u0107 \u015bwiat mody i stylizacji!","url":"https:\/\/proclim.com.pl\/ro\/author\/klaudia-mazurkiewicz\/"}]}},"yoast_meta":{"yoast_wpseo_title":"","yoast_wpseo_metadesc":"","yoast_wpseo_canonical":"https:\/\/proclim.com.pl\/ro\/wp-json\/wp\/v2\/posts\/316"},"_links":{"self":[{"href":"https:\/\/proclim.com.pl\/ro\/wp-json\/wp\/v2\/posts\/316"}],"collection":[{"href":"https:\/\/proclim.com.pl\/ro\/wp-json\/wp\/v2\/posts"}],"about":[{"href":"https:\/\/proclim.com.pl\/ro\/wp-json\/wp\/v2\/types\/post"}],"author":[{"embeddable":true,"href":"https:\/\/proclim.com.pl\/ro\/wp-json\/wp\/v2\/users\/2"}],"replies":[{"embeddable":true,"href":"https:\/\/proclim.com.pl\/ro\/wp-json\/wp\/v2\/comments?post=316"}],"version-history":[{"count":2,"href":"https:\/\/proclim.com.pl\/ro\/wp-json\/wp\/v2\/posts\/316\/revisions"}],"predecessor-version":[{"id":506,"href":"https:\/\/proclim.com.pl\/ro\/wp-json\/wp\/v2\/posts\/316\/revisions\/506"}],"wp:featuredmedia":[{"embeddable":true,"href":"https:\/\/proclim.com.pl\/ro\/wp-json\/wp\/v2\/media\/290"}],"wp:attachment":[{"href":"https:\/\/proclim.com.pl\/ro\/wp-json\/wp\/v2\/media?parent=316"}],"wp:term":[{"taxonomy":"category","embeddable":true,"href":"https:\/\/proclim.com.pl\/ro\/wp-json\/wp\/v2\/categories?post=316"},{"taxonomy":"post_tag","embeddable":true,"href":"https:\/\/proclim.com.pl\/ro\/wp-json\/wp\/v2\/tags?post=316"}],"curies":[{"name":"wp","href":"https:\/\/api.w.org\/{rel}","templated":true}]}}