{"id":249,"date":"2024-11-26T00:00:00","date_gmt":"2024-11-26T00:00:00","guid":{"rendered":"https:\/\/proclim.com.pl\/?p=249"},"modified":"2024-11-26T00:00:00","modified_gmt":"2024-11-26T00:00:00","slug":"stroj-biznesowy-czyli-jak-powinien-ubierac-sie-biznesmen-4-stylizacje","status":"publish","type":"post","link":"https:\/\/proclim.com.pl\/ro\/stroj-biznesowy-czyli-jak-powinien-ubierac-sie-biznesmen-4-stylizacje\/","title":{"rendered":"\u021ainuta business sau cum ar trebui s\u0103 se \u00eembrace un om de afaceri? 4 stiluri"},"content":{"rendered":"<div class=\"kk-star-ratings kksr-auto kksr-align-left kksr-valign-top\"\n    data-payload='{&quot;align&quot;:&quot;left&quot;,&quot;id&quot;:&quot;249&quot;,&quot;slug&quot;:&quot;default&quot;,&quot;valign&quot;:&quot;top&quot;,&quot;ignore&quot;:&quot;&quot;,&quot;reference&quot;:&quot;auto&quot;,&quot;class&quot;:&quot;&quot;,&quot;count&quot;:&quot;0&quot;,&quot;legendonly&quot;:&quot;&quot;,&quot;readonly&quot;:&quot;&quot;,&quot;score&quot;:&quot;0&quot;,&quot;starsonly&quot;:&quot;&quot;,&quot;best&quot;:&quot;5&quot;,&quot;gap&quot;:&quot;5&quot;,&quot;greet&quot;:&quot;&quot;,&quot;legend&quot;:&quot;0\\\/5 - (0 votes)&quot;,&quot;size&quot;:&quot;24&quot;,&quot;title&quot;:&quot;Str\u00f3j biznesowy, czyli jak powinien ubiera\u0107 si\u0119 biznesmen? 4 stylizacje&quot;,&quot;width&quot;:&quot;0&quot;,&quot;_legend&quot;:&quot;{score}\\\/{best} - ({count} {votes})&quot;,&quot;font_factor&quot;:&quot;1.25&quot;}'>\n            \n<div class=\"kksr-stars\">\n    \n<div class=\"kksr-stars-inactive\">\n            <div class=\"kksr-star\" data-star=\"1\" style=\"padding-right: 5px\">\n            \n\n<div class=\"kksr-icon\" style=\"width: 24px; height: 24px;\"><\/div>\n        <\/div>\n            <div class=\"kksr-star\" data-star=\"2\" style=\"padding-right: 5px\">\n            \n\n<div class=\"kksr-icon\" style=\"width: 24px; height: 24px;\"><\/div>\n        <\/div>\n            <div class=\"kksr-star\" data-star=\"3\" style=\"padding-right: 5px\">\n            \n\n<div class=\"kksr-icon\" style=\"width: 24px; height: 24px;\"><\/div>\n        <\/div>\n            <div class=\"kksr-star\" data-star=\"4\" style=\"padding-right: 5px\">\n            \n\n<div class=\"kksr-icon\" style=\"width: 24px; height: 24px;\"><\/div>\n        <\/div>\n            <div class=\"kksr-star\" data-star=\"5\" style=\"padding-right: 5px\">\n            \n\n<div class=\"kksr-icon\" style=\"width: 24px; height: 24px;\"><\/div>\n        <\/div>\n    <\/div>\n    \n<div class=\"kksr-stars-active\" style=\"width: 0px;\">\n            <div class=\"kksr-star\" style=\"padding-right: 5px\">\n            \n\n<div class=\"kksr-icon\" style=\"width: 24px; height: 24px;\"><\/div>\n        <\/div>\n            <div class=\"kksr-star\" style=\"padding-right: 5px\">\n            \n\n<div class=\"kksr-icon\" style=\"width: 24px; height: 24px;\"><\/div>\n        <\/div>\n            <div class=\"kksr-star\" style=\"padding-right: 5px\">\n            \n\n<div class=\"kksr-icon\" style=\"width: 24px; height: 24px;\"><\/div>\n        <\/div>\n            <div class=\"kksr-star\" style=\"padding-right: 5px\">\n            \n\n<div class=\"kksr-icon\" style=\"width: 24px; height: 24px;\"><\/div>\n        <\/div>\n            <div class=\"kksr-star\" style=\"padding-right: 5px\">\n            \n\n<div class=\"kksr-icon\" style=\"width: 24px; height: 24px;\"><\/div>\n        <\/div>\n    <\/div>\n<\/div>\n                \n\n<div class=\"kksr-legend\" style=\"font-size: 19.2px;\">\n            <span class=\"kksr-muted\"><\/span>\n    <\/div>\n    <\/div>\n<p>\u00cen lumea de ast\u0103zi, o \u021binut\u0103 business adecvat\u0103 este crucial\u0103 pentru succesul profesional. Mul\u021bi b\u0103rba\u021bi se \u00eentreab\u0103 cum s\u0103 se \u00eembrace \u00eentr-un mod care s\u0103 le pun\u0103 \u00een valoare profesionalismul. Cu stilul potrivit, nu numai c\u0103 po\u021bi face o impresie bun\u0103, dar po\u021bi \u0219i c\u00e2\u0219tiga \u00eencredere \u00een sine. Ne ocup\u0103m de o varietate de standarde care variaz\u0103 \u00een func\u021bie de industrie \u0219i companie. Felul \u00een care ar\u0103t\u0103m este de mare importan\u021b\u0103 \u00een contextul interac\u021biunilor cu ceilal\u021bi oameni. \u00cen acest articol, vom analiza patru \u021binute diferite pe care orice om de afaceri modern ar trebui s\u0103 le aib\u0103 \u00een garderob\u0103.<\/p>\n<h2>Elegan\u021b\u0103 clasic\u0103<\/h2>\n<p><img decoding=\"async\" alt=\"Dw\u00f3ch m\u0119\u017cczyzn w garniturach rozmawia przy stole w kawiarni, jeden u\u015bmiechni\u0119ty z widoku.\" src=\"https:\/\/proclim.com.pl\/wp-content\/uploads\/2024\/11\/image19004fba39e7495a8ea44e6e5e98887d.png\"\/><\/p>\n<p>Primul stil care merit\u0103 men\u021bionat este elegan\u021ba clasic\u0103, care r\u0103m\u00e2ne mereu la mod\u0103. De\u0219i poate p\u0103rea lipsit de spectaculozitate, aceasta este o op\u021biune extrem de eficient\u0103. Printre piesele bine alese se num\u0103r\u0103 un blazer de culoare \u00eenchis\u0103, o c\u0103ma\u0219\u0103 simpl\u0103 \u0219i pantaloni cu pliseuri. Aceste elemente universale vor func\u021biona \u00een aproape orice situa\u021bie formal\u0103. Este important s\u0103 acorzi aten\u021bie detaliilor precum nasturii cu m\u0103rgele sau felului \u00een care jacheta se potrive\u0219te siluetei tale. C\u00e2nd totul se potrive\u0219te bine, ne prezent\u0103m ca fiind \u00eencrez\u0103tori \u0219i profesioni\u0219ti.<\/p>\n<ul>\n<li>Jachet\u0103 de culoare \u00eenchis\u0103<\/li>\n<li>O c\u0103ma\u0219\u0103 simpl\u0103 \u00eentr-o culoare discret\u0103<\/li>\n<li>Pantaloni cu \u0219ifonare, de preferin\u021b\u0103 de culoare \u00eenchis\u0103<\/li>\n<li>Pantofi elegan\u021bi din piele<\/li>\n<li>Accesorii: un ceas clasic \u0219i o serviet\u0103 minimalist\u0103<\/li>\n<\/ul>\n<h2>Stil elegant casual<\/h2>\n<p><img decoding=\"async\" alt=\"M\u0119\u017cczyzna w garniturze stoj\u0105cy na tle sali bankietowej z \u017cyrandolem.\" src=\"https:\/\/proclim.com.pl\/wp-content\/uploads\/2024\/11\/image7d486a058efc4f0fbbdf4f876904632e.png\"\/><\/p>\n<p>Stilul smart casual combin\u0103 confortul cu elegan\u021ba, perfect pentru \u00eent\u00e2lniri mai pu\u021bin formale. Aceasta este o op\u021biune excelent\u0103 atunci c\u00e2nd vrei s\u0103 ar\u0103\u021bi bine, dar s\u0103 te sim\u021bi confortabil \u00een acela\u0219i timp. Persoanele care poart\u0103 acest stil c\u00e2\u0219tig\u0103 flexibilitate deoarece se pot juca cu moda. Cheia este s\u0103 te concentrezi pe echilibrarea elementelor clasice cu accente mai casual. O jachet\u0103 bine aleas\u0103, de ex. \u00eentr-o culoare mai deschis\u0103, va crea o combina\u021bie perfect\u0103 cu pantaloni chino elegan\u021bi. Aceast\u0103 combina\u021bie ne face s\u0103 ar\u0103t\u0103m profesionali, r\u0103m\u00e2n\u00e2nd \u00een acela\u0219i timp \u00een conformitate cu un stil mai pu\u021bin formal.<\/p>\n<ul>\n<li>Jachet\u0103 de culoare deschis\u0103<\/li>\n<li>Pantaloni chino sau pantaloni elegan\u021bi din denim<\/li>\n<li>Pantofi elegan\u021bi, dar \u00eentr-un stil pu\u021bin mai casual<\/li>\n<li>Tricou polo sau c\u0103ma\u0219\u0103 casual<\/li>\n<li>Accesorii: curea din piele \u00eentr-o nuan\u021b\u0103 asortat\u0103<\/li>\n<\/ul>\n<table border=\"1\">\n<tr>\n<th>Stil<\/th>\n<th>Ocazii<\/th>\n<th>Elemente cheie<\/th>\n<\/tr>\n<tr>\n<td>Elegan\u021b\u0103 clasic\u0103<\/td>\n<td>\u00cent\u00e2lniri de afaceri, conferin\u021be<\/td>\n<td>Jachet\u0103, c\u0103ma\u0219\u0103 simpl\u0103, pantofi elegan\u021bi<\/td>\n<\/tr>\n<tr>\n<td>Casual elegant<\/td>\n<td>\u00cent\u00e2lniri mai pu\u021bin formale<\/td>\n<td>Jachet\u0103, pantaloni chino, c\u0103ma\u0219\u0103 elegant\u0103<\/td>\n<\/tr>\n<tr>\n<td>Vineri casual<\/td>\n<td>\u00cent\u00e2lniri de vineri<\/td>\n<td>Tricouri, blugi, pantofi sport<\/td>\n<\/tr>\n<tr>\n<td>Elegan\u021b\u0103 pentru ocazii speciale<\/td>\n<td>Banchete, gale<\/td>\n<td>Costum, cravat\u0103, pantofi de piele<\/td>\n<\/tr>\n<\/table>\n<h2>Vineri casual<\/h2>\n<p>La sf\u00e2r\u0219itul s\u0103pt\u0103m\u00e2nii de lucru, multe companii permit un cod vestimentar mai relaxat. Vinerea casual este o oportunitate excelent\u0103 de a-\u021bi ar\u0103ta individualitatea. Acesta este punctul de plecare perfect pentru a experimenta cu moda. Merit\u0103 s\u0103 ne amintim, totu\u0219i, c\u0103 chiar \u0219i \u00een acest stil ar trebui s\u0103 men\u021binem modera\u021bia. \u00cembr\u0103c\u0103mintea trebuie s\u0103 fie \u00eengrijit\u0103 \u0219i bine croit\u0103 pentru a nu da impresia de ne\u00eengrijire. C\u00e2nd ie\u0219im \u00een ora\u0219 de Casual Friday, este important s\u0103 alegem piese vestimentare care ne reflect\u0103 personalitatea, dar care s\u0103 se \u00eencadreze \u0219i \u00eentr-un interval acceptabil pentru locul de munc\u0103.<\/p>\n<ul>\n<li>Tricouri cu un model interesant<\/li>\n<li>Blugi f\u0103r\u0103 rupturi \u0219i m\u0103rimea potrivit\u0103<\/li>\n<li>\u00cenc\u0103l\u021b\u0103minte sport care este at\u00e2t la mod\u0103, c\u00e2t \u0219i confortabil\u0103<\/li>\n<li>Un pulover sau o jachet\u0103 u\u0219oar\u0103 \u00een caz c\u0103 se schimb\u0103 vremea<\/li>\n<li>Accesorii: Accesorii casual, dar elegante, cum ar fi o br\u0103\u021bar\u0103<\/li>\n<\/ul>\n<h2>Elegan\u021b\u0103 pentru ocazii speciale<\/h2>\n<p>Pentru evenimente speciale, cum ar fi conferin\u021be sau banchete, este necesar\u0103 o \u021binut\u0103 mai formal\u0103. Stilul elegant v\u0103 permite s\u0103 ie\u0219i\u021bi \u00een eviden\u021b\u0103 \u0219i demonstreaz\u0103 profesionalismul nostru. \u00cen astfel de situa\u021bii, merit\u0103 s\u0103 alegi un costum \u0219i o cravat\u0103. Cele mai bune sunt cele cu culori subtile \u0219i modele delicate care nu cople\u0219esc ansamblul. Pantofii cura\u021bi \u0219i lustrui\u021bi sunt, de asemenea, un element cheie al unei \u021binute elegante. Nu uita c\u0103 la ocaziile speciale, fiecare detaliu conteaz\u0103, iar o \u021binut\u0103 bine aleas\u0103 poate deschide multe u\u0219i.<\/p>\n<h2>Rezumat<\/h2>\n<p>O \u021binut\u0103 business bine aleas\u0103 este un element important \u00een construirea imaginii unui profesionist. Varietatea stilurilor ne permite s\u0103 ne adapt\u0103m la diferite circumstan\u021be, ceea ce ne spore\u0219te \u00eencrederea \u00een sine. Merit\u0103 s\u0103 ne amintim c\u0103 ceea ce purt\u0103m influen\u021beaz\u0103 prima impresie pe care o facem asupra celorlal\u021bi. Investi\u021bia \u00een c\u00e2teva elemente cheie ne va permite s\u0103 fim preg\u0103ti\u021bi pentru orice situa\u021bie. A\u0219adar, s\u0103 evit\u0103m alegerile plictisitoare \u0219i monotone. Stilurile trebuie s\u0103 fie at\u00e2t confortabile, c\u00e2t \u0219i elegante, astfel \u00eenc\u00e2t s\u0103 ne putem g\u0103si cu u\u0219urin\u021b\u0103 drumul \u00een orice situa\u021bie profesional\u0103.<\/p>\n<h2>\u00centreb\u0103ri frecvente<\/h2>\n<ul>\n<li><strong>Ce culori sunt cele mai potrivite pentru o \u021binut\u0103 business?<\/strong><br \/>Cele mai bune culori sunt nuan\u021bele \u00eenchise precum bleumarin, negru \u0219i gri, care sunt versatile \u0219i elegante.<\/li>\n<li><strong>Pot purta blugi la \u00eent\u00e2lniri de afaceri?<\/strong><br \/>Da, dac\u0103 firma permite \u021binute smart casual, blugii pot fi acceptabili, mai ales dac\u0103 sunt \u00een stare bun\u0103.<\/li>\n<li><strong>Ce accesorii sunt potrivite pentru o \u021binut\u0103 business?<\/strong><br \/>Un ceas elegant, o curea din piele \u0219i o serviet\u0103 minimalist\u0103 sunt o alegere bun\u0103.<\/li>\n<li><strong>Cum s\u0103 ai grij\u0103 de \u021binuta ta business?<\/strong><br \/>Sp\u0103larea, c\u0103lcarea \u0219i depozitarea regulat\u0103 \u00een condi\u021bii adecvate vor ajuta la men\u021binerea \u021binutei tale \u00een stare bun\u0103.<\/li>\n<\/ul>","protected":false},"excerpt":{"rendered":"<p>W dzisiejszym \u015bwiecie wyst\u0105pienie w odpowiednim stroju biznesowym jest kluczowe dla sukcesu zawodowego. Wielu m\u0119\u017cczyzn zastanawia si\u0119, jak ubra\u0107 si\u0119 w spos\u00f3b, kt\u00f3ry podkre\u015bli ich profesjonalizm. Z odpowiedni\u0105 stylizacj\u0105 mo\u017cna nie tylko zrobi\u0107 dobre wra\u017cenie, ale r\u00f3wnie\u017c zyska\u0107 pewno\u015b\u0107 siebie. Mamy do czynienia z r\u00f3\u017cnymi standardami, kt\u00f3re r\u00f3\u017cni\u0105 si\u0119 w zale\u017cno\u015bci od bran\u017cy i firmy. [&hellip;]<\/p>","protected":false},"author":1,"featured_media":214,"comment_status":"closed","ping_status":"closed","sticky":false,"template":"","format":"standard","meta":{"_acf_changed":false,"footnotes":""},"categories":[1],"tags":[],"class_list":["post-249","post","type-post","status-publish","format-standard","has-post-thumbnail","hentry","category-blog"],"acf":[],"yoast_head":"<!-- This site is optimized with the Yoast SEO plugin v23.2 - https:\/\/yoast.com\/wordpress\/plugins\/seo\/ -->\n<title>Str\u00f3j biznesowy dla m\u0119\u017cczyzn: 4 stylizacje, kt\u00f3re podkre\u015bl\u0105 Tw\u00f3j profesjonalizm<\/title>\n<meta name=\"description\" content=\"Odkryj 4 stylizacje biznesowe dla m\u0119\u017cczyzn, kt\u00f3re \u0142\u0105cz\u0105 elegancj\u0119, komfort i wyj\u0105tkowy styl w pracy.\" \/>\n<meta name=\"robots\" content=\"index, follow, max-snippet:-1, max-image-preview:large, max-video-preview:-1\" \/>\n<link rel=\"canonical\" href=\"https:\/\/proclim.com.pl\/ro\/stroj-biznesowy-czyli-jak-powinien-ubierac-sie-biznesmen-4-stylizacje\/\" \/>\n<meta property=\"og:locale\" content=\"ro_RO\" \/>\n<meta property=\"og:type\" content=\"article\" \/>\n<meta property=\"og:title\" content=\"Str\u00f3j biznesowy dla m\u0119\u017cczyzn: 4 stylizacje, kt\u00f3re podkre\u015bl\u0105 Tw\u00f3j profesjonalizm\" \/>\n<meta property=\"og:description\" content=\"Odkryj 4 stylizacje biznesowe dla m\u0119\u017cczyzn, kt\u00f3re \u0142\u0105cz\u0105 elegancj\u0119, komfort i wyj\u0105tkowy styl w pracy.\" \/>\n<meta property=\"og:url\" content=\"https:\/\/proclim.com.pl\/ro\/stroj-biznesowy-czyli-jak-powinien-ubierac-sie-biznesmen-4-stylizacje\/\" \/>\n<meta property=\"og:site_name\" content=\"proclim.com.pl\" \/>\n<meta property=\"article:published_time\" content=\"2024-11-26T00:00:00+00:00\" \/>\n<meta property=\"og:image\" content=\"https:\/\/proclim.com.pl\/wp-content\/uploads\/2024\/11\/image3b9391839b144e76b6b5c468156b40e8.png\" \/>\n\t<meta property=\"og:image:width\" content=\"1024\" \/>\n\t<meta property=\"og:image:height\" content=\"768\" \/>\n\t<meta property=\"og:image:type\" content=\"image\/png\" \/>\n<meta name=\"author\" content=\"Urszula Jasi\u0144ska\" \/>\n<meta name=\"twitter:card\" content=\"summary_large_image\" \/>\n<meta name=\"twitter:label1\" content=\"Scris de\" \/>\n\t<meta name=\"twitter:data1\" content=\"Urszula Jasi\u0144ska\" \/>\n\t<meta name=\"twitter:label2\" content=\"Timp estimat pentru citire\" \/>\n\t<meta name=\"twitter:data2\" content=\"4 minute\" \/>\n<script type=\"application\/ld+json\" class=\"yoast-schema-graph\">{\"@context\":\"https:\/\/schema.org\",\"@graph\":[{\"@type\":\"WebPage\",\"@id\":\"https:\/\/proclim.com.pl\/stroj-biznesowy-czyli-jak-powinien-ubierac-sie-biznesmen-4-stylizacje\/\",\"url\":\"https:\/\/proclim.com.pl\/stroj-biznesowy-czyli-jak-powinien-ubierac-sie-biznesmen-4-stylizacje\/\",\"name\":\"Str\u00f3j biznesowy dla m\u0119\u017cczyzn: 4 stylizacje, kt\u00f3re podkre\u015bl\u0105 Tw\u00f3j profesjonalizm\",\"isPartOf\":{\"@id\":\"https:\/\/proclim.com.pl\/#website\"},\"primaryImageOfPage\":{\"@id\":\"https:\/\/proclim.com.pl\/stroj-biznesowy-czyli-jak-powinien-ubierac-sie-biznesmen-4-stylizacje\/#primaryimage\"},\"image\":{\"@id\":\"https:\/\/proclim.com.pl\/stroj-biznesowy-czyli-jak-powinien-ubierac-sie-biznesmen-4-stylizacje\/#primaryimage\"},\"thumbnailUrl\":\"https:\/\/proclim.com.pl\/wp-content\/uploads\/2024\/11\/image3b9391839b144e76b6b5c468156b40e8.png\",\"datePublished\":\"2024-11-26T00:00:00+00:00\",\"dateModified\":\"2024-11-26T00:00:00+00:00\",\"author\":{\"@id\":\"https:\/\/proclim.com.pl\/#\/schema\/person\/45c676b6550e197bc729f915ffc429e0\"},\"description\":\"Odkryj 4 stylizacje biznesowe dla m\u0119\u017cczyzn, kt\u00f3re \u0142\u0105cz\u0105 elegancj\u0119, komfort i wyj\u0105tkowy styl w pracy.\",\"breadcrumb\":{\"@id\":\"https:\/\/proclim.com.pl\/stroj-biznesowy-czyli-jak-powinien-ubierac-sie-biznesmen-4-stylizacje\/#breadcrumb\"},\"inLanguage\":\"ro-RO\",\"potentialAction\":[{\"@type\":\"ReadAction\",\"target\":[\"https:\/\/proclim.com.pl\/stroj-biznesowy-czyli-jak-powinien-ubierac-sie-biznesmen-4-stylizacje\/\"]}]},{\"@type\":\"ImageObject\",\"inLanguage\":\"ro-RO\",\"@id\":\"https:\/\/proclim.com.pl\/stroj-biznesowy-czyli-jak-powinien-ubierac-sie-biznesmen-4-stylizacje\/#primaryimage\",\"url\":\"https:\/\/proclim.com.pl\/wp-content\/uploads\/2024\/11\/image3b9391839b144e76b6b5c468156b40e8.png\",\"contentUrl\":\"https:\/\/proclim.com.pl\/wp-content\/uploads\/2024\/11\/image3b9391839b144e76b6b5c468156b40e8.png\",\"width\":1024,\"height\":768},{\"@type\":\"BreadcrumbList\",\"@id\":\"https:\/\/proclim.com.pl\/stroj-biznesowy-czyli-jak-powinien-ubierac-sie-biznesmen-4-stylizacje\/#breadcrumb\",\"itemListElement\":[{\"@type\":\"ListItem\",\"position\":1,\"name\":\"Home\",\"item\":\"https:\/\/proclim.com.pl\/\"},{\"@type\":\"ListItem\",\"position\":2,\"name\":\"Str\u00f3j biznesowy, czyli jak powinien ubiera\u0107 si\u0119 biznesmen? 4 stylizacje\"}]},{\"@type\":\"WebSite\",\"@id\":\"https:\/\/proclim.com.pl\/#website\",\"url\":\"https:\/\/proclim.com.pl\/\",\"name\":\"proclim.com.pl\",\"description\":\"Organizer na perfumy: porz\u0105dek i styl w jednym miejscu.\",\"potentialAction\":[{\"@type\":\"SearchAction\",\"target\":{\"@type\":\"EntryPoint\",\"urlTemplate\":\"https:\/\/proclim.com.pl\/?s={search_term_string}\"},\"query-input\":\"required name=search_term_string\"}],\"inLanguage\":\"ro-RO\"},{\"@type\":\"Person\",\"@id\":\"https:\/\/proclim.com.pl\/#\/schema\/person\/45c676b6550e197bc729f915ffc429e0\",\"name\":\"Urszula Jasi\u0144ska\",\"image\":{\"@type\":\"ImageObject\",\"inLanguage\":\"ro-RO\",\"@id\":\"https:\/\/proclim.com.pl\/#\/schema\/person\/image\/\",\"url\":\"https:\/\/proclim.com.pl\/wp-content\/uploads\/2025\/02\/jdtygnenjz1_ad_avatar-96x96.jpg\",\"contentUrl\":\"https:\/\/proclim.com.pl\/wp-content\/uploads\/2025\/02\/jdtygnenjz1_ad_avatar-96x96.jpg\",\"caption\":\"Urszula Jasi\u0144ska\"},\"description\":\"Jestem Urszula Jasi\u0144ska, pasjonatka mody z wieloletnim do\u015bwiadczeniem w projektowaniu i stylizacji. Pracowa\u0142am z r\u00f3\u017cnymi markami, a tak\u017ce prowadz\u0119 bloga, na kt\u00f3rym dziel\u0119 si\u0119 swoimi spostrze\u017ceniami. Moim celem jest pomaganie innym w odnalezieniu w\u0142asnego stylu, zach\u0119cam do eksperymentowania z kolorami i krojami.\",\"url\":\"https:\/\/proclim.com.pl\/ro\/author\/urszula-jasinska\/\"}]}<\/script>\n<!-- \/ Yoast SEO plugin. -->","yoast_head_json":{"title":"Str\u00f3j biznesowy dla m\u0119\u017cczyzn: 4 stylizacje, kt\u00f3re podkre\u015bl\u0105 Tw\u00f3j profesjonalizm","description":"Odkryj 4 stylizacje biznesowe dla m\u0119\u017cczyzn, kt\u00f3re \u0142\u0105cz\u0105 elegancj\u0119, komfort i wyj\u0105tkowy styl w pracy.","robots":{"index":"index","follow":"follow","max-snippet":"max-snippet:-1","max-image-preview":"max-image-preview:large","max-video-preview":"max-video-preview:-1"},"canonical":"https:\/\/proclim.com.pl\/ro\/stroj-biznesowy-czyli-jak-powinien-ubierac-sie-biznesmen-4-stylizacje\/","og_locale":"ro_RO","og_type":"article","og_title":"Str\u00f3j biznesowy dla m\u0119\u017cczyzn: 4 stylizacje, kt\u00f3re podkre\u015bl\u0105 Tw\u00f3j profesjonalizm","og_description":"Odkryj 4 stylizacje biznesowe dla m\u0119\u017cczyzn, kt\u00f3re \u0142\u0105cz\u0105 elegancj\u0119, komfort i wyj\u0105tkowy styl w pracy.","og_url":"https:\/\/proclim.com.pl\/ro\/stroj-biznesowy-czyli-jak-powinien-ubierac-sie-biznesmen-4-stylizacje\/","og_site_name":"proclim.com.pl","article_published_time":"2024-11-26T00:00:00+00:00","og_image":[{"width":1024,"height":768,"url":"https:\/\/proclim.com.pl\/wp-content\/uploads\/2024\/11\/image3b9391839b144e76b6b5c468156b40e8.png","type":"image\/png"}],"author":"Urszula Jasi\u0144ska","twitter_card":"summary_large_image","twitter_misc":{"Scris de":"Urszula Jasi\u0144ska","Timp estimat pentru citire":"4 minute"},"schema":{"@context":"https:\/\/schema.org","@graph":[{"@type":"WebPage","@id":"https:\/\/proclim.com.pl\/stroj-biznesowy-czyli-jak-powinien-ubierac-sie-biznesmen-4-stylizacje\/","url":"https:\/\/proclim.com.pl\/stroj-biznesowy-czyli-jak-powinien-ubierac-sie-biznesmen-4-stylizacje\/","name":"Str\u00f3j biznesowy dla m\u0119\u017cczyzn: 4 stylizacje, kt\u00f3re podkre\u015bl\u0105 Tw\u00f3j profesjonalizm","isPartOf":{"@id":"https:\/\/proclim.com.pl\/#website"},"primaryImageOfPage":{"@id":"https:\/\/proclim.com.pl\/stroj-biznesowy-czyli-jak-powinien-ubierac-sie-biznesmen-4-stylizacje\/#primaryimage"},"image":{"@id":"https:\/\/proclim.com.pl\/stroj-biznesowy-czyli-jak-powinien-ubierac-sie-biznesmen-4-stylizacje\/#primaryimage"},"thumbnailUrl":"https:\/\/proclim.com.pl\/wp-content\/uploads\/2024\/11\/image3b9391839b144e76b6b5c468156b40e8.png","datePublished":"2024-11-26T00:00:00+00:00","dateModified":"2024-11-26T00:00:00+00:00","author":{"@id":"https:\/\/proclim.com.pl\/#\/schema\/person\/45c676b6550e197bc729f915ffc429e0"},"description":"Odkryj 4 stylizacje biznesowe dla m\u0119\u017cczyzn, kt\u00f3re \u0142\u0105cz\u0105 elegancj\u0119, komfort i wyj\u0105tkowy styl w pracy.","breadcrumb":{"@id":"https:\/\/proclim.com.pl\/stroj-biznesowy-czyli-jak-powinien-ubierac-sie-biznesmen-4-stylizacje\/#breadcrumb"},"inLanguage":"ro-RO","potentialAction":[{"@type":"ReadAction","target":["https:\/\/proclim.com.pl\/stroj-biznesowy-czyli-jak-powinien-ubierac-sie-biznesmen-4-stylizacje\/"]}]},{"@type":"ImageObject","inLanguage":"ro-RO","@id":"https:\/\/proclim.com.pl\/stroj-biznesowy-czyli-jak-powinien-ubierac-sie-biznesmen-4-stylizacje\/#primaryimage","url":"https:\/\/proclim.com.pl\/wp-content\/uploads\/2024\/11\/image3b9391839b144e76b6b5c468156b40e8.png","contentUrl":"https:\/\/proclim.com.pl\/wp-content\/uploads\/2024\/11\/image3b9391839b144e76b6b5c468156b40e8.png","width":1024,"height":768},{"@type":"BreadcrumbList","@id":"https:\/\/proclim.com.pl\/stroj-biznesowy-czyli-jak-powinien-ubierac-sie-biznesmen-4-stylizacje\/#breadcrumb","itemListElement":[{"@type":"ListItem","position":1,"name":"Home","item":"https:\/\/proclim.com.pl\/"},{"@type":"ListItem","position":2,"name":"Str\u00f3j biznesowy, czyli jak powinien ubiera\u0107 si\u0119 biznesmen? 4 stylizacje"}]},{"@type":"WebSite","@id":"https:\/\/proclim.com.pl\/#website","url":"https:\/\/proclim.com.pl\/","name":"proclim.com.pl","description":"Organizer na perfumy: porz\u0105dek i styl w jednym miejscu.","potentialAction":[{"@type":"SearchAction","target":{"@type":"EntryPoint","urlTemplate":"https:\/\/proclim.com.pl\/?s={search_term_string}"},"query-input":"required name=search_term_string"}],"inLanguage":"ro-RO"},{"@type":"Person","@id":"https:\/\/proclim.com.pl\/#\/schema\/person\/45c676b6550e197bc729f915ffc429e0","name":"Urszula Jasi\u0144ska","image":{"@type":"ImageObject","inLanguage":"ro-RO","@id":"https:\/\/proclim.com.pl\/#\/schema\/person\/image\/","url":"https:\/\/proclim.com.pl\/wp-content\/uploads\/2025\/02\/jdtygnenjz1_ad_avatar-96x96.jpg","contentUrl":"https:\/\/proclim.com.pl\/wp-content\/uploads\/2025\/02\/jdtygnenjz1_ad_avatar-96x96.jpg","caption":"Urszula Jasi\u0144ska"},"description":"Jestem Urszula Jasi\u0144ska, pasjonatka mody z wieloletnim do\u015bwiadczeniem w projektowaniu i stylizacji. Pracowa\u0142am z r\u00f3\u017cnymi markami, a tak\u017ce prowadz\u0119 bloga, na kt\u00f3rym dziel\u0119 si\u0119 swoimi spostrze\u017ceniami. Moim celem jest pomaganie innym w odnalezieniu w\u0142asnego stylu, zach\u0119cam do eksperymentowania z kolorami i krojami.","url":"https:\/\/proclim.com.pl\/ro\/author\/urszula-jasinska\/"}]}},"yoast_meta":{"yoast_wpseo_title":"","yoast_wpseo_metadesc":"","yoast_wpseo_canonical":"https:\/\/proclim.com.pl\/ro\/wp-json\/wp\/v2\/posts\/249"},"_links":{"self":[{"href":"https:\/\/proclim.com.pl\/ro\/wp-json\/wp\/v2\/posts\/249"}],"collection":[{"href":"https:\/\/proclim.com.pl\/ro\/wp-json\/wp\/v2\/posts"}],"about":[{"href":"https:\/\/proclim.com.pl\/ro\/wp-json\/wp\/v2\/types\/post"}],"author":[{"embeddable":true,"href":"https:\/\/proclim.com.pl\/ro\/wp-json\/wp\/v2\/users\/1"}],"replies":[{"embeddable":true,"href":"https:\/\/proclim.com.pl\/ro\/wp-json\/wp\/v2\/comments?post=249"}],"version-history":[{"count":1,"href":"https:\/\/proclim.com.pl\/ro\/wp-json\/wp\/v2\/posts\/249\/revisions"}],"predecessor-version":[{"id":258,"href":"https:\/\/proclim.com.pl\/ro\/wp-json\/wp\/v2\/posts\/249\/revisions\/258"}],"wp:featuredmedia":[{"embeddable":true,"href":"https:\/\/proclim.com.pl\/ro\/wp-json\/wp\/v2\/media\/214"}],"wp:attachment":[{"href":"https:\/\/proclim.com.pl\/ro\/wp-json\/wp\/v2\/media?parent=249"}],"wp:term":[{"taxonomy":"category","embeddable":true,"href":"https:\/\/proclim.com.pl\/ro\/wp-json\/wp\/v2\/categories?post=249"},{"taxonomy":"post_tag","embeddable":true,"href":"https:\/\/proclim.com.pl\/ro\/wp-json\/wp\/v2\/tags?post=249"}],"curies":[{"name":"wp","href":"https:\/\/api.w.org\/{rel}","templated":true}]}}