{"id":248,"date":"2024-11-27T00:00:00","date_gmt":"2024-11-27T00:00:00","guid":{"rendered":"https:\/\/proclim.com.pl\/?p=248"},"modified":"2024-11-27T00:00:00","modified_gmt":"2024-11-27T00:00:00","slug":"zielony-golf-meski-3-stylizacje-dla-lubiacych-cieplo-elegantow","status":"publish","type":"post","link":"https:\/\/proclim.com.pl\/ro\/zielony-golf-meski-3-stylizacje-dla-lubiacych-cieplo-elegantow\/","title":{"rendered":"Pulover verde cu guler \u00eenalt pentru b\u0103rba\u021bi \u2013 3 stiluri pentru b\u0103rba\u021bi elegan\u021bi c\u0103rora le place c\u0103ldura!"},"content":{"rendered":"<div class=\"kk-star-ratings kksr-auto kksr-align-left kksr-valign-top\"\n    data-payload='{&quot;align&quot;:&quot;left&quot;,&quot;id&quot;:&quot;248&quot;,&quot;slug&quot;:&quot;default&quot;,&quot;valign&quot;:&quot;top&quot;,&quot;ignore&quot;:&quot;&quot;,&quot;reference&quot;:&quot;auto&quot;,&quot;class&quot;:&quot;&quot;,&quot;count&quot;:&quot;0&quot;,&quot;legendonly&quot;:&quot;&quot;,&quot;readonly&quot;:&quot;&quot;,&quot;score&quot;:&quot;0&quot;,&quot;starsonly&quot;:&quot;&quot;,&quot;best&quot;:&quot;5&quot;,&quot;gap&quot;:&quot;5&quot;,&quot;greet&quot;:&quot;&quot;,&quot;legend&quot;:&quot;0\\\/5 - (0 votes)&quot;,&quot;size&quot;:&quot;24&quot;,&quot;title&quot;:&quot;Zielony golf m\u0119ski \u2013 3 stylizacje dla lubi\u0105cych ciep\u0142o elegant\u00f3w!&quot;,&quot;width&quot;:&quot;0&quot;,&quot;_legend&quot;:&quot;{score}\\\/{best} - ({count} {votes})&quot;,&quot;font_factor&quot;:&quot;1.25&quot;}'>\n            \n<div class=\"kksr-stars\">\n    \n<div class=\"kksr-stars-inactive\">\n            <div class=\"kksr-star\" data-star=\"1\" style=\"padding-right: 5px\">\n            \n\n<div class=\"kksr-icon\" style=\"width: 24px; height: 24px;\"><\/div>\n        <\/div>\n            <div class=\"kksr-star\" data-star=\"2\" style=\"padding-right: 5px\">\n            \n\n<div class=\"kksr-icon\" style=\"width: 24px; height: 24px;\"><\/div>\n        <\/div>\n            <div class=\"kksr-star\" data-star=\"3\" style=\"padding-right: 5px\">\n            \n\n<div class=\"kksr-icon\" style=\"width: 24px; height: 24px;\"><\/div>\n        <\/div>\n            <div class=\"kksr-star\" data-star=\"4\" style=\"padding-right: 5px\">\n            \n\n<div class=\"kksr-icon\" style=\"width: 24px; height: 24px;\"><\/div>\n        <\/div>\n            <div class=\"kksr-star\" data-star=\"5\" style=\"padding-right: 5px\">\n            \n\n<div class=\"kksr-icon\" style=\"width: 24px; height: 24px;\"><\/div>\n        <\/div>\n    <\/div>\n    \n<div class=\"kksr-stars-active\" style=\"width: 0px;\">\n            <div class=\"kksr-star\" style=\"padding-right: 5px\">\n            \n\n<div class=\"kksr-icon\" style=\"width: 24px; height: 24px;\"><\/div>\n        <\/div>\n            <div class=\"kksr-star\" style=\"padding-right: 5px\">\n            \n\n<div class=\"kksr-icon\" style=\"width: 24px; height: 24px;\"><\/div>\n        <\/div>\n            <div class=\"kksr-star\" style=\"padding-right: 5px\">\n            \n\n<div class=\"kksr-icon\" style=\"width: 24px; height: 24px;\"><\/div>\n        <\/div>\n            <div class=\"kksr-star\" style=\"padding-right: 5px\">\n            \n\n<div class=\"kksr-icon\" style=\"width: 24px; height: 24px;\"><\/div>\n        <\/div>\n            <div class=\"kksr-star\" style=\"padding-right: 5px\">\n            \n\n<div class=\"kksr-icon\" style=\"width: 24px; height: 24px;\"><\/div>\n        <\/div>\n    <\/div>\n<\/div>\n                \n\n<div class=\"kksr-legend\" style=\"font-size: 19.2px;\">\n            <span class=\"kksr-muted\"><\/span>\n    <\/div>\n    <\/div>\n<p> O bluz\u0103 verde cu guler \u00eenalt pentru b\u0103rba\u021bi este mai mult dec\u00e2t o simpl\u0103 pies\u0103 vestimentar\u0103 - este o expresie a stilului, personalit\u0103\u021bii \u0219i a capacit\u0103\u021bii de a combina clasicele cu tendin\u021bele moderne. \u00cen zilele mai reci, c\u00e2nd vrei s\u0103 ar\u0103\u021bi elegant\u0103 \u0219i s\u0103 te sim\u021bi confortabil \u00een acela\u0219i timp, o bluz\u0103 verde cu guler \u00eenalt devine un element cheie al garderobei tale. Atrage aten\u021bia prin versatilitatea sa, devenind o alegere ideal\u0103 at\u00e2t pentru ie\u0219irile de zi cu zi, c\u00e2t \u0219i pentru ocaziile speciale. \u00cen acest articol, vom prezenta trei stiluri fascinante care vor demonstra c\u0103 o bluz\u0103 cu guler verde poate fi o baz\u0103 pentru crearea unor look-uri diverse \u0219i eficiente. Preg\u0103te\u0219te-te s\u0103 descoperi inspira\u021bia care \u00ee\u021bi va inspira combina\u021biile creative.<\/p>\n<p> \u00cen urm\u0103toarele p\u0103r\u021bi vom prezenta combina\u021bii care \u00eembin\u0103 elegan\u021ba cu confortul. Indiferent dac\u0103 preferi stilul casual, sport sau smart casual, o bluz\u0103 cu guler \u00eenalt verde \u00ee\u0219i va g\u0103si cu siguran\u021b\u0103 locul \u00een garderoba ta. Inspir\u0103-te din sugestiile noastre \u0219i g\u0103se\u0219te-\u021bi propria modalitate de a stiliza unul dintre cele mai la mod\u0103 elemente ale garderobei masculine, care combin\u0103 c\u0103ldura \u0219i elegan\u021ba.<\/p>\n<h2>Look 1: Casual cu o not\u0103 de elegan\u021b\u0103<\/h2>\n<p><img decoding=\"async\" alt=\"M\u0119\u017cczyzna w sk\u00f3rzanej kurtce i zielonym golfie opiera si\u0119 o ceglan\u0105 \u015bcian\u0119 na tle ulicy.\" src=\"https:\/\/proclim.com.pl\/wp-content\/uploads\/2024\/11\/imagefa8b98b9644c41699dc3392c9cbec1c9.png\"\/><\/p>\n<p> Primul stil combin\u0103 confortul \u0219i elegan\u021ba, ceea ce \u00eel face perfect pentru purtarea de zi cu zi. O bluz\u0103 cu guler verde din bumbac moale sau l\u00e2n\u0103 merinos nu numai c\u0103 ofer\u0103 confort termic, dar arat\u0103 grozav \u0219i atunci c\u00e2nd este asortat\u0103 cu pantaloni chino sau alte pantaloni casual. O bluz\u0103 cu guler \u00eenalt bine aleas\u0103 va face ca fiecare b\u0103rbat s\u0103 se simt\u0103 la mod\u0103 \u0219i elegant. Adaug\u0103 pantofi elegan\u021bi \u0219i vei avea o idee original\u0103 pentru o \u00eent\u00e2lnire cu prietenii sau o ie\u0219ire de weekend.<\/p>\n<ul>\n<li>Pulover cu guler \u00eenalt din bumbac sau l\u00e2n\u0103 merinos \u2013 cheia confortului<\/li>\n<li>Pantaloni chino \u00een culori discrete pentru un efect elegant<\/li>\n<li>Pantofi elegan\u021bi de zi cu zi \u2013 o alegere fiabil\u0103<\/li>\n<\/ul>\n<p> Acest stil este ideal pentru accesorii minimaliste care nu vor cople\u0219i \u00eentregul aspect. Merit\u0103 s\u0103 alegi un ceas \u00een culori discrete \u0219i o curea din piele, care va ad\u0103uga \u0219ic. Nu uita c\u0103 detaliile fac minuni, iar accesoriile selectate corespunz\u0103tor pot schimba caracterul \u00eentregii combina\u021bii. Acest stil se potrive\u0219te perfect motto-ului \u201emai pu\u021bin \u00eenseamn\u0103 mai mult\u201d.<\/p>\n<h2>Look 2: Elegan\u021b\u0103 sportiv\u0103<\/h2>\n<p><img decoding=\"async\" alt=\"M\u0119\u017cczyzna w zielonym garniturze i golfie, stoj\u0105cy na alejce z lampkami.\" src=\"https:\/\/proclim.com.pl\/wp-content\/uploads\/2024\/11\/image709f13e97e65414cacf23c492dba37aa.png\"\/><\/p>\n<p> O bluz\u0103 cu guler \u00eenalt verde poate fi combinat\u0103 cu succes cu elemente mai sport, cre\u00e2nd un stil pentru ie\u0219irile de weekend sau activit\u0103\u021bile \u00een aer liber. Cheia succesului \u00een acest caz sunt blugii sau pantalonii de trening care \u00ee\u021bi vor permite s\u0103 te mi\u0219ti liber. Teni\u0219ii cu croial\u0103 simpl\u0103 vor fi o completare perfect\u0103, ad\u0103ug\u00e2nd lejeritate \u0219i o not\u0103 modern\u0103 \u00eentregului look. Acest tip de combina\u021bie este o op\u021biune excelent\u0103 pentru \u00eent\u00e2lnirile cu prietenii sau \u00een timp ce petrece\u021bi timp activ. <\/p>\n<ul>\n<li>Blugi \u00eentr-o culoare clasic\u0103 pentru un stil sportiv<\/li>\n<li>Pantaloni jogger pentru mai mult\u0103 libertate<\/li>\n<li>Teni\u0219i simpli \u2013 o pies\u0103 obligatorie pentru purtarea de zi cu zi<\/li>\n<\/ul>\n<table border=\"1\">\n<tr>\n<th>Element de stilizare<\/th>\n<th>Descriere<\/th>\n<\/tr>\n<tr>\n<td>Golf<\/td>\n<td>Alegerea unei culori verzi care atrage aten\u021bia<\/td>\n<\/tr>\n<tr>\n<td>Pantaloni<\/td>\n<td>Blugi sau pantaloni de trening pentru confort \u0219i stil<\/td>\n<\/tr>\n<tr>\n<td>Adida\u0219i<\/td>\n<td>Un stil simplu pentru elegan\u021b\u0103 de zi cu zi<\/td>\n<\/tr>\n<\/table>\n<p> Pentru a sublinia caracterul sportiv al acestui stil, merit\u0103 s\u0103 adaugi o jachet\u0103 de piele sau o jachet\u0103 bomber, care va face ca \u00eentregul ansamblu s\u0103 capete un caracter dinamic. Acest tip de \u021binut\u0103 este perfect pentru b\u0103rba\u021bii care vor s\u0103 priveasc\u0103 moda dintr-o perspectiv\u0103 pu\u021bin mai relaxat\u0103, f\u0103r\u0103 a pierde din elegan\u021b\u0103.<\/p>\n<h2>Look 3: Smart casual pentru ocazii speciale<\/h2>\n<p> Ultimul stil este o propunere pentru b\u0103rba\u021bii care vor s\u0103 arate elegan\u021bi \u00een timpul \u00eent\u00e2lnirilor formale, dar nu vor s\u0103 renun\u021be la confort. O bluz\u0103 cu guler \u00eenalt verde se asorteaz\u0103 cel mai bine cu pantaloni clasici plisa\u021bi \u0219i o jachet\u0103 \u00eentr-o nuan\u021b\u0103 mai \u00eenchis\u0103. Datorit\u0103 acestui fapt, ob\u021binem un stil \u00eendr\u0103zne\u021b, dar \u0219i subtil, perfect pentru toate evenimentele oficiale. Aceast\u0103 combina\u021bie face ca un b\u0103rbat s\u0103 ias\u0103 \u00een eviden\u021b\u0103 din mul\u021bime, r\u0103m\u00e2n\u00e2nd \u00een acela\u0219i timp \u00een zona elegan\u021bei.<\/p>\n<ul>\n<li>Pantaloni plisa\u021bi clasici pentru un look formal<\/li>\n<li>O jachet\u0103 \u00een culori mai \u00eenchise pentru un contrast mai intens<\/li>\n<li>Accesorii: o cravat\u0103 \u0219i pantofi elegan\u021bi pentru a completa setul<\/li>\n<\/ul>\n<p> Merit\u0103 s\u0103 completa\u021bi acest stil cu o cravat\u0103 elegant\u0103 \u0219i pantofi clasici din piele, care vor accentua elegan\u021ba general\u0103. Aceast\u0103 op\u021biune va atrage cu siguran\u021b\u0103 b\u0103rba\u021bii care apreciaz\u0103 stilul \u0219i rafinamentul. Doar cu combina\u021biile potrivite po\u021bi ob\u021bine un efect care s\u0103 \u00eenc\u00e2nte pe toat\u0103 lumea.<\/p>\n<h2>Rezumat<\/h2>\n<p> O bluz\u0103 verde cu guler \u00eenalt pentru b\u0103rba\u021bi este o pies\u0103 vestimentar\u0103 versatil\u0103 care poate fi aranjat\u0103 \u00een multe feluri diferite. Indiferent de ocazie, fiecare dintre stilurile propuse \u00eembin\u0103 confortul cu elegan\u021ba, fiind ideale pentru b\u0103rbatul modern. Datorit\u0103 combina\u021biilor atent g\u00e2ndite de materiale \u0219i accesorii, fiecare b\u0103rbat se poate sim\u021bi \u00eencrez\u0103tor \u0219i elegant. Merit\u0103 s\u0103-\u021bi explorezi propriul stil \u0219i s\u0103 te joci cu moda pentru a ar\u0103ta mereu impecabil. Nu uita c\u0103 moda este un spa\u021biu vast de explorat, unde \u00ee\u021bi po\u021bi g\u0103si exprimarea unic\u0103 de sine.<\/p>\n<h2>\u00centreb\u0103ri frecvente<\/h2>\n<ul>\n<li><strong>Ce materiale sunt cele mai bune pentru o bluz\u0103 verde cu guler \u00eenalt pentru b\u0103rba\u021bi?<\/strong> Cele mai bune sunt bumbacul \u0219i l\u00e2na merinos, care ofer\u0103 confort \u0219i c\u0103ldur\u0103.<\/li>\n<li><strong>Se potrive\u0219te o pulover verde cu guler \u00eenalt cu blugi?<\/strong> Da, o bluz\u0103 cu guler verde se potrive\u0219te de minune cu blugi pentru a crea un look casual.<\/li>\n<li><strong>Ce pantofi se potrivesc cel mai bine cu o \u021binut\u0103 verde cu guler \u00eenalt?<\/strong> Pentru stiluri elegante, recomand\u0103m pantofi din piele, iar pentru stiluri casual \u2013 teni\u0219i.<\/li>\n<li><strong>Este o pulov\u0103na verde cu guler \u00eenalt potrivit\u0103 pentru ocazii formale?<\/strong> Da, atunci c\u00e2nd este asortat\u0103 corespunz\u0103tor cu un costum sau o jachet\u0103, poate fi potrivit\u0103 pentru evenimente speciale.<\/li>\n<\/ul>","protected":false},"excerpt":{"rendered":"<p>Zielony golf m\u0119ski to wi\u0119cej ni\u017c tylko ubranie \u2013 to wyraz stylu, osobowo\u015bci i umiej\u0119tno\u015bci zestawiania klasyki z nowoczesnymi trendami. W ch\u0142odniejsze dni, kiedy chcesz wygl\u0105da\u0107 elegancko, a zarazem czu\u0107 si\u0119 komfortowo, zielony golf staje si\u0119 kluczowym elementem twojej garderoby. Przyci\u0105ga uwag\u0119 swoj\u0105 uniwersalno\u015bci\u0105, staj\u0105c si\u0119 idealnym wyborem zar\u00f3wno na codzienne wyj\u015bcia, jak i na [&hellip;]<\/p>","protected":false},"author":1,"featured_media":209,"comment_status":"closed","ping_status":"closed","sticky":false,"template":"","format":"standard","meta":{"_acf_changed":false,"footnotes":""},"categories":[1],"tags":[],"class_list":["post-248","post","type-post","status-publish","format-standard","has-post-thumbnail","hentry","category-blog"],"acf":[],"yoast_head":"<!-- This site is optimized with the Yoast SEO plugin v23.2 - https:\/\/yoast.com\/wordpress\/plugins\/seo\/ -->\n<title>Zielony golf m\u0119ski \u2013 3 eleganckie stylizacje na ch\u0142odne dni<\/title>\n<meta name=\"description\" content=\"Odkryj trzy inspiruj\u0105ce stylizacje z zielonym golfem m\u0119skim, kt\u00f3re \u0142\u0105cz\u0105 elegancj\u0119 z komfortem na ka\u017cd\u0105 okazj\u0119!\" \/>\n<meta name=\"robots\" content=\"index, follow, max-snippet:-1, max-image-preview:large, max-video-preview:-1\" \/>\n<link rel=\"canonical\" href=\"https:\/\/proclim.com.pl\/ro\/zielony-golf-meski-3-stylizacje-dla-lubiacych-cieplo-elegantow\/\" \/>\n<meta property=\"og:locale\" content=\"ro_RO\" \/>\n<meta property=\"og:type\" content=\"article\" \/>\n<meta property=\"og:title\" content=\"Zielony golf m\u0119ski \u2013 3 eleganckie stylizacje na ch\u0142odne dni\" \/>\n<meta property=\"og:description\" content=\"Odkryj trzy inspiruj\u0105ce stylizacje z zielonym golfem m\u0119skim, kt\u00f3re \u0142\u0105cz\u0105 elegancj\u0119 z komfortem na ka\u017cd\u0105 okazj\u0119!\" \/>\n<meta property=\"og:url\" content=\"https:\/\/proclim.com.pl\/ro\/zielony-golf-meski-3-stylizacje-dla-lubiacych-cieplo-elegantow\/\" \/>\n<meta property=\"og:site_name\" content=\"proclim.com.pl\" \/>\n<meta property=\"article:published_time\" content=\"2024-11-27T00:00:00+00:00\" \/>\n<meta property=\"og:image\" content=\"https:\/\/proclim.com.pl\/wp-content\/uploads\/2024\/11\/image25e7804b15cf4890a830194443e5cf11.png\" \/>\n\t<meta property=\"og:image:width\" content=\"1024\" \/>\n\t<meta property=\"og:image:height\" content=\"768\" \/>\n\t<meta property=\"og:image:type\" content=\"image\/png\" \/>\n<meta name=\"author\" content=\"Urszula Jasi\u0144ska\" \/>\n<meta name=\"twitter:card\" content=\"summary_large_image\" \/>\n<meta name=\"twitter:label1\" content=\"Scris de\" \/>\n\t<meta name=\"twitter:data1\" content=\"Urszula Jasi\u0144ska\" \/>\n\t<meta name=\"twitter:label2\" content=\"Timp estimat pentru citire\" \/>\n\t<meta name=\"twitter:data2\" content=\"4 minute\" \/>\n<script type=\"application\/ld+json\" class=\"yoast-schema-graph\">{\"@context\":\"https:\/\/schema.org\",\"@graph\":[{\"@type\":\"WebPage\",\"@id\":\"https:\/\/proclim.com.pl\/zielony-golf-meski-3-stylizacje-dla-lubiacych-cieplo-elegantow\/\",\"url\":\"https:\/\/proclim.com.pl\/zielony-golf-meski-3-stylizacje-dla-lubiacych-cieplo-elegantow\/\",\"name\":\"Zielony golf m\u0119ski \u2013 3 eleganckie stylizacje na ch\u0142odne dni\",\"isPartOf\":{\"@id\":\"https:\/\/proclim.com.pl\/#website\"},\"primaryImageOfPage\":{\"@id\":\"https:\/\/proclim.com.pl\/zielony-golf-meski-3-stylizacje-dla-lubiacych-cieplo-elegantow\/#primaryimage\"},\"image\":{\"@id\":\"https:\/\/proclim.com.pl\/zielony-golf-meski-3-stylizacje-dla-lubiacych-cieplo-elegantow\/#primaryimage\"},\"thumbnailUrl\":\"https:\/\/proclim.com.pl\/wp-content\/uploads\/2024\/11\/image25e7804b15cf4890a830194443e5cf11.png\",\"datePublished\":\"2024-11-27T00:00:00+00:00\",\"dateModified\":\"2024-11-27T00:00:00+00:00\",\"author\":{\"@id\":\"https:\/\/proclim.com.pl\/#\/schema\/person\/45c676b6550e197bc729f915ffc429e0\"},\"description\":\"Odkryj trzy inspiruj\u0105ce stylizacje z zielonym golfem m\u0119skim, kt\u00f3re \u0142\u0105cz\u0105 elegancj\u0119 z komfortem na ka\u017cd\u0105 okazj\u0119!\",\"breadcrumb\":{\"@id\":\"https:\/\/proclim.com.pl\/zielony-golf-meski-3-stylizacje-dla-lubiacych-cieplo-elegantow\/#breadcrumb\"},\"inLanguage\":\"ro-RO\",\"potentialAction\":[{\"@type\":\"ReadAction\",\"target\":[\"https:\/\/proclim.com.pl\/zielony-golf-meski-3-stylizacje-dla-lubiacych-cieplo-elegantow\/\"]}]},{\"@type\":\"ImageObject\",\"inLanguage\":\"ro-RO\",\"@id\":\"https:\/\/proclim.com.pl\/zielony-golf-meski-3-stylizacje-dla-lubiacych-cieplo-elegantow\/#primaryimage\",\"url\":\"https:\/\/proclim.com.pl\/wp-content\/uploads\/2024\/11\/image25e7804b15cf4890a830194443e5cf11.png\",\"contentUrl\":\"https:\/\/proclim.com.pl\/wp-content\/uploads\/2024\/11\/image25e7804b15cf4890a830194443e5cf11.png\",\"width\":1024,\"height\":768},{\"@type\":\"BreadcrumbList\",\"@id\":\"https:\/\/proclim.com.pl\/zielony-golf-meski-3-stylizacje-dla-lubiacych-cieplo-elegantow\/#breadcrumb\",\"itemListElement\":[{\"@type\":\"ListItem\",\"position\":1,\"name\":\"Home\",\"item\":\"https:\/\/proclim.com.pl\/\"},{\"@type\":\"ListItem\",\"position\":2,\"name\":\"Zielony golf m\u0119ski \u2013 3 stylizacje dla lubi\u0105cych ciep\u0142o elegant\u00f3w!\"}]},{\"@type\":\"WebSite\",\"@id\":\"https:\/\/proclim.com.pl\/#website\",\"url\":\"https:\/\/proclim.com.pl\/\",\"name\":\"proclim.com.pl\",\"description\":\"Organizer na perfumy: porz\u0105dek i styl w jednym miejscu.\",\"potentialAction\":[{\"@type\":\"SearchAction\",\"target\":{\"@type\":\"EntryPoint\",\"urlTemplate\":\"https:\/\/proclim.com.pl\/?s={search_term_string}\"},\"query-input\":\"required name=search_term_string\"}],\"inLanguage\":\"ro-RO\"},{\"@type\":\"Person\",\"@id\":\"https:\/\/proclim.com.pl\/#\/schema\/person\/45c676b6550e197bc729f915ffc429e0\",\"name\":\"Urszula Jasi\u0144ska\",\"image\":{\"@type\":\"ImageObject\",\"inLanguage\":\"ro-RO\",\"@id\":\"https:\/\/proclim.com.pl\/#\/schema\/person\/image\/\",\"url\":\"https:\/\/proclim.com.pl\/wp-content\/uploads\/2025\/02\/jdtygnenjz1_ad_avatar-96x96.jpg\",\"contentUrl\":\"https:\/\/proclim.com.pl\/wp-content\/uploads\/2025\/02\/jdtygnenjz1_ad_avatar-96x96.jpg\",\"caption\":\"Urszula Jasi\u0144ska\"},\"description\":\"Jestem Urszula Jasi\u0144ska, pasjonatka mody z wieloletnim do\u015bwiadczeniem w projektowaniu i stylizacji. Pracowa\u0142am z r\u00f3\u017cnymi markami, a tak\u017ce prowadz\u0119 bloga, na kt\u00f3rym dziel\u0119 si\u0119 swoimi spostrze\u017ceniami. Moim celem jest pomaganie innym w odnalezieniu w\u0142asnego stylu, zach\u0119cam do eksperymentowania z kolorami i krojami.\",\"url\":\"https:\/\/proclim.com.pl\/ro\/author\/urszula-jasinska\/\"}]}<\/script>\n<!-- \/ Yoast SEO plugin. -->","yoast_head_json":{"title":"Zielony golf m\u0119ski \u2013 3 eleganckie stylizacje na ch\u0142odne dni","description":"Odkryj trzy inspiruj\u0105ce stylizacje z zielonym golfem m\u0119skim, kt\u00f3re \u0142\u0105cz\u0105 elegancj\u0119 z komfortem na ka\u017cd\u0105 okazj\u0119!","robots":{"index":"index","follow":"follow","max-snippet":"max-snippet:-1","max-image-preview":"max-image-preview:large","max-video-preview":"max-video-preview:-1"},"canonical":"https:\/\/proclim.com.pl\/ro\/zielony-golf-meski-3-stylizacje-dla-lubiacych-cieplo-elegantow\/","og_locale":"ro_RO","og_type":"article","og_title":"Zielony golf m\u0119ski \u2013 3 eleganckie stylizacje na ch\u0142odne dni","og_description":"Odkryj trzy inspiruj\u0105ce stylizacje z zielonym golfem m\u0119skim, kt\u00f3re \u0142\u0105cz\u0105 elegancj\u0119 z komfortem na ka\u017cd\u0105 okazj\u0119!","og_url":"https:\/\/proclim.com.pl\/ro\/zielony-golf-meski-3-stylizacje-dla-lubiacych-cieplo-elegantow\/","og_site_name":"proclim.com.pl","article_published_time":"2024-11-27T00:00:00+00:00","og_image":[{"width":1024,"height":768,"url":"https:\/\/proclim.com.pl\/wp-content\/uploads\/2024\/11\/image25e7804b15cf4890a830194443e5cf11.png","type":"image\/png"}],"author":"Urszula Jasi\u0144ska","twitter_card":"summary_large_image","twitter_misc":{"Scris de":"Urszula Jasi\u0144ska","Timp estimat pentru citire":"4 minute"},"schema":{"@context":"https:\/\/schema.org","@graph":[{"@type":"WebPage","@id":"https:\/\/proclim.com.pl\/zielony-golf-meski-3-stylizacje-dla-lubiacych-cieplo-elegantow\/","url":"https:\/\/proclim.com.pl\/zielony-golf-meski-3-stylizacje-dla-lubiacych-cieplo-elegantow\/","name":"Zielony golf m\u0119ski \u2013 3 eleganckie stylizacje na ch\u0142odne dni","isPartOf":{"@id":"https:\/\/proclim.com.pl\/#website"},"primaryImageOfPage":{"@id":"https:\/\/proclim.com.pl\/zielony-golf-meski-3-stylizacje-dla-lubiacych-cieplo-elegantow\/#primaryimage"},"image":{"@id":"https:\/\/proclim.com.pl\/zielony-golf-meski-3-stylizacje-dla-lubiacych-cieplo-elegantow\/#primaryimage"},"thumbnailUrl":"https:\/\/proclim.com.pl\/wp-content\/uploads\/2024\/11\/image25e7804b15cf4890a830194443e5cf11.png","datePublished":"2024-11-27T00:00:00+00:00","dateModified":"2024-11-27T00:00:00+00:00","author":{"@id":"https:\/\/proclim.com.pl\/#\/schema\/person\/45c676b6550e197bc729f915ffc429e0"},"description":"Odkryj trzy inspiruj\u0105ce stylizacje z zielonym golfem m\u0119skim, kt\u00f3re \u0142\u0105cz\u0105 elegancj\u0119 z komfortem na ka\u017cd\u0105 okazj\u0119!","breadcrumb":{"@id":"https:\/\/proclim.com.pl\/zielony-golf-meski-3-stylizacje-dla-lubiacych-cieplo-elegantow\/#breadcrumb"},"inLanguage":"ro-RO","potentialAction":[{"@type":"ReadAction","target":["https:\/\/proclim.com.pl\/zielony-golf-meski-3-stylizacje-dla-lubiacych-cieplo-elegantow\/"]}]},{"@type":"ImageObject","inLanguage":"ro-RO","@id":"https:\/\/proclim.com.pl\/zielony-golf-meski-3-stylizacje-dla-lubiacych-cieplo-elegantow\/#primaryimage","url":"https:\/\/proclim.com.pl\/wp-content\/uploads\/2024\/11\/image25e7804b15cf4890a830194443e5cf11.png","contentUrl":"https:\/\/proclim.com.pl\/wp-content\/uploads\/2024\/11\/image25e7804b15cf4890a830194443e5cf11.png","width":1024,"height":768},{"@type":"BreadcrumbList","@id":"https:\/\/proclim.com.pl\/zielony-golf-meski-3-stylizacje-dla-lubiacych-cieplo-elegantow\/#breadcrumb","itemListElement":[{"@type":"ListItem","position":1,"name":"Home","item":"https:\/\/proclim.com.pl\/"},{"@type":"ListItem","position":2,"name":"Zielony golf m\u0119ski \u2013 3 stylizacje dla lubi\u0105cych ciep\u0142o elegant\u00f3w!"}]},{"@type":"WebSite","@id":"https:\/\/proclim.com.pl\/#website","url":"https:\/\/proclim.com.pl\/","name":"proclim.com.pl","description":"Organizer na perfumy: porz\u0105dek i styl w jednym miejscu.","potentialAction":[{"@type":"SearchAction","target":{"@type":"EntryPoint","urlTemplate":"https:\/\/proclim.com.pl\/?s={search_term_string}"},"query-input":"required name=search_term_string"}],"inLanguage":"ro-RO"},{"@type":"Person","@id":"https:\/\/proclim.com.pl\/#\/schema\/person\/45c676b6550e197bc729f915ffc429e0","name":"Urszula Jasi\u0144ska","image":{"@type":"ImageObject","inLanguage":"ro-RO","@id":"https:\/\/proclim.com.pl\/#\/schema\/person\/image\/","url":"https:\/\/proclim.com.pl\/wp-content\/uploads\/2025\/02\/jdtygnenjz1_ad_avatar-96x96.jpg","contentUrl":"https:\/\/proclim.com.pl\/wp-content\/uploads\/2025\/02\/jdtygnenjz1_ad_avatar-96x96.jpg","caption":"Urszula Jasi\u0144ska"},"description":"Jestem Urszula Jasi\u0144ska, pasjonatka mody z wieloletnim do\u015bwiadczeniem w projektowaniu i stylizacji. Pracowa\u0142am z r\u00f3\u017cnymi markami, a tak\u017ce prowadz\u0119 bloga, na kt\u00f3rym dziel\u0119 si\u0119 swoimi spostrze\u017ceniami. Moim celem jest pomaganie innym w odnalezieniu w\u0142asnego stylu, zach\u0119cam do eksperymentowania z kolorami i krojami.","url":"https:\/\/proclim.com.pl\/ro\/author\/urszula-jasinska\/"}]}},"yoast_meta":{"yoast_wpseo_title":"","yoast_wpseo_metadesc":"","yoast_wpseo_canonical":"https:\/\/proclim.com.pl\/ro\/wp-json\/wp\/v2\/posts\/248"},"_links":{"self":[{"href":"https:\/\/proclim.com.pl\/ro\/wp-json\/wp\/v2\/posts\/248"}],"collection":[{"href":"https:\/\/proclim.com.pl\/ro\/wp-json\/wp\/v2\/posts"}],"about":[{"href":"https:\/\/proclim.com.pl\/ro\/wp-json\/wp\/v2\/types\/post"}],"author":[{"embeddable":true,"href":"https:\/\/proclim.com.pl\/ro\/wp-json\/wp\/v2\/users\/1"}],"replies":[{"embeddable":true,"href":"https:\/\/proclim.com.pl\/ro\/wp-json\/wp\/v2\/comments?post=248"}],"version-history":[{"count":1,"href":"https:\/\/proclim.com.pl\/ro\/wp-json\/wp\/v2\/posts\/248\/revisions"}],"predecessor-version":[{"id":262,"href":"https:\/\/proclim.com.pl\/ro\/wp-json\/wp\/v2\/posts\/248\/revisions\/262"}],"wp:featuredmedia":[{"embeddable":true,"href":"https:\/\/proclim.com.pl\/ro\/wp-json\/wp\/v2\/media\/209"}],"wp:attachment":[{"href":"https:\/\/proclim.com.pl\/ro\/wp-json\/wp\/v2\/media?parent=248"}],"wp:term":[{"taxonomy":"category","embeddable":true,"href":"https:\/\/proclim.com.pl\/ro\/wp-json\/wp\/v2\/categories?post=248"},{"taxonomy":"post_tag","embeddable":true,"href":"https:\/\/proclim.com.pl\/ro\/wp-json\/wp\/v2\/tags?post=248"}],"curies":[{"name":"wp","href":"https:\/\/api.w.org\/{rel}","templated":true}]}}