{"id":246,"date":"2024-11-26T00:00:00","date_gmt":"2024-11-26T00:00:00","guid":{"rendered":"https:\/\/proclim.com.pl\/?p=246"},"modified":"2024-11-26T00:00:00","modified_gmt":"2024-11-26T00:00:00","slug":"kiedy-nosic-kostiumy-damskie-nie-tylko-na-oficjalne-okazje","status":"publish","type":"post","link":"https:\/\/proclim.com.pl\/ro\/kiedy-nosic-kostiumy-damskie-nie-tylko-na-oficjalne-okazje\/","title":{"rendered":"C\u00e2nd s\u0103 por\u021bi costume de dam\u0103? Nu doar pentru ocazii formale!"},"content":{"rendered":"<div class=\"kk-star-ratings kksr-auto kksr-align-left kksr-valign-top\"\n    data-payload='{&quot;align&quot;:&quot;left&quot;,&quot;id&quot;:&quot;246&quot;,&quot;slug&quot;:&quot;default&quot;,&quot;valign&quot;:&quot;top&quot;,&quot;ignore&quot;:&quot;&quot;,&quot;reference&quot;:&quot;auto&quot;,&quot;class&quot;:&quot;&quot;,&quot;count&quot;:&quot;0&quot;,&quot;legendonly&quot;:&quot;&quot;,&quot;readonly&quot;:&quot;&quot;,&quot;score&quot;:&quot;0&quot;,&quot;starsonly&quot;:&quot;&quot;,&quot;best&quot;:&quot;5&quot;,&quot;gap&quot;:&quot;5&quot;,&quot;greet&quot;:&quot;&quot;,&quot;legend&quot;:&quot;0\\\/5 - (0 votes)&quot;,&quot;size&quot;:&quot;24&quot;,&quot;title&quot;:&quot;Kiedy nosi\u0107 kostiumy damskie? Nie tylko na oficjalne okazje!&quot;,&quot;width&quot;:&quot;0&quot;,&quot;_legend&quot;:&quot;{score}\\\/{best} - ({count} {votes})&quot;,&quot;font_factor&quot;:&quot;1.25&quot;}'>\n            \n<div class=\"kksr-stars\">\n    \n<div class=\"kksr-stars-inactive\">\n            <div class=\"kksr-star\" data-star=\"1\" style=\"padding-right: 5px\">\n            \n\n<div class=\"kksr-icon\" style=\"width: 24px; height: 24px;\"><\/div>\n        <\/div>\n            <div class=\"kksr-star\" data-star=\"2\" style=\"padding-right: 5px\">\n            \n\n<div class=\"kksr-icon\" style=\"width: 24px; height: 24px;\"><\/div>\n        <\/div>\n            <div class=\"kksr-star\" data-star=\"3\" style=\"padding-right: 5px\">\n            \n\n<div class=\"kksr-icon\" style=\"width: 24px; height: 24px;\"><\/div>\n        <\/div>\n            <div class=\"kksr-star\" data-star=\"4\" style=\"padding-right: 5px\">\n            \n\n<div class=\"kksr-icon\" style=\"width: 24px; height: 24px;\"><\/div>\n        <\/div>\n            <div class=\"kksr-star\" data-star=\"5\" style=\"padding-right: 5px\">\n            \n\n<div class=\"kksr-icon\" style=\"width: 24px; height: 24px;\"><\/div>\n        <\/div>\n    <\/div>\n    \n<div class=\"kksr-stars-active\" style=\"width: 0px;\">\n            <div class=\"kksr-star\" style=\"padding-right: 5px\">\n            \n\n<div class=\"kksr-icon\" style=\"width: 24px; height: 24px;\"><\/div>\n        <\/div>\n            <div class=\"kksr-star\" style=\"padding-right: 5px\">\n            \n\n<div class=\"kksr-icon\" style=\"width: 24px; height: 24px;\"><\/div>\n        <\/div>\n            <div class=\"kksr-star\" style=\"padding-right: 5px\">\n            \n\n<div class=\"kksr-icon\" style=\"width: 24px; height: 24px;\"><\/div>\n        <\/div>\n            <div class=\"kksr-star\" style=\"padding-right: 5px\">\n            \n\n<div class=\"kksr-icon\" style=\"width: 24px; height: 24px;\"><\/div>\n        <\/div>\n            <div class=\"kksr-star\" style=\"padding-right: 5px\">\n            \n\n<div class=\"kksr-icon\" style=\"width: 24px; height: 24px;\"><\/div>\n        <\/div>\n    <\/div>\n<\/div>\n                \n\n<div class=\"kksr-legend\" style=\"font-size: 19.2px;\">\n            <span class=\"kksr-muted\"><\/span>\n    <\/div>\n    <\/div>\n<p>Costumele de dam\u0103 sunt o pies\u0103 vestimentar\u0103 extrem de versatil\u0103, care c\u00e2\u0219tig\u0103 popularitate nu doar \u00een contextul evenimentelor formale, ci \u0219i \u00een via\u021ba de zi cu zi. Prin urmare, merit\u0103 s\u0103 te g\u00e2nde\u0219ti cum \u0219i c\u00e2nd s\u0103 le por\u021bi cel mai bine pentru a-\u021bi accentua stilul \u0219i caracterul. \u00cen acest articol, vom prezenta diverse ocazii \u0219i inspira\u021bii de stil care vor utiliza pe deplin poten\u021bialul costumelor. Haide\u021bi s\u0103 descoperim \u00eempreun\u0103 avantajele ascunse \u00een aceste haine elegante, precum \u0219i din ce materiale ar trebui s\u0103 fie confec\u021bionate pentru a deveni un element indispensabil al garderobei noastre. De asemenea, vom arunca o privire asupra tendin\u021belor care au cucerit recent inimile multor femei. Te invit s\u0103 cite\u0219ti!<\/p>\n<p>\u00cen zilele noastre, costumele pentru femei sunt disponibile \u00eentr-o varietate de stiluri \u0219i culori, ceea ce permite o stilizare versatil\u0103. Le putem purta at\u00e2t la \u00eent\u00e2lniri profesionale, c\u00e2t \u0219i la evenimente mai pu\u021bin formale. Diferite croieli \u0219i materiale ne permit s\u0103 cre\u0103m combina\u021bii unice care reflect\u0103 personalitatea noastr\u0103. \u00cembr\u0103c\u0103mintea bine aleas\u0103 eviden\u021biaz\u0103 atuurile siluetei \u0219i ne influen\u021beaz\u0103 \u0219i bun\u0103starea. De aceea, merit\u0103 s\u0103 investe\u0219ti \u00eentr-un costum care se potrive\u0219te siluetei, stilului \u0219i ocaziei tale. Selec\u021bia iscusit\u0103 a elementelor poate face minuni!<\/p>\n<h2>Istoria costumelor feminine<\/h2>\n<p><img decoding=\"async\" alt=\"Cztery kobiety w eleganckich garniturach rozmawiaj\u0105 na przyj\u0119ciu z \u017cyrandolami.\" src=\"https:\/\/proclim.com.pl\/wp-content\/uploads\/2024\/11\/image77c91a962833471184101d6192a81ea5.png\"\/><\/p>\n<p>Costumele feminine au intrat la mod\u0103 la \u00eenceputul secolului al XX-lea, c\u00e2nd femeile au \u00eenceput s\u0103 lupte pentru drepturile lor \u0219i pentru egalitatea cu b\u0103rba\u021bii. De-a lungul anilor, stilurile \u0219i designurile au evoluat, iar costumele au devenit un simbol al emancip\u0103rii femeilor. Astfel de haine au \u00eenceput s\u0103 capete importan\u021b\u0103 nu numai \u00een contextul muncii, ci \u0219i la diverse evenimente sociale. Costumele moderne combin\u0103 elegan\u021ba cu confortul, fiind o alegere ideal\u0103 pentru multe ocazii. Ast\u0103zi avem o varietate de materiale din care putem alege, de la cele clasice din l\u00e2n\u0103 p\u00e2n\u0103 la \u021bes\u0103turi moderne, respirabile. Asta \u00eenseamn\u0103 c\u0103 fiecare femeie \u00ee\u0219i poate g\u0103si ceva potrivit.<\/p>\n<h2>Din ce const\u0103 costumul perfect?<\/h2>\n<p><img decoding=\"async\" alt=\"Stylowa kobieta w r\u00f3\u017cowym \u017cakiecie i turkusowych spodniach siedzi przy ulicznej kawiarni.\" src=\"https:\/\/proclim.com.pl\/wp-content\/uploads\/2024\/11\/image8bd4be9cee954cf092c086e727d16e46.png\"\/><\/p>\n<p>Un costum de dam\u0103 potrivit ar trebui s\u0103 fie alc\u0103tuit din mai multe elemente cheie. Iat\u0103 ce ar trebui s\u0103 includ\u0103 fiecare \u021binut\u0103:<\/p>\n<ul>\n<li><strong>Sacou:<\/strong> Ar trebui s\u0103 fie bine croit \u0219i elegant, asigur\u00e2nd confort la purtare.<\/li>\n<li><strong>Pantaloni sau fust\u0103:<\/strong> Alegerea fundului potrivit poate schimba caracterul \u00eentregului stil. Pantalonii clasici pot ad\u0103uga o not\u0103 profesional\u0103, \u00een timp ce o fust\u0103 va accentua feminitatea.<\/li>\n<li><strong>Bluz\u0103:<\/strong> o parte important\u0103 a costumului, care ar trebui s\u0103 se armonizeze cu restul \u021binutei \u0219i s\u0103 asigure confortul.<\/li>\n<\/ul>\n<h2>C\u00e2nd s\u0103 por\u021bi costume de dam\u0103?<\/h2>\n<p>Probabil v\u0103 \u00eentreba\u021bi \u00een ce circumstan\u021be costumele pentru femei vor func\u021biona cel mai bine? Mai jos sunt prezentate cele mai importante situa\u021bii:<\/p>\n<ul>\n<li><strong>Pentru evenimente de afaceri:<\/strong> Costumele sunt alegerea perfect\u0103 pentru \u00eent\u00e2lniri, conferin\u021be \u0219i alte evenimente formale. \u00cembr\u0103c\u0103mintea elegant\u0103 influen\u021beaz\u0103 modul \u00een care e\u0219ti perceput \u00eentr-un mediu profesional.<\/li>\n<li><strong>Pentru petreceri elegante:<\/strong> S\u0103rb\u0103tori precum nun\u021bile sau banchetele necesit\u0103 o \u021binut\u0103 adecvat\u0103, iar un costum bine asortat v\u0103 va da \u00eencredere \u00een sine.<\/li>\n<li><strong>\u00cen stilurile de zi cu zi:<\/strong> Datorit\u0103 accesoriilor mai lejere, costumele pot fi purtate zilnic, combin\u00e2nd elegan\u021ba cu confortul.<\/li>\n<\/ul>\n<h2>Tendin\u021be \u00een stilul costumelor feminine<\/h2>\n<p>Exist\u0103 multe tendin\u021be \u00een zilele noastre care pot fi aplicate atunci c\u00e2nd stilizezi costume. Iat\u0103 c\u00e2teva dintre ele care pot inspira decoruri moderne:<\/p>\n<table border=\"1\">\n<tr>\n<th>Tendin\u0163\u0103<\/th>\n<th>Descriere<\/th>\n<\/tr>\n<tr>\n<td>Culori \u00eendr\u0103zne\u021be<\/td>\n<td>Utilizarea culorilor vii face ca stilul s\u0103 fie interesant \u0219i plin de energie.<\/td>\n<\/tr>\n<tr>\n<td>Relaxeaz\u0103-te \u0219i relaxeaz\u0103-te<\/td>\n<td>Costumele confec\u021bionate din materiale flexibile asigur\u0103 confort pentru purtarea de zi cu zi.<\/td>\n<\/tr>\n<tr>\n<td>Ad\u0103ugarea de accesorii<\/td>\n<td>Accesoriile alese cu grij\u0103, precum curelele sau bijuteriile, schimb\u0103 caracterul \u00eentregii \u021binute.<\/td>\n<\/tr>\n<\/table>\n<h2>Rezumat<\/h2>\n<p>Costumele de dam\u0103 sunt o pies\u0103 vestimentar\u0103 extrem de versatil\u0103, care poate fi purtat\u0103 \u00een multe situa\u021bii. Datorit\u0103 variet\u0103\u021bii de stiluri \u0219i tendin\u021belor actuale, acestea pot fi purtate cu succes at\u00e2t la ocazii formale, c\u00e2t \u0219i casual. Ne pot sublinia personalitatea \u0219i ne pot da \u00eencredere \u00een sine \u00een orice circumstan\u021be. Indiferent de materialele sau modelele alese, este important ca costumul s\u0103 se potriveasc\u0103 bine \u0219i s\u0103 fie confortabil. Inspir\u0103-te din ideile prezentate \u0219i creeaz\u0103-\u021bi propriile stiluri unice!<\/p>\n<h2>\u00centreb\u0103ri frecvente<\/h2>\n<ul>\n<li><strong>Este un costum de dam\u0103 potrivit pentru purtarea de zi cu zi?<\/strong> Da, costumul poate fi purtat zilnic dac\u0103 \u00eel asortezi cu accesorii mai pu\u021bin formale.<\/li>\n<li><strong>Ce accesorii se potrivesc cu costumul?<\/strong> Gen\u021bile clasice, tocurile \u00eenalte \u0219i bijuteriile \u00een culori discrete vor fi ideale.<\/li>\n<li><strong>Pot purta costum de baie vara?<\/strong> Desigur, aleg\u00e2nd materiale mai u\u0219oare, costumul poate fi o alegere excelent\u0103 pentru zilele de var\u0103.<\/li>\n<li><strong>Ce culori de costume de baie sunt la mod\u0103 acum?<\/strong> Tendin\u021bele se schimb\u0103, dar \u00een prezent sunt populare culorile str\u0103lucitoare \u0219i pastelate, precum \u0219i culorile \u00eendr\u0103zne\u021be, saturate.<\/li>\n<li><strong>Se potrive\u0219te un costum de baie pentru femei oric\u0103rei siluete?<\/strong> Da, trebuie doar s\u0103 alegi croiala \u0219i stilul potrivit al costumului pentru a eviden\u021bia atuurile siluetei tale.<\/li>\n<\/ul>","protected":false},"excerpt":{"rendered":"<p>Kostiumy damskie to niezwykle uniwersalny element garderoby, kt\u00f3ry zyskuje na popularno\u015bci nie tylko w kontek\u015bcie formalnych wydarze\u0144, ale tak\u017ce w codziennym \u017cyciu. Warto zatem zastanowi\u0107 si\u0119, jak i kiedy najlepiej je nosi\u0107, aby podkre\u015bli\u0107 sw\u00f3j styl oraz charakter. W artykule przybli\u017cymy r\u00f3\u017cnorodne okazje oraz inspiracje do stylizacji, kt\u00f3re w pe\u0142ni wykorzystaj\u0105 potencja\u0142 kostium\u00f3w. Odkryjmy razem [&hellip;]<\/p>","protected":false},"author":1,"featured_media":221,"comment_status":"closed","ping_status":"closed","sticky":false,"template":"","format":"standard","meta":{"_acf_changed":false,"footnotes":""},"categories":[1],"tags":[],"class_list":["post-246","post","type-post","status-publish","format-standard","has-post-thumbnail","hentry","category-blog"],"acf":[],"yoast_head":"<!-- This site is optimized with the Yoast SEO plugin v23.2 - https:\/\/yoast.com\/wordpress\/plugins\/seo\/ -->\n<title>Kiedy nosi\u0107 kostiumy damskie? Odkryj ich wszechstronno\u015b\u0107 w stylizacjach na ka\u017cd\u0105 okazj\u0119!<\/title>\n<meta name=\"description\" content=\"Dowiedz si\u0119, kiedy i jak nosi\u0107 kostiumy damskie nie tylko na oficjalne okazje. Odkryj trendy i inspiracje!\" \/>\n<meta name=\"robots\" content=\"index, follow, max-snippet:-1, max-image-preview:large, max-video-preview:-1\" \/>\n<link rel=\"canonical\" href=\"https:\/\/proclim.com.pl\/ro\/kiedy-nosic-kostiumy-damskie-nie-tylko-na-oficjalne-okazje\/\" \/>\n<meta property=\"og:locale\" content=\"ro_RO\" \/>\n<meta property=\"og:type\" content=\"article\" \/>\n<meta property=\"og:title\" content=\"Kiedy nosi\u0107 kostiumy damskie? Odkryj ich wszechstronno\u015b\u0107 w stylizacjach na ka\u017cd\u0105 okazj\u0119!\" \/>\n<meta property=\"og:description\" content=\"Dowiedz si\u0119, kiedy i jak nosi\u0107 kostiumy damskie nie tylko na oficjalne okazje. Odkryj trendy i inspiracje!\" \/>\n<meta property=\"og:url\" content=\"https:\/\/proclim.com.pl\/ro\/kiedy-nosic-kostiumy-damskie-nie-tylko-na-oficjalne-okazje\/\" \/>\n<meta property=\"og:site_name\" content=\"proclim.com.pl\" \/>\n<meta property=\"article:published_time\" content=\"2024-11-26T00:00:00+00:00\" \/>\n<meta property=\"og:image\" content=\"https:\/\/proclim.com.pl\/wp-content\/uploads\/2024\/11\/image3699cd8d1a8a48fb986f71bba07313c3.png\" \/>\n\t<meta property=\"og:image:width\" content=\"1024\" \/>\n\t<meta property=\"og:image:height\" content=\"768\" \/>\n\t<meta property=\"og:image:type\" content=\"image\/png\" \/>\n<meta name=\"author\" content=\"Urszula Jasi\u0144ska\" \/>\n<meta name=\"twitter:card\" content=\"summary_large_image\" \/>\n<meta name=\"twitter:label1\" content=\"Scris de\" \/>\n\t<meta name=\"twitter:data1\" content=\"Urszula Jasi\u0144ska\" \/>\n\t<meta name=\"twitter:label2\" content=\"Timp estimat pentru citire\" \/>\n\t<meta name=\"twitter:data2\" content=\"4 minute\" \/>\n<script type=\"application\/ld+json\" class=\"yoast-schema-graph\">{\"@context\":\"https:\/\/schema.org\",\"@graph\":[{\"@type\":\"WebPage\",\"@id\":\"https:\/\/proclim.com.pl\/kiedy-nosic-kostiumy-damskie-nie-tylko-na-oficjalne-okazje\/\",\"url\":\"https:\/\/proclim.com.pl\/kiedy-nosic-kostiumy-damskie-nie-tylko-na-oficjalne-okazje\/\",\"name\":\"Kiedy nosi\u0107 kostiumy damskie? Odkryj ich wszechstronno\u015b\u0107 w stylizacjach na ka\u017cd\u0105 okazj\u0119!\",\"isPartOf\":{\"@id\":\"https:\/\/proclim.com.pl\/#website\"},\"primaryImageOfPage\":{\"@id\":\"https:\/\/proclim.com.pl\/kiedy-nosic-kostiumy-damskie-nie-tylko-na-oficjalne-okazje\/#primaryimage\"},\"image\":{\"@id\":\"https:\/\/proclim.com.pl\/kiedy-nosic-kostiumy-damskie-nie-tylko-na-oficjalne-okazje\/#primaryimage\"},\"thumbnailUrl\":\"https:\/\/proclim.com.pl\/wp-content\/uploads\/2024\/11\/image3699cd8d1a8a48fb986f71bba07313c3.png\",\"datePublished\":\"2024-11-26T00:00:00+00:00\",\"dateModified\":\"2024-11-26T00:00:00+00:00\",\"author\":{\"@id\":\"https:\/\/proclim.com.pl\/#\/schema\/person\/45c676b6550e197bc729f915ffc429e0\"},\"description\":\"Dowiedz si\u0119, kiedy i jak nosi\u0107 kostiumy damskie nie tylko na oficjalne okazje. Odkryj trendy i inspiracje!\",\"breadcrumb\":{\"@id\":\"https:\/\/proclim.com.pl\/kiedy-nosic-kostiumy-damskie-nie-tylko-na-oficjalne-okazje\/#breadcrumb\"},\"inLanguage\":\"ro-RO\",\"potentialAction\":[{\"@type\":\"ReadAction\",\"target\":[\"https:\/\/proclim.com.pl\/kiedy-nosic-kostiumy-damskie-nie-tylko-na-oficjalne-okazje\/\"]}]},{\"@type\":\"ImageObject\",\"inLanguage\":\"ro-RO\",\"@id\":\"https:\/\/proclim.com.pl\/kiedy-nosic-kostiumy-damskie-nie-tylko-na-oficjalne-okazje\/#primaryimage\",\"url\":\"https:\/\/proclim.com.pl\/wp-content\/uploads\/2024\/11\/image3699cd8d1a8a48fb986f71bba07313c3.png\",\"contentUrl\":\"https:\/\/proclim.com.pl\/wp-content\/uploads\/2024\/11\/image3699cd8d1a8a48fb986f71bba07313c3.png\",\"width\":1024,\"height\":768},{\"@type\":\"BreadcrumbList\",\"@id\":\"https:\/\/proclim.com.pl\/kiedy-nosic-kostiumy-damskie-nie-tylko-na-oficjalne-okazje\/#breadcrumb\",\"itemListElement\":[{\"@type\":\"ListItem\",\"position\":1,\"name\":\"Home\",\"item\":\"https:\/\/proclim.com.pl\/\"},{\"@type\":\"ListItem\",\"position\":2,\"name\":\"Kiedy nosi\u0107 kostiumy damskie? Nie tylko na oficjalne okazje!\"}]},{\"@type\":\"WebSite\",\"@id\":\"https:\/\/proclim.com.pl\/#website\",\"url\":\"https:\/\/proclim.com.pl\/\",\"name\":\"proclim.com.pl\",\"description\":\"Organizer na perfumy: porz\u0105dek i styl w jednym miejscu.\",\"potentialAction\":[{\"@type\":\"SearchAction\",\"target\":{\"@type\":\"EntryPoint\",\"urlTemplate\":\"https:\/\/proclim.com.pl\/?s={search_term_string}\"},\"query-input\":\"required name=search_term_string\"}],\"inLanguage\":\"ro-RO\"},{\"@type\":\"Person\",\"@id\":\"https:\/\/proclim.com.pl\/#\/schema\/person\/45c676b6550e197bc729f915ffc429e0\",\"name\":\"Urszula Jasi\u0144ska\",\"image\":{\"@type\":\"ImageObject\",\"inLanguage\":\"ro-RO\",\"@id\":\"https:\/\/proclim.com.pl\/#\/schema\/person\/image\/\",\"url\":\"https:\/\/proclim.com.pl\/wp-content\/uploads\/2025\/02\/jdtygnenjz1_ad_avatar-96x96.jpg\",\"contentUrl\":\"https:\/\/proclim.com.pl\/wp-content\/uploads\/2025\/02\/jdtygnenjz1_ad_avatar-96x96.jpg\",\"caption\":\"Urszula Jasi\u0144ska\"},\"description\":\"Jestem Urszula Jasi\u0144ska, pasjonatka mody z wieloletnim do\u015bwiadczeniem w projektowaniu i stylizacji. Pracowa\u0142am z r\u00f3\u017cnymi markami, a tak\u017ce prowadz\u0119 bloga, na kt\u00f3rym dziel\u0119 si\u0119 swoimi spostrze\u017ceniami. Moim celem jest pomaganie innym w odnalezieniu w\u0142asnego stylu, zach\u0119cam do eksperymentowania z kolorami i krojami.\",\"url\":\"https:\/\/proclim.com.pl\/ro\/author\/urszula-jasinska\/\"}]}<\/script>\n<!-- \/ Yoast SEO plugin. -->","yoast_head_json":{"title":"Kiedy nosi\u0107 kostiumy damskie? Odkryj ich wszechstronno\u015b\u0107 w stylizacjach na ka\u017cd\u0105 okazj\u0119!","description":"Dowiedz si\u0119, kiedy i jak nosi\u0107 kostiumy damskie nie tylko na oficjalne okazje. Odkryj trendy i inspiracje!","robots":{"index":"index","follow":"follow","max-snippet":"max-snippet:-1","max-image-preview":"max-image-preview:large","max-video-preview":"max-video-preview:-1"},"canonical":"https:\/\/proclim.com.pl\/ro\/kiedy-nosic-kostiumy-damskie-nie-tylko-na-oficjalne-okazje\/","og_locale":"ro_RO","og_type":"article","og_title":"Kiedy nosi\u0107 kostiumy damskie? Odkryj ich wszechstronno\u015b\u0107 w stylizacjach na ka\u017cd\u0105 okazj\u0119!","og_description":"Dowiedz si\u0119, kiedy i jak nosi\u0107 kostiumy damskie nie tylko na oficjalne okazje. Odkryj trendy i inspiracje!","og_url":"https:\/\/proclim.com.pl\/ro\/kiedy-nosic-kostiumy-damskie-nie-tylko-na-oficjalne-okazje\/","og_site_name":"proclim.com.pl","article_published_time":"2024-11-26T00:00:00+00:00","og_image":[{"width":1024,"height":768,"url":"https:\/\/proclim.com.pl\/wp-content\/uploads\/2024\/11\/image3699cd8d1a8a48fb986f71bba07313c3.png","type":"image\/png"}],"author":"Urszula Jasi\u0144ska","twitter_card":"summary_large_image","twitter_misc":{"Scris de":"Urszula Jasi\u0144ska","Timp estimat pentru citire":"4 minute"},"schema":{"@context":"https:\/\/schema.org","@graph":[{"@type":"WebPage","@id":"https:\/\/proclim.com.pl\/kiedy-nosic-kostiumy-damskie-nie-tylko-na-oficjalne-okazje\/","url":"https:\/\/proclim.com.pl\/kiedy-nosic-kostiumy-damskie-nie-tylko-na-oficjalne-okazje\/","name":"Kiedy nosi\u0107 kostiumy damskie? Odkryj ich wszechstronno\u015b\u0107 w stylizacjach na ka\u017cd\u0105 okazj\u0119!","isPartOf":{"@id":"https:\/\/proclim.com.pl\/#website"},"primaryImageOfPage":{"@id":"https:\/\/proclim.com.pl\/kiedy-nosic-kostiumy-damskie-nie-tylko-na-oficjalne-okazje\/#primaryimage"},"image":{"@id":"https:\/\/proclim.com.pl\/kiedy-nosic-kostiumy-damskie-nie-tylko-na-oficjalne-okazje\/#primaryimage"},"thumbnailUrl":"https:\/\/proclim.com.pl\/wp-content\/uploads\/2024\/11\/image3699cd8d1a8a48fb986f71bba07313c3.png","datePublished":"2024-11-26T00:00:00+00:00","dateModified":"2024-11-26T00:00:00+00:00","author":{"@id":"https:\/\/proclim.com.pl\/#\/schema\/person\/45c676b6550e197bc729f915ffc429e0"},"description":"Dowiedz si\u0119, kiedy i jak nosi\u0107 kostiumy damskie nie tylko na oficjalne okazje. Odkryj trendy i inspiracje!","breadcrumb":{"@id":"https:\/\/proclim.com.pl\/kiedy-nosic-kostiumy-damskie-nie-tylko-na-oficjalne-okazje\/#breadcrumb"},"inLanguage":"ro-RO","potentialAction":[{"@type":"ReadAction","target":["https:\/\/proclim.com.pl\/kiedy-nosic-kostiumy-damskie-nie-tylko-na-oficjalne-okazje\/"]}]},{"@type":"ImageObject","inLanguage":"ro-RO","@id":"https:\/\/proclim.com.pl\/kiedy-nosic-kostiumy-damskie-nie-tylko-na-oficjalne-okazje\/#primaryimage","url":"https:\/\/proclim.com.pl\/wp-content\/uploads\/2024\/11\/image3699cd8d1a8a48fb986f71bba07313c3.png","contentUrl":"https:\/\/proclim.com.pl\/wp-content\/uploads\/2024\/11\/image3699cd8d1a8a48fb986f71bba07313c3.png","width":1024,"height":768},{"@type":"BreadcrumbList","@id":"https:\/\/proclim.com.pl\/kiedy-nosic-kostiumy-damskie-nie-tylko-na-oficjalne-okazje\/#breadcrumb","itemListElement":[{"@type":"ListItem","position":1,"name":"Home","item":"https:\/\/proclim.com.pl\/"},{"@type":"ListItem","position":2,"name":"Kiedy nosi\u0107 kostiumy damskie? Nie tylko na oficjalne okazje!"}]},{"@type":"WebSite","@id":"https:\/\/proclim.com.pl\/#website","url":"https:\/\/proclim.com.pl\/","name":"proclim.com.pl","description":"Organizer na perfumy: porz\u0105dek i styl w jednym miejscu.","potentialAction":[{"@type":"SearchAction","target":{"@type":"EntryPoint","urlTemplate":"https:\/\/proclim.com.pl\/?s={search_term_string}"},"query-input":"required name=search_term_string"}],"inLanguage":"ro-RO"},{"@type":"Person","@id":"https:\/\/proclim.com.pl\/#\/schema\/person\/45c676b6550e197bc729f915ffc429e0","name":"Urszula Jasi\u0144ska","image":{"@type":"ImageObject","inLanguage":"ro-RO","@id":"https:\/\/proclim.com.pl\/#\/schema\/person\/image\/","url":"https:\/\/proclim.com.pl\/wp-content\/uploads\/2025\/02\/jdtygnenjz1_ad_avatar-96x96.jpg","contentUrl":"https:\/\/proclim.com.pl\/wp-content\/uploads\/2025\/02\/jdtygnenjz1_ad_avatar-96x96.jpg","caption":"Urszula Jasi\u0144ska"},"description":"Jestem Urszula Jasi\u0144ska, pasjonatka mody z wieloletnim do\u015bwiadczeniem w projektowaniu i stylizacji. Pracowa\u0142am z r\u00f3\u017cnymi markami, a tak\u017ce prowadz\u0119 bloga, na kt\u00f3rym dziel\u0119 si\u0119 swoimi spostrze\u017ceniami. Moim celem jest pomaganie innym w odnalezieniu w\u0142asnego stylu, zach\u0119cam do eksperymentowania z kolorami i krojami.","url":"https:\/\/proclim.com.pl\/ro\/author\/urszula-jasinska\/"}]}},"yoast_meta":{"yoast_wpseo_title":"","yoast_wpseo_metadesc":"","yoast_wpseo_canonical":"https:\/\/proclim.com.pl\/ro\/wp-json\/wp\/v2\/posts\/246"},"_links":{"self":[{"href":"https:\/\/proclim.com.pl\/ro\/wp-json\/wp\/v2\/posts\/246"}],"collection":[{"href":"https:\/\/proclim.com.pl\/ro\/wp-json\/wp\/v2\/posts"}],"about":[{"href":"https:\/\/proclim.com.pl\/ro\/wp-json\/wp\/v2\/types\/post"}],"author":[{"embeddable":true,"href":"https:\/\/proclim.com.pl\/ro\/wp-json\/wp\/v2\/users\/1"}],"replies":[{"embeddable":true,"href":"https:\/\/proclim.com.pl\/ro\/wp-json\/wp\/v2\/comments?post=246"}],"version-history":[{"count":1,"href":"https:\/\/proclim.com.pl\/ro\/wp-json\/wp\/v2\/posts\/246\/revisions"}],"predecessor-version":[{"id":257,"href":"https:\/\/proclim.com.pl\/ro\/wp-json\/wp\/v2\/posts\/246\/revisions\/257"}],"wp:featuredmedia":[{"embeddable":true,"href":"https:\/\/proclim.com.pl\/ro\/wp-json\/wp\/v2\/media\/221"}],"wp:attachment":[{"href":"https:\/\/proclim.com.pl\/ro\/wp-json\/wp\/v2\/media?parent=246"}],"wp:term":[{"taxonomy":"category","embeddable":true,"href":"https:\/\/proclim.com.pl\/ro\/wp-json\/wp\/v2\/categories?post=246"},{"taxonomy":"post_tag","embeddable":true,"href":"https:\/\/proclim.com.pl\/ro\/wp-json\/wp\/v2\/tags?post=246"}],"curies":[{"name":"wp","href":"https:\/\/api.w.org\/{rel}","templated":true}]}}