{"id":238,"date":"2024-11-27T00:00:00","date_gmt":"2024-11-27T00:00:00","guid":{"rendered":"https:\/\/proclim.com.pl\/?p=238"},"modified":"2024-11-27T00:00:00","modified_gmt":"2024-11-27T00:00:00","slug":"trampki-do-garnituru-hit-czy-modowe-faux-pas-rozstrzygamy","status":"publish","type":"post","link":"https:\/\/proclim.com.pl\/ro\/trampki-do-garnituru-hit-czy-modowe-faux-pas-rozstrzygamy\/","title":{"rendered":"Teni\u0219i cu un costum \u2013 un hit sau o gaf\u0103 la mod\u0103? Noi decidem!"},"content":{"rendered":"<div class=\"kk-star-ratings kksr-auto kksr-align-left kksr-valign-top\"\n    data-payload='{&quot;align&quot;:&quot;left&quot;,&quot;id&quot;:&quot;238&quot;,&quot;slug&quot;:&quot;default&quot;,&quot;valign&quot;:&quot;top&quot;,&quot;ignore&quot;:&quot;&quot;,&quot;reference&quot;:&quot;auto&quot;,&quot;class&quot;:&quot;&quot;,&quot;count&quot;:&quot;0&quot;,&quot;legendonly&quot;:&quot;&quot;,&quot;readonly&quot;:&quot;&quot;,&quot;score&quot;:&quot;0&quot;,&quot;starsonly&quot;:&quot;&quot;,&quot;best&quot;:&quot;5&quot;,&quot;gap&quot;:&quot;5&quot;,&quot;greet&quot;:&quot;&quot;,&quot;legend&quot;:&quot;0\\\/5 - (0 votes)&quot;,&quot;size&quot;:&quot;24&quot;,&quot;title&quot;:&quot;Trampki do garnituru \u2013 hit czy modowe faux-pas? Rozstrzygamy!&quot;,&quot;width&quot;:&quot;0&quot;,&quot;_legend&quot;:&quot;{score}\\\/{best} - ({count} {votes})&quot;,&quot;font_factor&quot;:&quot;1.25&quot;}'>\n            \n<div class=\"kksr-stars\">\n    \n<div class=\"kksr-stars-inactive\">\n            <div class=\"kksr-star\" data-star=\"1\" style=\"padding-right: 5px\">\n            \n\n<div class=\"kksr-icon\" style=\"width: 24px; height: 24px;\"><\/div>\n        <\/div>\n            <div class=\"kksr-star\" data-star=\"2\" style=\"padding-right: 5px\">\n            \n\n<div class=\"kksr-icon\" style=\"width: 24px; height: 24px;\"><\/div>\n        <\/div>\n            <div class=\"kksr-star\" data-star=\"3\" style=\"padding-right: 5px\">\n            \n\n<div class=\"kksr-icon\" style=\"width: 24px; height: 24px;\"><\/div>\n        <\/div>\n            <div class=\"kksr-star\" data-star=\"4\" style=\"padding-right: 5px\">\n            \n\n<div class=\"kksr-icon\" style=\"width: 24px; height: 24px;\"><\/div>\n        <\/div>\n            <div class=\"kksr-star\" data-star=\"5\" style=\"padding-right: 5px\">\n            \n\n<div class=\"kksr-icon\" style=\"width: 24px; height: 24px;\"><\/div>\n        <\/div>\n    <\/div>\n    \n<div class=\"kksr-stars-active\" style=\"width: 0px;\">\n            <div class=\"kksr-star\" style=\"padding-right: 5px\">\n            \n\n<div class=\"kksr-icon\" style=\"width: 24px; height: 24px;\"><\/div>\n        <\/div>\n            <div class=\"kksr-star\" style=\"padding-right: 5px\">\n            \n\n<div class=\"kksr-icon\" style=\"width: 24px; height: 24px;\"><\/div>\n        <\/div>\n            <div class=\"kksr-star\" style=\"padding-right: 5px\">\n            \n\n<div class=\"kksr-icon\" style=\"width: 24px; height: 24px;\"><\/div>\n        <\/div>\n            <div class=\"kksr-star\" style=\"padding-right: 5px\">\n            \n\n<div class=\"kksr-icon\" style=\"width: 24px; height: 24px;\"><\/div>\n        <\/div>\n            <div class=\"kksr-star\" style=\"padding-right: 5px\">\n            \n\n<div class=\"kksr-icon\" style=\"width: 24px; height: 24px;\"><\/div>\n        <\/div>\n    <\/div>\n<\/div>\n                \n\n<div class=\"kksr-legend\" style=\"font-size: 19.2px;\">\n            <span class=\"kksr-muted\"><\/span>\n    <\/div>\n    <\/div>\n<p>\u00centr-o er\u0103 \u00een care se estompeaz\u0103 grani\u021bele dintre stilul casual \u0219i cel elegant, combina\u021bia dintre adida\u0219i \u0219i un costum introduce o nou\u0103 calitate \u00een lumea modei. Ne-am obi\u0219nuit cu faptul c\u0103 un costum este sinonim cu formalitatea, iar pantofii sport se poart\u0103 doar pe teren sau \u00een parc. C\u00e2nd combin\u0103m aceste dou\u0103 elemente clasice, mul\u021bi oameni se \u00eentreab\u0103 dac\u0103 este posibil s\u0103 combinem cu \u00eendr\u0103zneal\u0103 aceste stiluri diferite. R\u0103spunsul este da, dar cheia succesului este s\u0103 combini cu abilitate ambele lumi. S\u0103 arunc\u0103m o privire mai atent\u0103 asupra istoriei adida\u0219ilor, a rolului lor \u00een mod\u0103 \u0219i a regulilor de purtare a acestora la un costum.<\/p>\n<p>Ast\u0103zi, hainele care odinioar\u0103 p\u0103reau a fi norma \u00een alte contexte \u00eencep s\u0103 c\u00e2\u0219tige popularitate ca o op\u021biune mai \u00eendr\u0103znea\u021b\u0103 pentru cei care doresc s\u0103-\u0219i exprime individualitatea. Merit\u0103 s\u0103 cuno\u0219ti c\u00e2teva reguli de baz\u0103 care te vor ajuta s\u0103 creezi stilul perfect, dar \u0219i s\u0103 afli pove\u0219tile despre cum adida\u0219ii au rezistat testului timpului \u0219i au c\u00e2\u0219tigat recunoa\u0219tere. Prin urmare, \u00eenainte de a ne decide asupra acestui experiment \u00een materie de mod\u0103, haide\u021bi s\u0103 verific\u0103m ce putem \u0219ti despre acest fenomen acum.<\/p>\n<h2>Istoria adida\u0219ilor \u00een moda elegant\u0103<\/h2>\n<p><img decoding=\"async\" alt=\"M\u0119\u017cczyzna siedzi w galerii sztuki, w tle rozmawiaj\u0105ce osoby, skupienie na bia\u0142ych butach.\" src=\"https:\/\/proclim.com.pl\/wp-content\/uploads\/2024\/11\/image57d757777f7745a2b51b8dd0c82ea1d5.png\"\/><\/p>\n<p>Pantofii sport, cunoscu\u021bi \u0219i sub denumirea de sneakers, au c\u00e2\u0219tigat popularitate \u00een secolul al XX-lea, pe m\u0103sur\u0103 ce sportul \u0219i moda au \u00eenceput s\u0103 se \u00eembine semnificativ. Scopul lor ini\u021bial era legat de activitatea fizic\u0103 \u0219i recreere, lucru care ast\u0103zi pare de neconceput \u00een contextul costumelor. Pe m\u0103sur\u0103 ce anii au trecut, adida\u0219ii au \u00eenceput s\u0103 apar\u0103 pe podiumuri, iar simbolismul lor a \u00eenceput s\u0103 evolueze.<\/p>\n<ul>\n<li>Cre\u0219terea popularit\u0103\u021bii \u021binutelor de strad\u0103, care a perturbat codurile vestimentare tradi\u021bionale,<\/li>\n<li>Promovarea stilurilor casual de c\u0103tre influenceri \u0219i celebrit\u0103\u021bi,<\/li>\n<li>Implicarea m\u0103rcilor \u00een produc\u021bia de versiuni elegante de adida\u0219i.<\/li>\n<\/ul>\n<h2>De ce au devenit o tendin\u021b\u0103 adida\u0219ii cu costume?<\/h2>\n<p>Teni\u0219ii asorta\u021bi cu un costum au devenit un fenomen datorit\u0103 versatilit\u0103\u021bii \u0219i disponibilit\u0103\u021bii lor. Pia\u021ba modei arat\u0103 c\u00e2t de diverse sunt modelele de pantofi sport care pot completa o \u021binut\u0103 elegant\u0103. Un astfel de amestec introduce nu numai prospe\u021bime pe pia\u021b\u0103, ci subliniaz\u0103 \u0219i individualitatea fiec\u0103rei persoane. Merit\u0103 s\u0103 acord\u0103m aten\u021bie c\u00e2torva factori cheie care determin\u0103 aceast\u0103 tendin\u021b\u0103.<\/p>\n<ul>\n<li>Confortul \u0219i libertatea de mi\u0219care, esen\u021biale \u00een via\u021ba de zi cu zi,<\/li>\n<li>Capacitatea de a \u00eenc\u0103lca normele tradi\u021bionale ale modei,<\/li>\n<li>Rec\u0103p\u0103tarea stilului personal \u0219i a creativit\u0103\u021bii \u00een styling.<\/li>\n<\/ul>\n<h2>Cum s\u0103 por\u021bi adida\u0219i cu un costum?<\/h2>\n<p>Alegerea pantofilor sport potrivi\u021bi este cheia succesului, precum \u0219i un alt pas c\u0103tre atingerea statutului de guru al modei. Pentru a crea un \u00eentreg armonios, merit\u0103 s\u0103 acorda\u021bi aten\u021bie materialelor, culorilor \u0219i stilurilor. Mai jos este un tabel \u00een care ve\u021bi g\u0103si cele mai bune combina\u021bii pentru crearea unei \u021binute cu adida\u0219i \u0219i un costum.<\/p>\n<table border=\"1\">\n<tr>\n<th>Tipul costumului<\/th>\n<th>Adida\u0219i potrivi\u021bi<\/th>\n<th>Culori de luat \u00een considerare<\/th>\n<\/tr>\n<tr>\n<td>Casual<\/td>\n<td>Teni\u0219i albi, modele sport<\/td>\n<td>Bej, albastru marin, m\u0103sliniu<\/td>\n<\/tr>\n<tr>\n<td>Formal<\/td>\n<td>Adida\u0219i minimalisti<\/td>\n<td>Negru, gri, bleumarin \u00eenchis<\/td>\n<\/tr>\n<tr>\n<td>Un amestec de stiluri<\/td>\n<td>Adida\u0219i \u00een diferite culori<\/td>\n<td>Combina\u021bii contrastante<\/td>\n<\/tr>\n<\/table>\n<h2>Rezumat<\/h2>\n<p>Aranjarea \u021binutei cu adida\u0219i poate aduce rezultate nea\u0219teptate dac\u0103 te g\u00e2nde\u0219ti bine \u0219i o alegi cu aten\u021bie. Lumea contemporan\u0103 a modei aduce noi provoc\u0103ri \u0219i ne arat\u0103 noi modalit\u0103\u021bi de a ne exprima personalitatea. Este esen\u021bial ca fiecare stil s\u0103 reflecte stilul nostru individual \u0219i sensibilitatea la tendin\u021bele modei. La urma urmei, moda este art\u0103, iar fiecare dintre noi are dreptul s\u0103 fie propriul artist. S\u0103 fie adida\u0219ii doar un element din paleta noastr\u0103 de mod\u0103.<\/p>\n<h2>\u00centreb\u0103ri frecvente<\/h2>\n<ul>\n<li><strong>Sunt pantofii sport potrivi\u021bi pentru ocazii formale?<\/strong> Nu, adida\u0219ii vor fi o alegere mai bun\u0103 pentru evenimente mai pu\u021bin formale.<\/li>\n<li><strong>Ce culori de adida\u0219i se potrivesc cel mai bine cu un costum?<\/strong> Albul, negrul sau culorile discrete se potrivesc bine cu majoritatea costumelor.<\/li>\n<li><strong>Po\u021bi purta adida\u0219i cu orice tip de costum?<\/strong> Nu orice costum este potrivit pentru adida\u0219i; merit\u0103 s\u0103 alegi unele mai casual.<\/li>\n<li><strong>Ce accesorii suplimentare se potrivesc cu adida\u0219ii \u0219i un costum?<\/strong> Ceasuri elegante, rucsacuri sau gen\u021bi minimaliste \u0219i c\u0103m\u0103\u0219i casual.<\/li>\n<li><strong>Unde este cel mai bun loc pentru a cump\u0103ra adida\u0219i asorta\u021bi cu un costum?<\/strong> Merit\u0103 s\u0103 vizita\u021bi at\u00e2t magazinele de papet\u0103rie, c\u00e2t \u0219i cele online pentru a g\u0103si modelul perfect.<\/li>\n<\/ul>","protected":false},"excerpt":{"rendered":"<p>W dobie zacierania si\u0119 granic mi\u0119dzy stylem casualowym a eleganckim, po\u0142\u0105czenie trampk\u00f3w i garnituru wprowadza now\u0105 jako\u015b\u0107 do modowego \u015bwiata. Przyzwyczaili\u015bmy si\u0119, \u017ce garnitur to synonim formalno\u015bci, a trampki zabrane s\u0105 jedynie na boisko czy do parku. Serwuj\u0105c zestawienie tych dw\u00f3ch, klasycznych element\u00f3w, wiele os\u00f3b zastanawia si\u0119, czy mo\u017cna \u015bmia\u0142o \u0142\u0105czy\u0107 te r\u00f3\u017cne style. Odpowied\u017a [&hellip;]<\/p>","protected":false},"author":1,"featured_media":198,"comment_status":"closed","ping_status":"closed","sticky":false,"template":"","format":"standard","meta":{"_acf_changed":false,"footnotes":""},"categories":[1],"tags":[],"class_list":["post-238","post","type-post","status-publish","format-standard","has-post-thumbnail","hentry","category-blog"],"acf":[],"yoast_head":"<!-- This site is optimized with the Yoast SEO plugin v23.2 - https:\/\/yoast.com\/wordpress\/plugins\/seo\/ -->\n<title>Trampki do garnituru \u2013 hit czy modowe faux-pas? Odkrywamy tajniki nowoczesnych stylizacji!<\/title>\n<meta name=\"description\" content=\"Dowiedz si\u0119, czy trampki do garnituru to modowy hit, czy faux-pas. Odkryj zasady stylizacji i poznaj najlepsze \u0142\u0105czenia!\" \/>\n<meta name=\"robots\" content=\"index, follow, max-snippet:-1, max-image-preview:large, max-video-preview:-1\" \/>\n<link rel=\"canonical\" href=\"https:\/\/proclim.com.pl\/ro\/trampki-do-garnituru-hit-czy-modowe-faux-pas-rozstrzygamy\/\" \/>\n<meta property=\"og:locale\" content=\"ro_RO\" \/>\n<meta property=\"og:type\" content=\"article\" \/>\n<meta property=\"og:title\" content=\"Trampki do garnituru \u2013 hit czy modowe faux-pas? Odkrywamy tajniki nowoczesnych stylizacji!\" \/>\n<meta property=\"og:description\" content=\"Dowiedz si\u0119, czy trampki do garnituru to modowy hit, czy faux-pas. Odkryj zasady stylizacji i poznaj najlepsze \u0142\u0105czenia!\" \/>\n<meta property=\"og:url\" content=\"https:\/\/proclim.com.pl\/ro\/trampki-do-garnituru-hit-czy-modowe-faux-pas-rozstrzygamy\/\" \/>\n<meta property=\"og:site_name\" content=\"proclim.com.pl\" \/>\n<meta property=\"article:published_time\" content=\"2024-11-27T00:00:00+00:00\" \/>\n<meta property=\"og:image\" content=\"https:\/\/proclim.com.pl\/wp-content\/uploads\/2024\/11\/image5274e685047c447996a11cf21e5c1720.png\" \/>\n\t<meta property=\"og:image:width\" content=\"1024\" \/>\n\t<meta property=\"og:image:height\" content=\"768\" \/>\n\t<meta property=\"og:image:type\" content=\"image\/png\" \/>\n<meta name=\"author\" content=\"Urszula Jasi\u0144ska\" \/>\n<meta name=\"twitter:card\" content=\"summary_large_image\" \/>\n<meta name=\"twitter:label1\" content=\"Scris de\" \/>\n\t<meta name=\"twitter:data1\" content=\"Urszula Jasi\u0144ska\" \/>\n\t<meta name=\"twitter:label2\" content=\"Timp estimat pentru citire\" \/>\n\t<meta name=\"twitter:data2\" content=\"3 minute\" \/>\n<script type=\"application\/ld+json\" class=\"yoast-schema-graph\">{\"@context\":\"https:\/\/schema.org\",\"@graph\":[{\"@type\":\"WebPage\",\"@id\":\"https:\/\/proclim.com.pl\/trampki-do-garnituru-hit-czy-modowe-faux-pas-rozstrzygamy\/\",\"url\":\"https:\/\/proclim.com.pl\/trampki-do-garnituru-hit-czy-modowe-faux-pas-rozstrzygamy\/\",\"name\":\"Trampki do garnituru \u2013 hit czy modowe faux-pas? Odkrywamy tajniki nowoczesnych stylizacji!\",\"isPartOf\":{\"@id\":\"https:\/\/proclim.com.pl\/#website\"},\"primaryImageOfPage\":{\"@id\":\"https:\/\/proclim.com.pl\/trampki-do-garnituru-hit-czy-modowe-faux-pas-rozstrzygamy\/#primaryimage\"},\"image\":{\"@id\":\"https:\/\/proclim.com.pl\/trampki-do-garnituru-hit-czy-modowe-faux-pas-rozstrzygamy\/#primaryimage\"},\"thumbnailUrl\":\"https:\/\/proclim.com.pl\/wp-content\/uploads\/2024\/11\/image5274e685047c447996a11cf21e5c1720.png\",\"datePublished\":\"2024-11-27T00:00:00+00:00\",\"dateModified\":\"2024-11-27T00:00:00+00:00\",\"author\":{\"@id\":\"https:\/\/proclim.com.pl\/#\/schema\/person\/45c676b6550e197bc729f915ffc429e0\"},\"description\":\"Dowiedz si\u0119, czy trampki do garnituru to modowy hit, czy faux-pas. Odkryj zasady stylizacji i poznaj najlepsze \u0142\u0105czenia!\",\"breadcrumb\":{\"@id\":\"https:\/\/proclim.com.pl\/trampki-do-garnituru-hit-czy-modowe-faux-pas-rozstrzygamy\/#breadcrumb\"},\"inLanguage\":\"ro-RO\",\"potentialAction\":[{\"@type\":\"ReadAction\",\"target\":[\"https:\/\/proclim.com.pl\/trampki-do-garnituru-hit-czy-modowe-faux-pas-rozstrzygamy\/\"]}]},{\"@type\":\"ImageObject\",\"inLanguage\":\"ro-RO\",\"@id\":\"https:\/\/proclim.com.pl\/trampki-do-garnituru-hit-czy-modowe-faux-pas-rozstrzygamy\/#primaryimage\",\"url\":\"https:\/\/proclim.com.pl\/wp-content\/uploads\/2024\/11\/image5274e685047c447996a11cf21e5c1720.png\",\"contentUrl\":\"https:\/\/proclim.com.pl\/wp-content\/uploads\/2024\/11\/image5274e685047c447996a11cf21e5c1720.png\",\"width\":1024,\"height\":768},{\"@type\":\"BreadcrumbList\",\"@id\":\"https:\/\/proclim.com.pl\/trampki-do-garnituru-hit-czy-modowe-faux-pas-rozstrzygamy\/#breadcrumb\",\"itemListElement\":[{\"@type\":\"ListItem\",\"position\":1,\"name\":\"Home\",\"item\":\"https:\/\/proclim.com.pl\/\"},{\"@type\":\"ListItem\",\"position\":2,\"name\":\"Trampki do garnituru \u2013 hit czy modowe faux-pas? Rozstrzygamy!\"}]},{\"@type\":\"WebSite\",\"@id\":\"https:\/\/proclim.com.pl\/#website\",\"url\":\"https:\/\/proclim.com.pl\/\",\"name\":\"proclim.com.pl\",\"description\":\"Organizer na perfumy: porz\u0105dek i styl w jednym miejscu.\",\"potentialAction\":[{\"@type\":\"SearchAction\",\"target\":{\"@type\":\"EntryPoint\",\"urlTemplate\":\"https:\/\/proclim.com.pl\/?s={search_term_string}\"},\"query-input\":\"required name=search_term_string\"}],\"inLanguage\":\"ro-RO\"},{\"@type\":\"Person\",\"@id\":\"https:\/\/proclim.com.pl\/#\/schema\/person\/45c676b6550e197bc729f915ffc429e0\",\"name\":\"Urszula Jasi\u0144ska\",\"image\":{\"@type\":\"ImageObject\",\"inLanguage\":\"ro-RO\",\"@id\":\"https:\/\/proclim.com.pl\/#\/schema\/person\/image\/\",\"url\":\"https:\/\/proclim.com.pl\/wp-content\/uploads\/2025\/02\/jdtygnenjz1_ad_avatar-96x96.jpg\",\"contentUrl\":\"https:\/\/proclim.com.pl\/wp-content\/uploads\/2025\/02\/jdtygnenjz1_ad_avatar-96x96.jpg\",\"caption\":\"Urszula Jasi\u0144ska\"},\"description\":\"Jestem Urszula Jasi\u0144ska, pasjonatka mody z wieloletnim do\u015bwiadczeniem w projektowaniu i stylizacji. Pracowa\u0142am z r\u00f3\u017cnymi markami, a tak\u017ce prowadz\u0119 bloga, na kt\u00f3rym dziel\u0119 si\u0119 swoimi spostrze\u017ceniami. Moim celem jest pomaganie innym w odnalezieniu w\u0142asnego stylu, zach\u0119cam do eksperymentowania z kolorami i krojami.\",\"url\":\"https:\/\/proclim.com.pl\/ro\/author\/urszula-jasinska\/\"}]}<\/script>\n<!-- \/ Yoast SEO plugin. -->","yoast_head_json":{"title":"Trampki do garnituru \u2013 hit czy modowe faux-pas? Odkrywamy tajniki nowoczesnych stylizacji!","description":"Dowiedz si\u0119, czy trampki do garnituru to modowy hit, czy faux-pas. Odkryj zasady stylizacji i poznaj najlepsze \u0142\u0105czenia!","robots":{"index":"index","follow":"follow","max-snippet":"max-snippet:-1","max-image-preview":"max-image-preview:large","max-video-preview":"max-video-preview:-1"},"canonical":"https:\/\/proclim.com.pl\/ro\/trampki-do-garnituru-hit-czy-modowe-faux-pas-rozstrzygamy\/","og_locale":"ro_RO","og_type":"article","og_title":"Trampki do garnituru \u2013 hit czy modowe faux-pas? Odkrywamy tajniki nowoczesnych stylizacji!","og_description":"Dowiedz si\u0119, czy trampki do garnituru to modowy hit, czy faux-pas. Odkryj zasady stylizacji i poznaj najlepsze \u0142\u0105czenia!","og_url":"https:\/\/proclim.com.pl\/ro\/trampki-do-garnituru-hit-czy-modowe-faux-pas-rozstrzygamy\/","og_site_name":"proclim.com.pl","article_published_time":"2024-11-27T00:00:00+00:00","og_image":[{"width":1024,"height":768,"url":"https:\/\/proclim.com.pl\/wp-content\/uploads\/2024\/11\/image5274e685047c447996a11cf21e5c1720.png","type":"image\/png"}],"author":"Urszula Jasi\u0144ska","twitter_card":"summary_large_image","twitter_misc":{"Scris de":"Urszula Jasi\u0144ska","Timp estimat pentru citire":"3 minute"},"schema":{"@context":"https:\/\/schema.org","@graph":[{"@type":"WebPage","@id":"https:\/\/proclim.com.pl\/trampki-do-garnituru-hit-czy-modowe-faux-pas-rozstrzygamy\/","url":"https:\/\/proclim.com.pl\/trampki-do-garnituru-hit-czy-modowe-faux-pas-rozstrzygamy\/","name":"Trampki do garnituru \u2013 hit czy modowe faux-pas? Odkrywamy tajniki nowoczesnych stylizacji!","isPartOf":{"@id":"https:\/\/proclim.com.pl\/#website"},"primaryImageOfPage":{"@id":"https:\/\/proclim.com.pl\/trampki-do-garnituru-hit-czy-modowe-faux-pas-rozstrzygamy\/#primaryimage"},"image":{"@id":"https:\/\/proclim.com.pl\/trampki-do-garnituru-hit-czy-modowe-faux-pas-rozstrzygamy\/#primaryimage"},"thumbnailUrl":"https:\/\/proclim.com.pl\/wp-content\/uploads\/2024\/11\/image5274e685047c447996a11cf21e5c1720.png","datePublished":"2024-11-27T00:00:00+00:00","dateModified":"2024-11-27T00:00:00+00:00","author":{"@id":"https:\/\/proclim.com.pl\/#\/schema\/person\/45c676b6550e197bc729f915ffc429e0"},"description":"Dowiedz si\u0119, czy trampki do garnituru to modowy hit, czy faux-pas. Odkryj zasady stylizacji i poznaj najlepsze \u0142\u0105czenia!","breadcrumb":{"@id":"https:\/\/proclim.com.pl\/trampki-do-garnituru-hit-czy-modowe-faux-pas-rozstrzygamy\/#breadcrumb"},"inLanguage":"ro-RO","potentialAction":[{"@type":"ReadAction","target":["https:\/\/proclim.com.pl\/trampki-do-garnituru-hit-czy-modowe-faux-pas-rozstrzygamy\/"]}]},{"@type":"ImageObject","inLanguage":"ro-RO","@id":"https:\/\/proclim.com.pl\/trampki-do-garnituru-hit-czy-modowe-faux-pas-rozstrzygamy\/#primaryimage","url":"https:\/\/proclim.com.pl\/wp-content\/uploads\/2024\/11\/image5274e685047c447996a11cf21e5c1720.png","contentUrl":"https:\/\/proclim.com.pl\/wp-content\/uploads\/2024\/11\/image5274e685047c447996a11cf21e5c1720.png","width":1024,"height":768},{"@type":"BreadcrumbList","@id":"https:\/\/proclim.com.pl\/trampki-do-garnituru-hit-czy-modowe-faux-pas-rozstrzygamy\/#breadcrumb","itemListElement":[{"@type":"ListItem","position":1,"name":"Home","item":"https:\/\/proclim.com.pl\/"},{"@type":"ListItem","position":2,"name":"Trampki do garnituru \u2013 hit czy modowe faux-pas? Rozstrzygamy!"}]},{"@type":"WebSite","@id":"https:\/\/proclim.com.pl\/#website","url":"https:\/\/proclim.com.pl\/","name":"proclim.com.pl","description":"Organizer na perfumy: porz\u0105dek i styl w jednym miejscu.","potentialAction":[{"@type":"SearchAction","target":{"@type":"EntryPoint","urlTemplate":"https:\/\/proclim.com.pl\/?s={search_term_string}"},"query-input":"required name=search_term_string"}],"inLanguage":"ro-RO"},{"@type":"Person","@id":"https:\/\/proclim.com.pl\/#\/schema\/person\/45c676b6550e197bc729f915ffc429e0","name":"Urszula Jasi\u0144ska","image":{"@type":"ImageObject","inLanguage":"ro-RO","@id":"https:\/\/proclim.com.pl\/#\/schema\/person\/image\/","url":"https:\/\/proclim.com.pl\/wp-content\/uploads\/2025\/02\/jdtygnenjz1_ad_avatar-96x96.jpg","contentUrl":"https:\/\/proclim.com.pl\/wp-content\/uploads\/2025\/02\/jdtygnenjz1_ad_avatar-96x96.jpg","caption":"Urszula Jasi\u0144ska"},"description":"Jestem Urszula Jasi\u0144ska, pasjonatka mody z wieloletnim do\u015bwiadczeniem w projektowaniu i stylizacji. Pracowa\u0142am z r\u00f3\u017cnymi markami, a tak\u017ce prowadz\u0119 bloga, na kt\u00f3rym dziel\u0119 si\u0119 swoimi spostrze\u017ceniami. Moim celem jest pomaganie innym w odnalezieniu w\u0142asnego stylu, zach\u0119cam do eksperymentowania z kolorami i krojami.","url":"https:\/\/proclim.com.pl\/ro\/author\/urszula-jasinska\/"}]}},"yoast_meta":{"yoast_wpseo_title":"","yoast_wpseo_metadesc":"","yoast_wpseo_canonical":"https:\/\/proclim.com.pl\/ro\/wp-json\/wp\/v2\/posts\/238"},"_links":{"self":[{"href":"https:\/\/proclim.com.pl\/ro\/wp-json\/wp\/v2\/posts\/238"}],"collection":[{"href":"https:\/\/proclim.com.pl\/ro\/wp-json\/wp\/v2\/posts"}],"about":[{"href":"https:\/\/proclim.com.pl\/ro\/wp-json\/wp\/v2\/types\/post"}],"author":[{"embeddable":true,"href":"https:\/\/proclim.com.pl\/ro\/wp-json\/wp\/v2\/users\/1"}],"replies":[{"embeddable":true,"href":"https:\/\/proclim.com.pl\/ro\/wp-json\/wp\/v2\/comments?post=238"}],"version-history":[{"count":1,"href":"https:\/\/proclim.com.pl\/ro\/wp-json\/wp\/v2\/posts\/238\/revisions"}],"predecessor-version":[{"id":264,"href":"https:\/\/proclim.com.pl\/ro\/wp-json\/wp\/v2\/posts\/238\/revisions\/264"}],"wp:featuredmedia":[{"embeddable":true,"href":"https:\/\/proclim.com.pl\/ro\/wp-json\/wp\/v2\/media\/198"}],"wp:attachment":[{"href":"https:\/\/proclim.com.pl\/ro\/wp-json\/wp\/v2\/media?parent=238"}],"wp:term":[{"taxonomy":"category","embeddable":true,"href":"https:\/\/proclim.com.pl\/ro\/wp-json\/wp\/v2\/categories?post=238"},{"taxonomy":"post_tag","embeddable":true,"href":"https:\/\/proclim.com.pl\/ro\/wp-json\/wp\/v2\/tags?post=238"}],"curies":[{"name":"wp","href":"https:\/\/api.w.org\/{rel}","templated":true}]}}