{"id":166,"date":"2024-10-17T00:00:00","date_gmt":"2024-10-16T23:00:00","guid":{"rendered":"https:\/\/proclim.com.pl\/?p=166"},"modified":"2024-10-17T00:00:00","modified_gmt":"2024-10-16T23:00:00","slug":"zorganizowane-kosmetyki-jak-ulatwic-sobie-codzienna-rutyne","status":"publish","type":"post","link":"https:\/\/proclim.com.pl\/ro\/zorganizowane-kosmetyki-jak-ulatwic-sobie-codzienna-rutyne\/","title":{"rendered":"Cosmetice organizate: Cum s\u0103-\u021bi faci rutina zilnic\u0103 mai u\u0219oar\u0103?"},"content":{"rendered":"<div class=\"kk-star-ratings kksr-auto kksr-align-left kksr-valign-top\"\n    data-payload='{&quot;align&quot;:&quot;left&quot;,&quot;id&quot;:&quot;166&quot;,&quot;slug&quot;:&quot;default&quot;,&quot;valign&quot;:&quot;top&quot;,&quot;ignore&quot;:&quot;&quot;,&quot;reference&quot;:&quot;auto&quot;,&quot;class&quot;:&quot;&quot;,&quot;count&quot;:&quot;0&quot;,&quot;legendonly&quot;:&quot;&quot;,&quot;readonly&quot;:&quot;&quot;,&quot;score&quot;:&quot;0&quot;,&quot;starsonly&quot;:&quot;&quot;,&quot;best&quot;:&quot;5&quot;,&quot;gap&quot;:&quot;5&quot;,&quot;greet&quot;:&quot;&quot;,&quot;legend&quot;:&quot;0\\\/5 - (0 votes)&quot;,&quot;size&quot;:&quot;24&quot;,&quot;title&quot;:&quot;Zorganizowane kosmetyki: jak u\u0142atwi\u0107 sobie codzienn\u0105 rutyn\u0119?&quot;,&quot;width&quot;:&quot;0&quot;,&quot;_legend&quot;:&quot;{score}\\\/{best} - ({count} {votes})&quot;,&quot;font_factor&quot;:&quot;1.25&quot;}'>\n            \n<div class=\"kksr-stars\">\n    \n<div class=\"kksr-stars-inactive\">\n            <div class=\"kksr-star\" data-star=\"1\" style=\"padding-right: 5px\">\n            \n\n<div class=\"kksr-icon\" style=\"width: 24px; height: 24px;\"><\/div>\n        <\/div>\n            <div class=\"kksr-star\" data-star=\"2\" style=\"padding-right: 5px\">\n            \n\n<div class=\"kksr-icon\" style=\"width: 24px; height: 24px;\"><\/div>\n        <\/div>\n            <div class=\"kksr-star\" data-star=\"3\" style=\"padding-right: 5px\">\n            \n\n<div class=\"kksr-icon\" style=\"width: 24px; height: 24px;\"><\/div>\n        <\/div>\n            <div class=\"kksr-star\" data-star=\"4\" style=\"padding-right: 5px\">\n            \n\n<div class=\"kksr-icon\" style=\"width: 24px; height: 24px;\"><\/div>\n        <\/div>\n            <div class=\"kksr-star\" data-star=\"5\" style=\"padding-right: 5px\">\n            \n\n<div class=\"kksr-icon\" style=\"width: 24px; height: 24px;\"><\/div>\n        <\/div>\n    <\/div>\n    \n<div class=\"kksr-stars-active\" style=\"width: 0px;\">\n            <div class=\"kksr-star\" style=\"padding-right: 5px\">\n            \n\n<div class=\"kksr-icon\" style=\"width: 24px; height: 24px;\"><\/div>\n        <\/div>\n            <div class=\"kksr-star\" style=\"padding-right: 5px\">\n            \n\n<div class=\"kksr-icon\" style=\"width: 24px; height: 24px;\"><\/div>\n        <\/div>\n            <div class=\"kksr-star\" style=\"padding-right: 5px\">\n            \n\n<div class=\"kksr-icon\" style=\"width: 24px; height: 24px;\"><\/div>\n        <\/div>\n            <div class=\"kksr-star\" style=\"padding-right: 5px\">\n            \n\n<div class=\"kksr-icon\" style=\"width: 24px; height: 24px;\"><\/div>\n        <\/div>\n            <div class=\"kksr-star\" style=\"padding-right: 5px\">\n            \n\n<div class=\"kksr-icon\" style=\"width: 24px; height: 24px;\"><\/div>\n        <\/div>\n    <\/div>\n<\/div>\n                \n\n<div class=\"kksr-legend\" style=\"font-size: 19.2px;\">\n            <span class=\"kksr-muted\"><\/span>\n    <\/div>\n    <\/div>\n<p>Organizarea cosmeticelor este un element cheie care \u00ee\u021bi poate simplifica semnificativ rutina zilnic\u0103 de frumuse\u021be. \u00cen fiecare zi petrecem timp c\u0103ut\u00e2nd produse de machiaj sau de \u00eengrijire a pielii, ceea ce duce adesea la frustrare. De aceea, merit\u0103 s\u0103 ne acord\u0103m un moment pentru a ne organiza cosmeticele, astfel \u00eenc\u00e2t s\u0103 avem totul la \u00eendem\u00e2n\u0103. Un loc bine organizat pentru cosmetice nu numai c\u0103 economise\u0219te timp, dar ne afecteaz\u0103 \u0219i bun\u0103starea. Urm\u0103torul articol te va ajuta s\u0103 \u00een\u021belegi cum s\u0103-\u021bi organizezi produsele cosmetice \u0219i ce beneficii decurg din asta. Folosirea unor tehnici simple de organizare \u00ee\u021bi va transforma dimine\u021bile \u00eentr-o pl\u0103cere.<\/p>\n<h2>De ce merit\u0103 s\u0103 organizezi cosmeticele?<\/h2>\n<p><img decoding=\"async\" alt=\"Kosmetyki do piel\u0119gnacji sk\u00f3ry na blacie z ro\u015blinami w tle.\" src=\"https:\/\/proclim.com.pl\/wp-content\/uploads\/2024\/10\/image4c2a461b34a24d7aa833182d8059e08b.png\"\/><\/p>\n<h3>Beneficiile unui spa\u021biu ordonat<\/h3>\n<p>Unul dintre principalele motive pentru a investi timp \u00een organizarea cosmeticelor este cre\u0219terea eficien\u021bei \u00een aplicarea machiajului \u00een fiecare zi. Un spa\u021biu organizat v\u0103 permite s\u0103 g\u0103si\u021bi mai rapid produsele de care ave\u021bi nevoie, ceea ce scurteaz\u0103 semnificativ timpul de preg\u0103tire. \u00cen plus, un spa\u021biu organizat afecteaz\u0103 estetica, ceea ce este extrem de important, mai ales atunci c\u00e2nd baia sau ma\u0219ina de toalet\u0103 este vizibil\u0103 pentru oaspe\u021bi. Reducerea timpului petrecut c\u0103ut\u00e2nd machiaj diminea\u021ba poate avea multe beneficii. Economisirea timpului este doar unul dintre numeroasele beneficii, deoarece o mai bun\u0103 organizare ajut\u0103 \u0219i la evitarea stresului inutil. Haosul din jurul t\u0103u poate p\u0103rea cople\u0219itor, a\u0219a c\u0103 merit\u0103 s\u0103 investe\u0219ti timp \u00eentr-o organizare atent\u0103.<\/p>\n<h3>Reducerea stresului<\/h3>\n<p>Ordinea \u00een cosmetic\u0103 se traduce prin confort mental, lucru extrem de important \u00een lumea de ast\u0103zi plin\u0103 de stimuli. C\u00e2nd avem totul \u00een ordine, ne sim\u021bim mai relaxa\u021bi \u0219i concentra\u021bi asupra activit\u0103\u021bilor care ne ofer\u0103 pl\u0103cere. A sim\u021bi mai pu\u021bin haos \u00een baie \u00eenseamn\u0103 a te sim\u021bi mult mai bine \u0219i a fi mai preg\u0103tit pentru ac\u021biune. A fi \u00eentr-un mediu controlat promoveaz\u0103 \u0219i creativitatea \u2013 putem experimenta cu machiajul f\u0103r\u0103 nicio piedic\u0103. Merit\u0103 s\u0103 iei \u00een considerare reorganizarea spa\u021biului de depozitare a cosmeticelor pentru a le utiliza la \u00eentregul lor poten\u021bial. \u00cengrijirea regulat\u0103 a cosmeticelor tale va contribui nu doar la o mai bun\u0103 stare de bine, ci \u0219i la un stil de via\u021b\u0103 mai organizat.<\/p>\n<h2>Cum s\u0103 organizezi cosmeticele \u00een practic\u0103?<\/h2>\n<p><img decoding=\"async\" alt=\"Kosmetyki i p\u0119dzle do makija\u017cu na toaletce, odbijaj\u0105ce si\u0119 w okr\u0105g\u0142ym lustrze.\" src=\"https:\/\/proclim.com.pl\/wp-content\/uploads\/2024\/10\/image5a7ba416ebb04b99b778e4887b074f8f.png\"\/><\/p>\n<h3>Evaluarea produselor pe care le ave\u021bi<\/h3>\n<p>\u00cenainte de a \u00eencepe organizarea, merit\u0103 s\u0103 \u00eencepi prin a analiza toate cosmeticele pe care le ai. F\u0103 o list\u0103 cu produsele pe care le consideri esen\u021biale \u0219i cu cele care nu au fost folosite de mult timp. Scap\u0103 de produsele cosmetice expirate este crucial\u0103, deoarece utilizarea lor poate fi d\u0103un\u0103toare pielii. Inspec\u021bia trebuie efectuat\u0103 periodic, de ex. la fiecare c\u00e2teva luni, pentru a te bucura doar de produse proaspete \u0219i utile. De asemenea, merit\u0103 s\u0103 ne g\u00e2ndim care produse sunt cele mai practice zilnic \u0219i la care revenim cel mai des. Datorit\u0103 acestui fapt, vom crea spa\u021biu doar pentru cosmeticele care chiar func\u021bioneaz\u0103.<\/p>\n<h3>Clasificarea produselor cosmetice<\/h3>\n<p>Urm\u0103torul pas \u00een organizarea cosmeticelor este clasificarea lor dup\u0103 func\u021bie \u0219i utilizare. Cosmeticele pot fi \u00eemp\u0103r\u021bite \u00een mai multe grupe principale, cum ar fi \u00eengrijirea facial\u0103, \u00eengrijirea corporal\u0103, machiajul \u0219i accesoriile. Aceast\u0103 structur\u0103 ne face mult mai u\u0219oar\u0103 g\u0103sirea lucrurilor \u00een uzul zilnic. De asemenea, merit\u0103 s\u0103 crea\u021bi etichete clare, astfel \u00eenc\u00e2t fiecare categorie s\u0103 fie imediat recognoscibil\u0103. Pute\u021bi folosi diferite culori sau simboluri pentru a cre\u0219te claritatea. Acest sistem permite, de asemenea, persoanelor care utilizeaz\u0103 produse cosmetice, de exemplu familiei sau prietenilor, s\u0103 \u00ee\u0219i organizeze mai bine \u0219ederea \u00een spa\u021biul dumneavoastr\u0103.<\/p>\n<h3>Alegerea containerelor \u0219i organizatoarelor potrivite<\/h3>\n<p>Alegerea recipientelor \u0219i organizatoarelor potrivite este un element cheie al organiz\u0103rii cosmeticelor. O analiz\u0103 a diferitelor tipuri de organizatoare v\u0103 va ajuta s\u0103 le g\u0103si\u021bi pe cele care se potrivesc cel mai bine stilului dumneavoastr\u0103 de via\u021b\u0103 \u0219i spa\u021biului. Exist\u0103 diverse op\u021biuni, cum ar fi co\u0219uri transparente, gen\u021bi pentru cosmetice \u0219i chiar organizatoare speciale de parfumuri care segmenteaz\u0103 eficient spa\u021biul. Este important s\u0103 alege\u021bi recipiente care s\u0103 fie nu doar estetice, ci \u0219i func\u021bionale. Punerea cosmeticelor \u00een organizatoare le face u\u0219or accesibile \u0219i pot fi sortate rapid. O astfel de ordine nu numai c\u0103 va face utilizarea cosmeticelor mai pl\u0103cut\u0103, dar va da \u0219i spa\u021biului t\u0103u un caracter diferit.<\/p>\n<h2>Men\u021binerea ordinii zilnic<\/h2>\n<h3>Cur\u0103\u021bare \u0219i inspec\u021bie regulat\u0103<\/h3>\n<p>Dup\u0103 reorganizare, merit\u0103 s\u0103 se ia \u00een considerare men\u021binerea ordinii pentru a nu reveni la stilul vechi, haotic. Cur\u0103\u021barea regulat\u0103 a produselor cosmetice \u0219i revizuirea lor la fiecare c\u00e2teva s\u0103pt\u0103m\u00e2ni v\u0103 vor permite s\u0103 identifica\u021bi ce este inutil. Merit\u0103 s\u0103 stabili\u021bi un program de cur\u0103\u021benie pentru a nu neglija aceast\u0103 problem\u0103. Acest plan v\u0103 va permite s\u0103 identifica\u021bi \u0219i s\u0103 elimina\u021bi rapid dezordinea pe m\u0103sur\u0103 ce produsele \u00eencep s\u0103 se acumuleze. De asemenea, po\u021bi introduce reguli simple, cum ar fi s\u0103 arunci c\u00e2te un produs pentru fiecare produs nou pe care \u00eel cumperi. Cu astfel de practici simple, nu numai c\u0103 vei r\u0103m\u00e2ne organizat, dar vei economisi \u0219i bani la achizi\u021bii inutile.<\/p>\n<h3>Obiceiuri care te ajut\u0103 s\u0103 r\u0103m\u00e2i organizat\/\u0103<\/h3>\n<p>Crearea unor obiceiuri care vor aduce o ordine permanent\u0103 \u00een rutina ta este esen\u021bial\u0103. Crearea unei rutine dup\u0103 utilizarea cosmeticelor va \u00eempiedica depozitarea lor \u00een locuri aleatorii. Decide unde vrei s\u0103 depozitezi anumite produse \u0219i \u00eencearc\u0103 s\u0103 le pui \u00eentotdeauna la loc dup\u0103 ce le folose\u0219ti. Depozitarea corect\u0103 a machiajului poate reduce \u0219ansele de mizerie \u00een viitor. Un exemplu ar fi ata\u0219area unor co\u0219ule\u021be mici sau a unor organizatoare pe rafturile unde v\u0103 \u021bine\u021bi cosmeticele. \u00cen acest fel, totul va fi mereu la locul lui, ajut\u00e2ndu-te s\u0103 evi\u021bi stresul \u0219i haosul din via\u021ba de zi cu zi.<\/p>\n<h2>Aplicarea tehnologiei \u00een organizarea produselor cosmetice<\/h2>\n<h3>Aplica\u021bii care sus\u021bin gestionarea produselor cosmetice<\/h3>\n<p>\u00cen era tehnologiei moderne, merit\u0103 s\u0103 folosi\u021bi aplica\u021bii de gestionare a cosmeticelor care pot facilita organizarea. Unele dintre aceste aplica\u021bii v\u0103 permit s\u0103 v\u0103 documenta\u021bi stocul de cosmetice \u0219i s\u0103 v\u0103 reaminteasc\u0103 c\u00e2nd acestea sunt pe cale s\u0103 expire. Aplica\u021biile e\u0219antion includ func\u021bii care v\u0103 permit s\u0103 ad\u0103uga\u021bi fotografii cu produsele dvs. \u0219i note despre efectele acestora. Aceast\u0103 abordare inovatoare poate contribui la un control mai bun asupra bunurilor pe care le de\u021binem. De asemenea, merit\u0103 s\u0103 acorzi aten\u021bie aplica\u021biilor care \u00ee\u021bi permit s\u0103 urm\u0103re\u0219ti utilizarea cosmeticelor, ceea ce poate fi util pentru a \u00een\u021belege ce produse folose\u0219ti cu adev\u0103rat. \u00centr-o baie plin\u0103 de cosmetice, tehnologia devine aliatul nostru.<\/p>\n<h3>Utilizarea re\u021belelor sociale<\/h3>\n<p>Nu putem uita de inspira\u021bia care vine de pe re\u021belele de socializare. Platforme precum Instagram \u0219i Pinterest sunt pline de idei de organizare a produselor cosmetice. Po\u021bi g\u0103si amenaj\u0103ri interesante ale spa\u021biului care te vor ajuta s\u0103-\u021bi organizezi mai bine cosmeticele. Unele profiluri ofer\u0103 sfaturi valoroase de la al\u021bi utilizatori, care pot fi utile \u00een via\u021ba de zi cu zi. Exploreaz\u0103 unele dintre cele mai populare tendin\u021be de organizare \u0219i adapteaz\u0103-le nevoilor tale. \u00cen acest fel, vei crea solu\u021bii neobi\u0219nuite \u0219i func\u021bionale care vor face spa\u021biul t\u0103u unic \u0219i adaptat stilului t\u0103u.<\/p>\n<h2>Rezumat<\/h2>\n<p>Organizarea cosmeticelor nu este doar o modalitate de a-\u021bi gestiona rutina zilnic\u0103, ci \u0219i o modalitate de a crea un spa\u021biu \u00een care ne sim\u021bim confortabil \u0219i ferici\u021bi s\u0103 folosim produsele noastre. Cu tehnici organizatorice simple, ne putem cre\u0219te semnificativ eficien\u021ba, economisind timp \u0219i reduc\u00e2nd stresul. Revizuirea regulat\u0103 a produselor cosmetice, clasificarea lor \u0219i selectarea recipientelor adecvate fac din \u00eengrijirea zilnic\u0103 o pl\u0103cere. Tehnologia \u0219i inspira\u021bia din re\u021belele de socializare ne pot sprijini, de asemenea, \u00een c\u0103utarea ordinii perfecte. Merit\u0103 s\u0103 depui efortul de a crea un spa\u021biu estetic \u0219i func\u021bional pentru \u00eengrijirea zilnic\u0103, ceea ce se va traduce printr-o stare de bine mai bun\u0103 \u0219i o satisfac\u021bie sporit\u0103 \u00een urma utiliz\u0103rii produselor cosmetice.<\/p>\n<h2>\u00centreb\u0103ri frecvente<\/h2>\n<ol>\n<li><strong>C\u00e2t de des ar trebui s\u0103-mi revizuiesc produsele cosmetice?<\/strong><br \/>O inspec\u021bie regulat\u0103 la fiecare trei luni v\u0103 permite s\u0103 elimina\u021bi produsele expirate \u0219i s\u0103 le identifica\u021bi pe cele care nu mai sunt utilizate.<\/li>\n<li><strong>Ce recipiente sunt cele mai bune pentru depozitarea cosmeticelor?<\/strong><br \/>Cele mai bune op\u021biuni sunt recipientele transparente care v\u0103 permit s\u0103 vede\u021bi cu u\u0219urin\u021b\u0103 con\u021binutul \u0219i organizatoarele cu compartimente multiple.<\/li>\n<li><strong>Cum organizez cosmeticele pe care le port des cu mine?<\/strong><br \/>Folose\u0219te gen\u021bi mici de cosmetice sau organizatoare de c\u0103l\u0103torie pentru a \u021bine totul la \u00eendem\u00e2n\u0103, dar bine organizat.<\/li>\n<li><strong>Pot folosi vreo aplica\u021bie pentru a-mi urm\u0103ri produsele cosmetice?<\/strong><br \/>Da, exist\u0103 multe aplica\u021bii care \u00ee\u021bi permit s\u0103 monitorizezi stocul de cosmetice \u0219i s\u0103 \u00ee\u021bi reaminteasc\u0103 datele de expirare.<\/li>\n<li><strong>Ce s\u0103 fac cu cosmeticele pe care nu le folosesc?<\/strong><br \/>Lua\u021bi \u00een considerare donarea lor prietenilor, ad\u0103posturilor locale sau participarea la campanii caritabile.<\/li>\n<\/ol>","protected":false},"excerpt":{"rendered":"<p>Organizacja kosmetyk\u00f3w to kluczowy element, kt\u00f3ry mo\u017ce znacz\u0105co upro\u015bci\u0107 nasz\u0105 codzienn\u0105 rutyn\u0119 piel\u0119gnacyjn\u0105. Ka\u017cdego dnia sp\u0119dzamy czas na szukaniu produkt\u00f3w do makija\u017cu czy piel\u0119gnacji, co cz\u0119sto prowadzi do frustracji. Dlatego warto po\u015bwi\u0119ci\u0107 chwil\u0119 na zorganizowanie naszych kosmetyk\u00f3w, aby mie\u0107 wszystko na wyci\u0105gni\u0119cie r\u0119ki. Dobrze zorganizowane miejsce na kosmetyki nie tylko oszcz\u0119dza czas, ale r\u00f3wnie\u017c wp\u0142ywa [&hellip;]<\/p>","protected":false},"author":1,"featured_media":149,"comment_status":"closed","ping_status":"closed","sticky":false,"template":"","format":"standard","meta":{"_acf_changed":false,"footnotes":""},"categories":[1],"tags":[],"class_list":["post-166","post","type-post","status-publish","format-standard","has-post-thumbnail","hentry","category-blog"],"acf":[],"yoast_head":"<!-- This site is optimized with the Yoast SEO plugin v23.2 - https:\/\/yoast.com\/wordpress\/plugins\/seo\/ -->\n<title>Zorganizowane kosmetyki: Sposoby na u\u0142atwienie codziennej rutyny i redukcj\u0119 stresu<\/title>\n<meta name=\"description\" content=\"Odkryj, jak zorganizowa\u0107 kosmetyki, aby zaoszcz\u0119dzi\u0107 czas i zminimalizowa\u0107 chaos w codziennej piel\u0119gnacji.\" \/>\n<meta name=\"robots\" content=\"index, follow, max-snippet:-1, max-image-preview:large, max-video-preview:-1\" \/>\n<link rel=\"canonical\" href=\"https:\/\/proclim.com.pl\/ro\/zorganizowane-kosmetyki-jak-ulatwic-sobie-codzienna-rutyne\/\" \/>\n<meta property=\"og:locale\" content=\"ro_RO\" \/>\n<meta property=\"og:type\" content=\"article\" \/>\n<meta property=\"og:title\" content=\"Zorganizowane kosmetyki: Sposoby na u\u0142atwienie codziennej rutyny i redukcj\u0119 stresu\" \/>\n<meta property=\"og:description\" content=\"Odkryj, jak zorganizowa\u0107 kosmetyki, aby zaoszcz\u0119dzi\u0107 czas i zminimalizowa\u0107 chaos w codziennej piel\u0119gnacji.\" \/>\n<meta property=\"og:url\" content=\"https:\/\/proclim.com.pl\/ro\/zorganizowane-kosmetyki-jak-ulatwic-sobie-codzienna-rutyne\/\" \/>\n<meta property=\"og:site_name\" content=\"proclim.com.pl\" \/>\n<meta property=\"article:published_time\" content=\"2024-10-16T23:00:00+00:00\" \/>\n<meta property=\"og:image\" content=\"https:\/\/proclim.com.pl\/wp-content\/uploads\/2024\/10\/image91f78cc7c0b4406e9d04fb2d99db30db.png\" \/>\n\t<meta property=\"og:image:width\" content=\"1024\" \/>\n\t<meta property=\"og:image:height\" content=\"768\" \/>\n\t<meta property=\"og:image:type\" content=\"image\/png\" \/>\n<meta name=\"author\" content=\"Urszula Jasi\u0144ska\" \/>\n<meta name=\"twitter:card\" content=\"summary_large_image\" \/>\n<meta name=\"twitter:label1\" content=\"Scris de\" \/>\n\t<meta name=\"twitter:data1\" content=\"Urszula Jasi\u0144ska\" \/>\n\t<meta name=\"twitter:label2\" content=\"Timp estimat pentru citire\" \/>\n\t<meta name=\"twitter:data2\" content=\"7 minute\" \/>\n<script type=\"application\/ld+json\" class=\"yoast-schema-graph\">{\"@context\":\"https:\/\/schema.org\",\"@graph\":[{\"@type\":\"WebPage\",\"@id\":\"https:\/\/proclim.com.pl\/zorganizowane-kosmetyki-jak-ulatwic-sobie-codzienna-rutyne\/\",\"url\":\"https:\/\/proclim.com.pl\/zorganizowane-kosmetyki-jak-ulatwic-sobie-codzienna-rutyne\/\",\"name\":\"Zorganizowane kosmetyki: Sposoby na u\u0142atwienie codziennej rutyny i redukcj\u0119 stresu\",\"isPartOf\":{\"@id\":\"https:\/\/proclim.com.pl\/#website\"},\"primaryImageOfPage\":{\"@id\":\"https:\/\/proclim.com.pl\/zorganizowane-kosmetyki-jak-ulatwic-sobie-codzienna-rutyne\/#primaryimage\"},\"image\":{\"@id\":\"https:\/\/proclim.com.pl\/zorganizowane-kosmetyki-jak-ulatwic-sobie-codzienna-rutyne\/#primaryimage\"},\"thumbnailUrl\":\"https:\/\/proclim.com.pl\/wp-content\/uploads\/2024\/10\/image91f78cc7c0b4406e9d04fb2d99db30db.png\",\"datePublished\":\"2024-10-16T23:00:00+00:00\",\"dateModified\":\"2024-10-16T23:00:00+00:00\",\"author\":{\"@id\":\"https:\/\/proclim.com.pl\/#\/schema\/person\/45c676b6550e197bc729f915ffc429e0\"},\"description\":\"Odkryj, jak zorganizowa\u0107 kosmetyki, aby zaoszcz\u0119dzi\u0107 czas i zminimalizowa\u0107 chaos w codziennej piel\u0119gnacji.\",\"breadcrumb\":{\"@id\":\"https:\/\/proclim.com.pl\/zorganizowane-kosmetyki-jak-ulatwic-sobie-codzienna-rutyne\/#breadcrumb\"},\"inLanguage\":\"ro-RO\",\"potentialAction\":[{\"@type\":\"ReadAction\",\"target\":[\"https:\/\/proclim.com.pl\/zorganizowane-kosmetyki-jak-ulatwic-sobie-codzienna-rutyne\/\"]}]},{\"@type\":\"ImageObject\",\"inLanguage\":\"ro-RO\",\"@id\":\"https:\/\/proclim.com.pl\/zorganizowane-kosmetyki-jak-ulatwic-sobie-codzienna-rutyne\/#primaryimage\",\"url\":\"https:\/\/proclim.com.pl\/wp-content\/uploads\/2024\/10\/image91f78cc7c0b4406e9d04fb2d99db30db.png\",\"contentUrl\":\"https:\/\/proclim.com.pl\/wp-content\/uploads\/2024\/10\/image91f78cc7c0b4406e9d04fb2d99db30db.png\",\"width\":1024,\"height\":768},{\"@type\":\"BreadcrumbList\",\"@id\":\"https:\/\/proclim.com.pl\/zorganizowane-kosmetyki-jak-ulatwic-sobie-codzienna-rutyne\/#breadcrumb\",\"itemListElement\":[{\"@type\":\"ListItem\",\"position\":1,\"name\":\"Home\",\"item\":\"https:\/\/proclim.com.pl\/\"},{\"@type\":\"ListItem\",\"position\":2,\"name\":\"Zorganizowane kosmetyki: jak u\u0142atwi\u0107 sobie codzienn\u0105 rutyn\u0119?\"}]},{\"@type\":\"WebSite\",\"@id\":\"https:\/\/proclim.com.pl\/#website\",\"url\":\"https:\/\/proclim.com.pl\/\",\"name\":\"proclim.com.pl\",\"description\":\"Organizer na perfumy: porz\u0105dek i styl w jednym miejscu.\",\"potentialAction\":[{\"@type\":\"SearchAction\",\"target\":{\"@type\":\"EntryPoint\",\"urlTemplate\":\"https:\/\/proclim.com.pl\/?s={search_term_string}\"},\"query-input\":\"required name=search_term_string\"}],\"inLanguage\":\"ro-RO\"},{\"@type\":\"Person\",\"@id\":\"https:\/\/proclim.com.pl\/#\/schema\/person\/45c676b6550e197bc729f915ffc429e0\",\"name\":\"Urszula Jasi\u0144ska\",\"image\":{\"@type\":\"ImageObject\",\"inLanguage\":\"ro-RO\",\"@id\":\"https:\/\/proclim.com.pl\/#\/schema\/person\/image\/\",\"url\":\"https:\/\/proclim.com.pl\/wp-content\/uploads\/2025\/02\/jdtygnenjz1_ad_avatar-96x96.jpg\",\"contentUrl\":\"https:\/\/proclim.com.pl\/wp-content\/uploads\/2025\/02\/jdtygnenjz1_ad_avatar-96x96.jpg\",\"caption\":\"Urszula Jasi\u0144ska\"},\"description\":\"Jestem Urszula Jasi\u0144ska, pasjonatka mody z wieloletnim do\u015bwiadczeniem w projektowaniu i stylizacji. Pracowa\u0142am z r\u00f3\u017cnymi markami, a tak\u017ce prowadz\u0119 bloga, na kt\u00f3rym dziel\u0119 si\u0119 swoimi spostrze\u017ceniami. Moim celem jest pomaganie innym w odnalezieniu w\u0142asnego stylu, zach\u0119cam do eksperymentowania z kolorami i krojami.\",\"url\":\"https:\/\/proclim.com.pl\/ro\/author\/urszula-jasinska\/\"}]}<\/script>\n<!-- \/ Yoast SEO plugin. -->","yoast_head_json":{"title":"Zorganizowane kosmetyki: Sposoby na u\u0142atwienie codziennej rutyny i redukcj\u0119 stresu","description":"Odkryj, jak zorganizowa\u0107 kosmetyki, aby zaoszcz\u0119dzi\u0107 czas i zminimalizowa\u0107 chaos w codziennej piel\u0119gnacji.","robots":{"index":"index","follow":"follow","max-snippet":"max-snippet:-1","max-image-preview":"max-image-preview:large","max-video-preview":"max-video-preview:-1"},"canonical":"https:\/\/proclim.com.pl\/ro\/zorganizowane-kosmetyki-jak-ulatwic-sobie-codzienna-rutyne\/","og_locale":"ro_RO","og_type":"article","og_title":"Zorganizowane kosmetyki: Sposoby na u\u0142atwienie codziennej rutyny i redukcj\u0119 stresu","og_description":"Odkryj, jak zorganizowa\u0107 kosmetyki, aby zaoszcz\u0119dzi\u0107 czas i zminimalizowa\u0107 chaos w codziennej piel\u0119gnacji.","og_url":"https:\/\/proclim.com.pl\/ro\/zorganizowane-kosmetyki-jak-ulatwic-sobie-codzienna-rutyne\/","og_site_name":"proclim.com.pl","article_published_time":"2024-10-16T23:00:00+00:00","og_image":[{"width":1024,"height":768,"url":"https:\/\/proclim.com.pl\/wp-content\/uploads\/2024\/10\/image91f78cc7c0b4406e9d04fb2d99db30db.png","type":"image\/png"}],"author":"Urszula Jasi\u0144ska","twitter_card":"summary_large_image","twitter_misc":{"Scris de":"Urszula Jasi\u0144ska","Timp estimat pentru citire":"7 minute"},"schema":{"@context":"https:\/\/schema.org","@graph":[{"@type":"WebPage","@id":"https:\/\/proclim.com.pl\/zorganizowane-kosmetyki-jak-ulatwic-sobie-codzienna-rutyne\/","url":"https:\/\/proclim.com.pl\/zorganizowane-kosmetyki-jak-ulatwic-sobie-codzienna-rutyne\/","name":"Zorganizowane kosmetyki: Sposoby na u\u0142atwienie codziennej rutyny i redukcj\u0119 stresu","isPartOf":{"@id":"https:\/\/proclim.com.pl\/#website"},"primaryImageOfPage":{"@id":"https:\/\/proclim.com.pl\/zorganizowane-kosmetyki-jak-ulatwic-sobie-codzienna-rutyne\/#primaryimage"},"image":{"@id":"https:\/\/proclim.com.pl\/zorganizowane-kosmetyki-jak-ulatwic-sobie-codzienna-rutyne\/#primaryimage"},"thumbnailUrl":"https:\/\/proclim.com.pl\/wp-content\/uploads\/2024\/10\/image91f78cc7c0b4406e9d04fb2d99db30db.png","datePublished":"2024-10-16T23:00:00+00:00","dateModified":"2024-10-16T23:00:00+00:00","author":{"@id":"https:\/\/proclim.com.pl\/#\/schema\/person\/45c676b6550e197bc729f915ffc429e0"},"description":"Odkryj, jak zorganizowa\u0107 kosmetyki, aby zaoszcz\u0119dzi\u0107 czas i zminimalizowa\u0107 chaos w codziennej piel\u0119gnacji.","breadcrumb":{"@id":"https:\/\/proclim.com.pl\/zorganizowane-kosmetyki-jak-ulatwic-sobie-codzienna-rutyne\/#breadcrumb"},"inLanguage":"ro-RO","potentialAction":[{"@type":"ReadAction","target":["https:\/\/proclim.com.pl\/zorganizowane-kosmetyki-jak-ulatwic-sobie-codzienna-rutyne\/"]}]},{"@type":"ImageObject","inLanguage":"ro-RO","@id":"https:\/\/proclim.com.pl\/zorganizowane-kosmetyki-jak-ulatwic-sobie-codzienna-rutyne\/#primaryimage","url":"https:\/\/proclim.com.pl\/wp-content\/uploads\/2024\/10\/image91f78cc7c0b4406e9d04fb2d99db30db.png","contentUrl":"https:\/\/proclim.com.pl\/wp-content\/uploads\/2024\/10\/image91f78cc7c0b4406e9d04fb2d99db30db.png","width":1024,"height":768},{"@type":"BreadcrumbList","@id":"https:\/\/proclim.com.pl\/zorganizowane-kosmetyki-jak-ulatwic-sobie-codzienna-rutyne\/#breadcrumb","itemListElement":[{"@type":"ListItem","position":1,"name":"Home","item":"https:\/\/proclim.com.pl\/"},{"@type":"ListItem","position":2,"name":"Zorganizowane kosmetyki: jak u\u0142atwi\u0107 sobie codzienn\u0105 rutyn\u0119?"}]},{"@type":"WebSite","@id":"https:\/\/proclim.com.pl\/#website","url":"https:\/\/proclim.com.pl\/","name":"proclim.com.pl","description":"Organizer na perfumy: porz\u0105dek i styl w jednym miejscu.","potentialAction":[{"@type":"SearchAction","target":{"@type":"EntryPoint","urlTemplate":"https:\/\/proclim.com.pl\/?s={search_term_string}"},"query-input":"required name=search_term_string"}],"inLanguage":"ro-RO"},{"@type":"Person","@id":"https:\/\/proclim.com.pl\/#\/schema\/person\/45c676b6550e197bc729f915ffc429e0","name":"Urszula Jasi\u0144ska","image":{"@type":"ImageObject","inLanguage":"ro-RO","@id":"https:\/\/proclim.com.pl\/#\/schema\/person\/image\/","url":"https:\/\/proclim.com.pl\/wp-content\/uploads\/2025\/02\/jdtygnenjz1_ad_avatar-96x96.jpg","contentUrl":"https:\/\/proclim.com.pl\/wp-content\/uploads\/2025\/02\/jdtygnenjz1_ad_avatar-96x96.jpg","caption":"Urszula Jasi\u0144ska"},"description":"Jestem Urszula Jasi\u0144ska, pasjonatka mody z wieloletnim do\u015bwiadczeniem w projektowaniu i stylizacji. Pracowa\u0142am z r\u00f3\u017cnymi markami, a tak\u017ce prowadz\u0119 bloga, na kt\u00f3rym dziel\u0119 si\u0119 swoimi spostrze\u017ceniami. Moim celem jest pomaganie innym w odnalezieniu w\u0142asnego stylu, zach\u0119cam do eksperymentowania z kolorami i krojami.","url":"https:\/\/proclim.com.pl\/ro\/author\/urszula-jasinska\/"}]}},"yoast_meta":{"yoast_wpseo_title":"","yoast_wpseo_metadesc":"","yoast_wpseo_canonical":"https:\/\/proclim.com.pl\/ro\/wp-json\/wp\/v2\/posts\/166"},"_links":{"self":[{"href":"https:\/\/proclim.com.pl\/ro\/wp-json\/wp\/v2\/posts\/166"}],"collection":[{"href":"https:\/\/proclim.com.pl\/ro\/wp-json\/wp\/v2\/posts"}],"about":[{"href":"https:\/\/proclim.com.pl\/ro\/wp-json\/wp\/v2\/types\/post"}],"author":[{"embeddable":true,"href":"https:\/\/proclim.com.pl\/ro\/wp-json\/wp\/v2\/users\/1"}],"replies":[{"embeddable":true,"href":"https:\/\/proclim.com.pl\/ro\/wp-json\/wp\/v2\/comments?post=166"}],"version-history":[{"count":1,"href":"https:\/\/proclim.com.pl\/ro\/wp-json\/wp\/v2\/posts\/166\/revisions"}],"predecessor-version":[{"id":167,"href":"https:\/\/proclim.com.pl\/ro\/wp-json\/wp\/v2\/posts\/166\/revisions\/167"}],"wp:featuredmedia":[{"embeddable":true,"href":"https:\/\/proclim.com.pl\/ro\/wp-json\/wp\/v2\/media\/149"}],"wp:attachment":[{"href":"https:\/\/proclim.com.pl\/ro\/wp-json\/wp\/v2\/media?parent=166"}],"wp:term":[{"taxonomy":"category","embeddable":true,"href":"https:\/\/proclim.com.pl\/ro\/wp-json\/wp\/v2\/categories?post=166"},{"taxonomy":"post_tag","embeddable":true,"href":"https:\/\/proclim.com.pl\/ro\/wp-json\/wp\/v2\/tags?post=166"}],"curies":[{"name":"wp","href":"https:\/\/api.w.org\/{rel}","templated":true}]}}