{"id":165,"date":"2024-10-21T00:00:00","date_gmt":"2024-10-20T23:00:00","guid":{"rendered":"https:\/\/proclim.com.pl\/?p=165"},"modified":"2024-10-21T00:00:00","modified_gmt":"2024-10-20T23:00:00","slug":"jakie-akcesoria-ulatwia-ci-porzadkowanie-kosmetykow","status":"publish","type":"post","link":"https:\/\/proclim.com.pl\/ro\/jakie-akcesoria-ulatwia-ci-porzadkowanie-kosmetykow\/","title":{"rendered":"Ce accesorii te vor ajuta s\u0103-\u021bi organizezi cosmeticele?"},"content":{"rendered":"<div class=\"kk-star-ratings kksr-auto kksr-align-left kksr-valign-top\"\n    data-payload='{&quot;align&quot;:&quot;left&quot;,&quot;id&quot;:&quot;165&quot;,&quot;slug&quot;:&quot;default&quot;,&quot;valign&quot;:&quot;top&quot;,&quot;ignore&quot;:&quot;&quot;,&quot;reference&quot;:&quot;auto&quot;,&quot;class&quot;:&quot;&quot;,&quot;count&quot;:&quot;0&quot;,&quot;legendonly&quot;:&quot;&quot;,&quot;readonly&quot;:&quot;&quot;,&quot;score&quot;:&quot;0&quot;,&quot;starsonly&quot;:&quot;&quot;,&quot;best&quot;:&quot;5&quot;,&quot;gap&quot;:&quot;5&quot;,&quot;greet&quot;:&quot;&quot;,&quot;legend&quot;:&quot;0\\\/5 - (0 votes)&quot;,&quot;size&quot;:&quot;24&quot;,&quot;title&quot;:&quot;Jakie akcesoria u\u0142atwi\u0105 Ci porz\u0105dkowanie kosmetyk\u00f3w?&quot;,&quot;width&quot;:&quot;0&quot;,&quot;_legend&quot;:&quot;{score}\\\/{best} - ({count} {votes})&quot;,&quot;font_factor&quot;:&quot;1.25&quot;}'>\n            \n<div class=\"kksr-stars\">\n    \n<div class=\"kksr-stars-inactive\">\n            <div class=\"kksr-star\" data-star=\"1\" style=\"padding-right: 5px\">\n            \n\n<div class=\"kksr-icon\" style=\"width: 24px; height: 24px;\"><\/div>\n        <\/div>\n            <div class=\"kksr-star\" data-star=\"2\" style=\"padding-right: 5px\">\n            \n\n<div class=\"kksr-icon\" style=\"width: 24px; height: 24px;\"><\/div>\n        <\/div>\n            <div class=\"kksr-star\" data-star=\"3\" style=\"padding-right: 5px\">\n            \n\n<div class=\"kksr-icon\" style=\"width: 24px; height: 24px;\"><\/div>\n        <\/div>\n            <div class=\"kksr-star\" data-star=\"4\" style=\"padding-right: 5px\">\n            \n\n<div class=\"kksr-icon\" style=\"width: 24px; height: 24px;\"><\/div>\n        <\/div>\n            <div class=\"kksr-star\" data-star=\"5\" style=\"padding-right: 5px\">\n            \n\n<div class=\"kksr-icon\" style=\"width: 24px; height: 24px;\"><\/div>\n        <\/div>\n    <\/div>\n    \n<div class=\"kksr-stars-active\" style=\"width: 0px;\">\n            <div class=\"kksr-star\" style=\"padding-right: 5px\">\n            \n\n<div class=\"kksr-icon\" style=\"width: 24px; height: 24px;\"><\/div>\n        <\/div>\n            <div class=\"kksr-star\" style=\"padding-right: 5px\">\n            \n\n<div class=\"kksr-icon\" style=\"width: 24px; height: 24px;\"><\/div>\n        <\/div>\n            <div class=\"kksr-star\" style=\"padding-right: 5px\">\n            \n\n<div class=\"kksr-icon\" style=\"width: 24px; height: 24px;\"><\/div>\n        <\/div>\n            <div class=\"kksr-star\" style=\"padding-right: 5px\">\n            \n\n<div class=\"kksr-icon\" style=\"width: 24px; height: 24px;\"><\/div>\n        <\/div>\n            <div class=\"kksr-star\" style=\"padding-right: 5px\">\n            \n\n<div class=\"kksr-icon\" style=\"width: 24px; height: 24px;\"><\/div>\n        <\/div>\n    <\/div>\n<\/div>\n                \n\n<div class=\"kksr-legend\" style=\"font-size: 19.2px;\">\n            <span class=\"kksr-muted\"><\/span>\n    <\/div>\n    <\/div>\n<p>Organizarea cosmeticelor este un element cheie nu doar \u00een \u00eengrijirea zilnic\u0103 a frumuse\u021bii, ci \u0219i \u00een organizarea spa\u021biului \u00een care acestea sunt amplasate. \u00centr-un mediu haotic, este dificil s\u0103 g\u0103se\u0219ti produsul preferat, ceea ce duce adesea la frustrare. Merit\u0103 s\u0103 ave\u021bi grij\u0103 de accesoriile adecvate care vor face acest proces mai simplu \u0219i mai eficient. Datorit\u0103 lor, at\u00e2t \u00een baie, c\u00e2t \u0219i \u00een trusa cosmetic\u0103, pute\u021bi ob\u021bine un spa\u021biu mai mare \u0219i o vizibilitate mai bun\u0103. \u00cen acest articol, vom analiza ce accesorii te pot ajuta s\u0103-\u021bi organizezi cosmeticele \u0219i cum s\u0103 le folose\u0219ti. Fie c\u0103 sunt recipiente, umera\u0219e sau gen\u021bi pentru cosmetice \u2013 fiecare dintre aceste elemente are avantajele sale unice.<\/p>\n<h2>De ce este important\u0103 organizarea cosmeticelor?<\/h2>\n<p><img decoding=\"async\" alt=\"Kosmetyki i p\u0119dzle do makija\u017cu na eleganckiej tacy, przy ciep\u0142ym \u015bwietle.\" src=\"https:\/\/proclim.com.pl\/wp-content\/uploads\/2024\/10\/image68e73820a34f45b98c95b10964ada358.png\"\/><\/p>\n<h3>Beneficiile unui spa\u021biu ordonat<\/h3>\n<p>Un spa\u021biu organizat nu este doar estetic, ci \u0219i func\u021bional. Economisim timp \u00een timpul machiajului de zi cu zi, deoarece toate produsele necesare sunt la \u00eendem\u00e2n\u0103. Cre\u0219terea eficien\u021bei \u00een utilizarea cosmeticelor \u00eenseamn\u0103 c\u0103 se irosesc mai pu\u021bine produse, deoarece nu uit\u0103m de cele de la cap\u0103tul raftului. De asemenea, merit\u0103 men\u021bionat impactul pozitiv al ordinii asupra bun\u0103st\u0103rii noastre. Un loc bine organizat ne influen\u021beaz\u0103 motiva\u021bia \u0219i, \u00een consecin\u021b\u0103, disponibilitatea de a avea grij\u0103 de noi \u00een\u0219ine. Haosul poate duce la frustrare, care, la r\u00e2ndul s\u0103u, distruge bucuria de a folosi cosmetice.<\/p>\n<h3>Cum ne afecteaz\u0103 haosul via\u021ba de zi cu zi<\/h3>\n<p>Haosul \u00een materie de cosmetice poate fi stresant. Se \u00eent\u00e2mpl\u0103 adesea ca, \u00een grab\u0103, s\u0103 nu g\u0103sim cel mai necesar produs, ceea ce ne \u00eent\u00e2rzie rutina de diminea\u021b\u0103. Exist\u0103 multe exemple de situa\u021bii nepl\u0103cute rezultate din cauza mizeriei \u2013 de la plec\u0103ri \u00eent\u00e2rziate p\u00e2n\u0103 la frustr\u0103ri legate de un produs cosmetic de schimb care s-a pierdut undeva. \u00cen plus, lipsa ordinii ne afecteaz\u0103 negativ starea de spirit \u0219i poate duce la privare cronic\u0103 de somn, mai ales atunci c\u00e2nd \u00eencepem ziua cu stres. Un spa\u021biu organizat poate fi, de asemenea, un loc \u00een care suntem mai dispu\u0219i s\u0103 petrecem timp desf\u0103\u0219ur\u00e2nd diverse activit\u0103\u021bi de \u00eengrijire. De aceea, merit\u0103 s\u0103 ai grij\u0103 de accesoriile potrivite pentru organiza\u021bia ta.<\/p>\n<h2>Accesorii pentru organizarea cosmeticelor<\/h2>\n<p><img decoding=\"async\" alt=\"Komplet kosmetyk\u00f3w w r\u00f3\u017cowej kosmetyczce na \u0142\u00f3\u017cku w eleganckim pokoju hotelowym.\" src=\"https:\/\/proclim.com.pl\/wp-content\/uploads\/2024\/10\/imagec7b8a5ee540e4bdc8e6258dceebd70ac.png\"\/><\/p>\n<h3>Containere \u0219i organizatoare<\/h3>\n<p>Recipientele \u0219i organizatoarele sunt un element de baz\u0103 care cu siguran\u021b\u0103 faciliteaz\u0103 depozitarea cosmeticelor. Exist\u0103 multe tipuri de recipiente \u2013 pute\u021bi alege dintre plastic, sticl\u0103 sau material textil. Alegerea organizatorului potrivit depinde de preferin\u021bele personale \u0219i de num\u0103rul de produse pe care dori\u021bi s\u0103 le organiza\u021bi. Recipiente pentru ruj, recipiente pentru pudr\u0103 sau recipiente dedicate <strong>organizator de parfumuri<\/strong> sunt una dintre cele mai populare solu\u021bii. Este important s\u0103 alege\u021bi dimensiunea \u0219i estetica potrivit\u0103 a containerelor pentru interiorul dumneavoastr\u0103. Cosmeticele bine organizate nu numai c\u0103 le fac mai u\u0219or de utilizat, dar adaug\u0103 \u0219i farmec \u00eemprejurimilor noastre.<\/p>\n<h3>Suporturi \u0219i suporturi<\/h3>\n<p>Cuierele \u0219i suporturile sunt alte accesorii care ar trebui s\u0103 se g\u0103seasc\u0103 \u00een fiecare baie. Exist\u0103 diverse tipuri de umera\u0219e disponibile pe pia\u021b\u0103 \u2013 de la cele montate pe perete, la cele montate pe picioare, p\u00e2n\u0103 la cele montate pe blat. Beneficiile utiliz\u0103rii lor sunt enorme: economisesc spa\u021biu, adaug\u0103 stil \u0219i permit o utilizare mai eficient\u0103 a spa\u021biului. Merit\u0103 s\u0103 investe\u0219ti \u00een standuri pentru cosmetice care \u00ee\u021bi permit s\u0103 expui perfect produsele tale preferate. \u00cen felul acesta vor fi mereu la \u00eendem\u00e2n\u0103. \u00cen cazul umera\u0219elor, acestea pot fi folosite pentru a organiza accesorii mici, cum ar fi pensule sau \u0219erve\u021bele.<\/p>\n<table border=\"1\">\n<tr>\n<th>Tip de accesoriu<\/th>\n<th>Descriere<\/th>\n<th>Beneficii<\/th>\n<\/tr>\n<tr>\n<td>Containere<\/td>\n<td>Plastic, sticl\u0103, material textil<\/td>\n<td>Ordine, economie de spa\u021biu<\/td>\n<\/tr>\n<tr>\n<td>Umera\u0219e<\/td>\n<td>Perete, podea<\/td>\n<td>Utilizarea eficient\u0103 a spa\u021biului<\/td>\n<\/tr>\n<tr>\n<td>Gen\u021bi<\/td>\n<td>Pentru cosmetice, c\u0103l\u0103torii<\/td>\n<td>Transport convenabil al produselor<\/td>\n<\/tr>\n<tr>\n<td>Parti\u021bii<\/td>\n<td>Inser\u021bii pentru sertare<\/td>\n<td>O mai bun\u0103 organizare \u00een sertare<\/td>\n<\/tr>\n<\/table>\n<h2>Cum s\u0103-\u021bi p\u0103strezi cosmeticele organizate mai mult timp?<\/h2>\n<h3>Inspec\u021bie regulat\u0103<\/h3>\n<p>Pentru a te asigura c\u0103 produsele cosmetice nu sunt destinate s\u0103 fie temporare, este important s\u0103 verifici periodic proviziile. Se recomand\u0103 efectuarea acestuia la fiecare 3-6 luni. Datorit\u0103 acestui fapt, putem gestiona eficient produsele cosmetice \u0219i putem sc\u0103pa de produsele care nu mai sunt potrivite pentru utilizare. Este, de asemenea, o oportunitate excelent\u0103 de a descoperi produse cosmetice care au fost uitate. Sfatul privind eliminarea produselor expirate este simplu: arunca\u021bi-le \u00een siguran\u021b\u0103 \u00een containere de de\u0219euri adecvate. Inspec\u021biile regulate promoveaz\u0103 o mai bun\u0103 organizare \u0219i ne permit s\u0103 gestion\u0103m eficient produsele cosmetice.<\/p>\n<h3>Sistematizarea cosmeticelor<\/h3>\n<p>Al doilea pas important \u00een men\u021binerea ordinii \u00een produsele cosmetice este sistematizarea lor. Merit\u0103 s\u0103 investe\u0219ti timp \u00een gruparea produselor cosmetice \u00een categorii \u2013 de exemplu, machiaj, \u00eengrijire a pielii, uleiuri sau parfumuri. \u00cen acest fel, avem acces facil la produsele de care avem nevoie \u0219i putem, de asemenea, s\u0103 ne gestion\u0103m mai bine achizi\u021biile. Cum se marcheaz\u0103 \u0219i se eticheteaz\u0103 accesoriile? Po\u021bi folosi etichete colorate sau recipiente cu pere\u021bi transparen\u021bi, astfel \u00eenc\u00e2t s\u0103 po\u021bi vedea imediat ce este \u00een\u0103untru. Sistematizarea este un element cheie care v\u0103 permite s\u0103 men\u021bine\u021bi ordinea printre cosmeticele dvs. pentru o lung\u0103 perioad\u0103 de timp.<\/p>\n<h2>Exemple de accesorii populare<\/h2>\n<p>Selec\u021bia de accesorii pentru organizarea cosmeticelor este imens\u0103. Exist\u0103 multe produse dovedite pe pia\u021b\u0103 care se bucur\u0103 de recenzii bune din partea utilizatorilor. Accesoriile recomandate includ organizatoare elegante, suporturi practice \u0219i gen\u021bi de c\u0103l\u0103torie func\u021bionale. Recenziile utilizatorilor confirm\u0103 adesea calitatea \u0219i caracterul lor practic. Merit\u0103 s\u0103 fii atent la cele mai bune oferte pentru a investi \u00een accesorii care te vor ajuta cu adev\u0103rat \u00een via\u021ba de zi cu zi. Datorit\u0103 acestui fapt, utilizarea cosmeticelor va deveni mult mai pl\u0103cut\u0103 \u0219i organizat\u0103.<\/p>\n<h2>Rezumat<\/h2>\n<p>Organizarea cosmeticelor este extrem de important\u0103 pentru bun\u0103starea ta \u0219i eficien\u021ba utiliz\u0103rii lor. Datorit\u0103 accesoriilor adecvate, cum ar fi recipiente, umera\u0219e, gen\u021bi sau inser\u021bii, este posibil\u0103 crearea unui spa\u021biu armonios \u0219i func\u021bional. Inspec\u021bia \u0219i sistematizarea regulate permit men\u021binerea ordinii pe termen lung. V\u0103 \u00eencuraj\u0103m s\u0103 \u00eencerca\u021bi solu\u021biile recomandate, care cu siguran\u021b\u0103 v\u0103 vor u\u0219ura \u00eengrijirea zilnic\u0103. Nu uita c\u0103 cosmeticele bine organizate sunt cheia succesului \u00een rutina ta zilnic\u0103!<\/p>\n<h2>\u00centreb\u0103ri frecvente<\/h2>\n<h3>1. Ce accesorii sunt cele mai bune pentru depozitarea cosmeticelor?<\/h3>\n<p>Cele mai bune organizatoare sunt cele care imit\u0103 un birou, precum \u0219i trusele de cosmetice care faciliteaz\u0103 transportul.<\/p>\n<h3>2. Ce se face cu cosmeticele expirate?<\/h3>\n<p>Acestea trebuie eliminate \u00een siguran\u021b\u0103, de preferin\u021b\u0103 \u00een containere de de\u0219euri adecvate.<\/p>\n<h3>3. C\u00e2t de des ar trebui s\u0103-mi revizuiesc produsele cosmetice?<\/h3>\n<p>Se recomand\u0103 efectuarea unei revizuiri la fiecare 3-6 luni pentru a gestiona eficient stocurile.<\/p>\n<h3>4. Po\u021bi folosi recipiente obi\u0219nuite pentru a organiza cosmeticele?<\/h3>\n<p>Da, dar merit\u0103 s\u0103 te asiguri c\u0103 sunt curate \u0219i bine organizate.<\/p>\n<h3>5. Care sunt cele mai frecvente gre\u0219eli atunci c\u00e2nd organizezi cosmeticele?<\/h3>\n<p>Cele mai frecvente gre\u0219eli sunt lipsa controalelor regulate \u0219i ascunderea produselor cosmetice \u00een spa\u021bii prea mici sau \u00eenchise, ceea ce le face dificil de accesat.<\/p>","protected":false},"excerpt":{"rendered":"<p>Porz\u0105dkowanie kosmetyk\u00f3w to kluczowy element nie tylko w codziennym piel\u0119gnowaniu urody, ale r\u00f3wnie\u017c w organizacji przestrzeni, w kt\u00f3rej si\u0119 one znajduj\u0105. W chaotycznym otoczeniu trudno znale\u017a\u0107 ulubiony produkt, co cz\u0119sto prowadzi do frustracji. Warto zadba\u0107 o odpowiednie akcesoria, kt\u00f3re uczyni\u0105 ten proces prostszym i bardziej efektywnym. Dzi\u0119ki nim, zar\u00f3wno w \u0142azience, jak i w kosmetyczce, [&hellip;]<\/p>","protected":false},"author":1,"featured_media":140,"comment_status":"closed","ping_status":"closed","sticky":false,"template":"","format":"standard","meta":{"_acf_changed":false,"footnotes":""},"categories":[1],"tags":[],"class_list":["post-165","post","type-post","status-publish","format-standard","has-post-thumbnail","hentry","category-blog"],"acf":[],"yoast_head":"<!-- This site is optimized with the Yoast SEO plugin v23.2 - https:\/\/yoast.com\/wordpress\/plugins\/seo\/ -->\n<title>Jakie akcesoria u\u0142atwi\u0105 Ci porz\u0105dkowanie kosmetyk\u00f3w? Sprawd\u017a najlepsze rozwi\u0105zania!<\/title>\n<meta name=\"description\" content=\"Odkryj, jakie akcesoria do porz\u0105dkowania kosmetyk\u00f3w zwi\u0119ksz\u0105 Twoj\u0105 efektywno\u015b\u0107 i u\u0142atwi\u0105 piel\u0119gnacj\u0119 w codziennym \u017cyciu.\" \/>\n<meta name=\"robots\" content=\"index, follow, max-snippet:-1, max-image-preview:large, max-video-preview:-1\" \/>\n<link rel=\"canonical\" href=\"https:\/\/proclim.com.pl\/ro\/jakie-akcesoria-ulatwia-ci-porzadkowanie-kosmetykow\/\" \/>\n<meta property=\"og:locale\" content=\"ro_RO\" \/>\n<meta property=\"og:type\" content=\"article\" \/>\n<meta property=\"og:title\" content=\"Jakie akcesoria u\u0142atwi\u0105 Ci porz\u0105dkowanie kosmetyk\u00f3w? Sprawd\u017a najlepsze rozwi\u0105zania!\" \/>\n<meta property=\"og:description\" content=\"Odkryj, jakie akcesoria do porz\u0105dkowania kosmetyk\u00f3w zwi\u0119ksz\u0105 Twoj\u0105 efektywno\u015b\u0107 i u\u0142atwi\u0105 piel\u0119gnacj\u0119 w codziennym \u017cyciu.\" \/>\n<meta property=\"og:url\" content=\"https:\/\/proclim.com.pl\/ro\/jakie-akcesoria-ulatwia-ci-porzadkowanie-kosmetykow\/\" \/>\n<meta property=\"og:site_name\" content=\"proclim.com.pl\" \/>\n<meta property=\"article:published_time\" content=\"2024-10-20T23:00:00+00:00\" \/>\n<meta property=\"og:image\" content=\"https:\/\/proclim.com.pl\/wp-content\/uploads\/2024\/10\/image9f69c6c340f74d0ea20589a6507d3b5f.png\" \/>\n\t<meta property=\"og:image:width\" content=\"1024\" \/>\n\t<meta property=\"og:image:height\" content=\"768\" \/>\n\t<meta property=\"og:image:type\" content=\"image\/png\" \/>\n<meta name=\"author\" content=\"Urszula Jasi\u0144ska\" \/>\n<meta name=\"twitter:card\" content=\"summary_large_image\" \/>\n<meta name=\"twitter:label1\" content=\"Scris de\" \/>\n\t<meta name=\"twitter:data1\" content=\"Urszula Jasi\u0144ska\" \/>\n\t<meta name=\"twitter:label2\" content=\"Timp estimat pentru citire\" \/>\n\t<meta name=\"twitter:data2\" content=\"6 minute\" \/>\n<script type=\"application\/ld+json\" class=\"yoast-schema-graph\">{\"@context\":\"https:\/\/schema.org\",\"@graph\":[{\"@type\":\"WebPage\",\"@id\":\"https:\/\/proclim.com.pl\/jakie-akcesoria-ulatwia-ci-porzadkowanie-kosmetykow\/\",\"url\":\"https:\/\/proclim.com.pl\/jakie-akcesoria-ulatwia-ci-porzadkowanie-kosmetykow\/\",\"name\":\"Jakie akcesoria u\u0142atwi\u0105 Ci porz\u0105dkowanie kosmetyk\u00f3w? Sprawd\u017a najlepsze rozwi\u0105zania!\",\"isPartOf\":{\"@id\":\"https:\/\/proclim.com.pl\/#website\"},\"primaryImageOfPage\":{\"@id\":\"https:\/\/proclim.com.pl\/jakie-akcesoria-ulatwia-ci-porzadkowanie-kosmetykow\/#primaryimage\"},\"image\":{\"@id\":\"https:\/\/proclim.com.pl\/jakie-akcesoria-ulatwia-ci-porzadkowanie-kosmetykow\/#primaryimage\"},\"thumbnailUrl\":\"https:\/\/proclim.com.pl\/wp-content\/uploads\/2024\/10\/image9f69c6c340f74d0ea20589a6507d3b5f.png\",\"datePublished\":\"2024-10-20T23:00:00+00:00\",\"dateModified\":\"2024-10-20T23:00:00+00:00\",\"author\":{\"@id\":\"https:\/\/proclim.com.pl\/#\/schema\/person\/45c676b6550e197bc729f915ffc429e0\"},\"description\":\"Odkryj, jakie akcesoria do porz\u0105dkowania kosmetyk\u00f3w zwi\u0119ksz\u0105 Twoj\u0105 efektywno\u015b\u0107 i u\u0142atwi\u0105 piel\u0119gnacj\u0119 w codziennym \u017cyciu.\",\"breadcrumb\":{\"@id\":\"https:\/\/proclim.com.pl\/jakie-akcesoria-ulatwia-ci-porzadkowanie-kosmetykow\/#breadcrumb\"},\"inLanguage\":\"ro-RO\",\"potentialAction\":[{\"@type\":\"ReadAction\",\"target\":[\"https:\/\/proclim.com.pl\/jakie-akcesoria-ulatwia-ci-porzadkowanie-kosmetykow\/\"]}]},{\"@type\":\"ImageObject\",\"inLanguage\":\"ro-RO\",\"@id\":\"https:\/\/proclim.com.pl\/jakie-akcesoria-ulatwia-ci-porzadkowanie-kosmetykow\/#primaryimage\",\"url\":\"https:\/\/proclim.com.pl\/wp-content\/uploads\/2024\/10\/image9f69c6c340f74d0ea20589a6507d3b5f.png\",\"contentUrl\":\"https:\/\/proclim.com.pl\/wp-content\/uploads\/2024\/10\/image9f69c6c340f74d0ea20589a6507d3b5f.png\",\"width\":1024,\"height\":768},{\"@type\":\"BreadcrumbList\",\"@id\":\"https:\/\/proclim.com.pl\/jakie-akcesoria-ulatwia-ci-porzadkowanie-kosmetykow\/#breadcrumb\",\"itemListElement\":[{\"@type\":\"ListItem\",\"position\":1,\"name\":\"Home\",\"item\":\"https:\/\/proclim.com.pl\/\"},{\"@type\":\"ListItem\",\"position\":2,\"name\":\"Jakie akcesoria u\u0142atwi\u0105 Ci porz\u0105dkowanie kosmetyk\u00f3w?\"}]},{\"@type\":\"WebSite\",\"@id\":\"https:\/\/proclim.com.pl\/#website\",\"url\":\"https:\/\/proclim.com.pl\/\",\"name\":\"proclim.com.pl\",\"description\":\"Organizer na perfumy: porz\u0105dek i styl w jednym miejscu.\",\"potentialAction\":[{\"@type\":\"SearchAction\",\"target\":{\"@type\":\"EntryPoint\",\"urlTemplate\":\"https:\/\/proclim.com.pl\/?s={search_term_string}\"},\"query-input\":\"required name=search_term_string\"}],\"inLanguage\":\"ro-RO\"},{\"@type\":\"Person\",\"@id\":\"https:\/\/proclim.com.pl\/#\/schema\/person\/45c676b6550e197bc729f915ffc429e0\",\"name\":\"Urszula Jasi\u0144ska\",\"image\":{\"@type\":\"ImageObject\",\"inLanguage\":\"ro-RO\",\"@id\":\"https:\/\/proclim.com.pl\/#\/schema\/person\/image\/\",\"url\":\"https:\/\/proclim.com.pl\/wp-content\/uploads\/2025\/02\/jdtygnenjz1_ad_avatar-96x96.jpg\",\"contentUrl\":\"https:\/\/proclim.com.pl\/wp-content\/uploads\/2025\/02\/jdtygnenjz1_ad_avatar-96x96.jpg\",\"caption\":\"Urszula Jasi\u0144ska\"},\"description\":\"Jestem Urszula Jasi\u0144ska, pasjonatka mody z wieloletnim do\u015bwiadczeniem w projektowaniu i stylizacji. Pracowa\u0142am z r\u00f3\u017cnymi markami, a tak\u017ce prowadz\u0119 bloga, na kt\u00f3rym dziel\u0119 si\u0119 swoimi spostrze\u017ceniami. Moim celem jest pomaganie innym w odnalezieniu w\u0142asnego stylu, zach\u0119cam do eksperymentowania z kolorami i krojami.\",\"url\":\"https:\/\/proclim.com.pl\/ro\/author\/urszula-jasinska\/\"}]}<\/script>\n<!-- \/ Yoast SEO plugin. -->","yoast_head_json":{"title":"Jakie akcesoria u\u0142atwi\u0105 Ci porz\u0105dkowanie kosmetyk\u00f3w? Sprawd\u017a najlepsze rozwi\u0105zania!","description":"Odkryj, jakie akcesoria do porz\u0105dkowania kosmetyk\u00f3w zwi\u0119ksz\u0105 Twoj\u0105 efektywno\u015b\u0107 i u\u0142atwi\u0105 piel\u0119gnacj\u0119 w codziennym \u017cyciu.","robots":{"index":"index","follow":"follow","max-snippet":"max-snippet:-1","max-image-preview":"max-image-preview:large","max-video-preview":"max-video-preview:-1"},"canonical":"https:\/\/proclim.com.pl\/ro\/jakie-akcesoria-ulatwia-ci-porzadkowanie-kosmetykow\/","og_locale":"ro_RO","og_type":"article","og_title":"Jakie akcesoria u\u0142atwi\u0105 Ci porz\u0105dkowanie kosmetyk\u00f3w? Sprawd\u017a najlepsze rozwi\u0105zania!","og_description":"Odkryj, jakie akcesoria do porz\u0105dkowania kosmetyk\u00f3w zwi\u0119ksz\u0105 Twoj\u0105 efektywno\u015b\u0107 i u\u0142atwi\u0105 piel\u0119gnacj\u0119 w codziennym \u017cyciu.","og_url":"https:\/\/proclim.com.pl\/ro\/jakie-akcesoria-ulatwia-ci-porzadkowanie-kosmetykow\/","og_site_name":"proclim.com.pl","article_published_time":"2024-10-20T23:00:00+00:00","og_image":[{"width":1024,"height":768,"url":"https:\/\/proclim.com.pl\/wp-content\/uploads\/2024\/10\/image9f69c6c340f74d0ea20589a6507d3b5f.png","type":"image\/png"}],"author":"Urszula Jasi\u0144ska","twitter_card":"summary_large_image","twitter_misc":{"Scris de":"Urszula Jasi\u0144ska","Timp estimat pentru citire":"6 minute"},"schema":{"@context":"https:\/\/schema.org","@graph":[{"@type":"WebPage","@id":"https:\/\/proclim.com.pl\/jakie-akcesoria-ulatwia-ci-porzadkowanie-kosmetykow\/","url":"https:\/\/proclim.com.pl\/jakie-akcesoria-ulatwia-ci-porzadkowanie-kosmetykow\/","name":"Jakie akcesoria u\u0142atwi\u0105 Ci porz\u0105dkowanie kosmetyk\u00f3w? Sprawd\u017a najlepsze rozwi\u0105zania!","isPartOf":{"@id":"https:\/\/proclim.com.pl\/#website"},"primaryImageOfPage":{"@id":"https:\/\/proclim.com.pl\/jakie-akcesoria-ulatwia-ci-porzadkowanie-kosmetykow\/#primaryimage"},"image":{"@id":"https:\/\/proclim.com.pl\/jakie-akcesoria-ulatwia-ci-porzadkowanie-kosmetykow\/#primaryimage"},"thumbnailUrl":"https:\/\/proclim.com.pl\/wp-content\/uploads\/2024\/10\/image9f69c6c340f74d0ea20589a6507d3b5f.png","datePublished":"2024-10-20T23:00:00+00:00","dateModified":"2024-10-20T23:00:00+00:00","author":{"@id":"https:\/\/proclim.com.pl\/#\/schema\/person\/45c676b6550e197bc729f915ffc429e0"},"description":"Odkryj, jakie akcesoria do porz\u0105dkowania kosmetyk\u00f3w zwi\u0119ksz\u0105 Twoj\u0105 efektywno\u015b\u0107 i u\u0142atwi\u0105 piel\u0119gnacj\u0119 w codziennym \u017cyciu.","breadcrumb":{"@id":"https:\/\/proclim.com.pl\/jakie-akcesoria-ulatwia-ci-porzadkowanie-kosmetykow\/#breadcrumb"},"inLanguage":"ro-RO","potentialAction":[{"@type":"ReadAction","target":["https:\/\/proclim.com.pl\/jakie-akcesoria-ulatwia-ci-porzadkowanie-kosmetykow\/"]}]},{"@type":"ImageObject","inLanguage":"ro-RO","@id":"https:\/\/proclim.com.pl\/jakie-akcesoria-ulatwia-ci-porzadkowanie-kosmetykow\/#primaryimage","url":"https:\/\/proclim.com.pl\/wp-content\/uploads\/2024\/10\/image9f69c6c340f74d0ea20589a6507d3b5f.png","contentUrl":"https:\/\/proclim.com.pl\/wp-content\/uploads\/2024\/10\/image9f69c6c340f74d0ea20589a6507d3b5f.png","width":1024,"height":768},{"@type":"BreadcrumbList","@id":"https:\/\/proclim.com.pl\/jakie-akcesoria-ulatwia-ci-porzadkowanie-kosmetykow\/#breadcrumb","itemListElement":[{"@type":"ListItem","position":1,"name":"Home","item":"https:\/\/proclim.com.pl\/"},{"@type":"ListItem","position":2,"name":"Jakie akcesoria u\u0142atwi\u0105 Ci porz\u0105dkowanie kosmetyk\u00f3w?"}]},{"@type":"WebSite","@id":"https:\/\/proclim.com.pl\/#website","url":"https:\/\/proclim.com.pl\/","name":"proclim.com.pl","description":"Organizer na perfumy: porz\u0105dek i styl w jednym miejscu.","potentialAction":[{"@type":"SearchAction","target":{"@type":"EntryPoint","urlTemplate":"https:\/\/proclim.com.pl\/?s={search_term_string}"},"query-input":"required name=search_term_string"}],"inLanguage":"ro-RO"},{"@type":"Person","@id":"https:\/\/proclim.com.pl\/#\/schema\/person\/45c676b6550e197bc729f915ffc429e0","name":"Urszula Jasi\u0144ska","image":{"@type":"ImageObject","inLanguage":"ro-RO","@id":"https:\/\/proclim.com.pl\/#\/schema\/person\/image\/","url":"https:\/\/proclim.com.pl\/wp-content\/uploads\/2025\/02\/jdtygnenjz1_ad_avatar-96x96.jpg","contentUrl":"https:\/\/proclim.com.pl\/wp-content\/uploads\/2025\/02\/jdtygnenjz1_ad_avatar-96x96.jpg","caption":"Urszula Jasi\u0144ska"},"description":"Jestem Urszula Jasi\u0144ska, pasjonatka mody z wieloletnim do\u015bwiadczeniem w projektowaniu i stylizacji. Pracowa\u0142am z r\u00f3\u017cnymi markami, a tak\u017ce prowadz\u0119 bloga, na kt\u00f3rym dziel\u0119 si\u0119 swoimi spostrze\u017ceniami. Moim celem jest pomaganie innym w odnalezieniu w\u0142asnego stylu, zach\u0119cam do eksperymentowania z kolorami i krojami.","url":"https:\/\/proclim.com.pl\/ro\/author\/urszula-jasinska\/"}]}},"yoast_meta":{"yoast_wpseo_title":"","yoast_wpseo_metadesc":"","yoast_wpseo_canonical":"https:\/\/proclim.com.pl\/ro\/wp-json\/wp\/v2\/posts\/165"},"_links":{"self":[{"href":"https:\/\/proclim.com.pl\/ro\/wp-json\/wp\/v2\/posts\/165"}],"collection":[{"href":"https:\/\/proclim.com.pl\/ro\/wp-json\/wp\/v2\/posts"}],"about":[{"href":"https:\/\/proclim.com.pl\/ro\/wp-json\/wp\/v2\/types\/post"}],"author":[{"embeddable":true,"href":"https:\/\/proclim.com.pl\/ro\/wp-json\/wp\/v2\/users\/1"}],"replies":[{"embeddable":true,"href":"https:\/\/proclim.com.pl\/ro\/wp-json\/wp\/v2\/comments?post=165"}],"version-history":[{"count":1,"href":"https:\/\/proclim.com.pl\/ro\/wp-json\/wp\/v2\/posts\/165\/revisions"}],"predecessor-version":[{"id":169,"href":"https:\/\/proclim.com.pl\/ro\/wp-json\/wp\/v2\/posts\/165\/revisions\/169"}],"wp:featuredmedia":[{"embeddable":true,"href":"https:\/\/proclim.com.pl\/ro\/wp-json\/wp\/v2\/media\/140"}],"wp:attachment":[{"href":"https:\/\/proclim.com.pl\/ro\/wp-json\/wp\/v2\/media?parent=165"}],"wp:term":[{"taxonomy":"category","embeddable":true,"href":"https:\/\/proclim.com.pl\/ro\/wp-json\/wp\/v2\/categories?post=165"},{"taxonomy":"post_tag","embeddable":true,"href":"https:\/\/proclim.com.pl\/ro\/wp-json\/wp\/v2\/tags?post=165"}],"curies":[{"name":"wp","href":"https:\/\/api.w.org\/{rel}","templated":true}]}}