{"id":155,"date":"2024-10-25T00:00:00","date_gmt":"2024-10-24T23:00:00","guid":{"rendered":"https:\/\/proclim.com.pl\/?p=155"},"modified":"2024-10-25T00:00:00","modified_gmt":"2024-10-24T23:00:00","slug":"5-bledow-w-organizacji-ktore-popelniaja-milosnicy-kosmetykow","status":"publish","type":"post","link":"https:\/\/proclim.com.pl\/ro\/5-bledow-w-organizacji-ktore-popelniaja-milosnicy-kosmetykow\/","title":{"rendered":"5 gre\u0219eli organizatorice pe care le fac iubitorii de cosmetice"},"content":{"rendered":"<div class=\"kk-star-ratings kksr-auto kksr-align-left kksr-valign-top\"\n    data-payload='{&quot;align&quot;:&quot;left&quot;,&quot;id&quot;:&quot;155&quot;,&quot;slug&quot;:&quot;default&quot;,&quot;valign&quot;:&quot;top&quot;,&quot;ignore&quot;:&quot;&quot;,&quot;reference&quot;:&quot;auto&quot;,&quot;class&quot;:&quot;&quot;,&quot;count&quot;:&quot;0&quot;,&quot;legendonly&quot;:&quot;&quot;,&quot;readonly&quot;:&quot;&quot;,&quot;score&quot;:&quot;0&quot;,&quot;starsonly&quot;:&quot;&quot;,&quot;best&quot;:&quot;5&quot;,&quot;gap&quot;:&quot;5&quot;,&quot;greet&quot;:&quot;&quot;,&quot;legend&quot;:&quot;0\\\/5 - (0 votes)&quot;,&quot;size&quot;:&quot;24&quot;,&quot;title&quot;:&quot;5 b\u0142\u0119d\u00f3w w organizacji, kt\u00f3re pope\u0142niaj\u0105 mi\u0142o\u015bnicy kosmetyk\u00f3w&quot;,&quot;width&quot;:&quot;0&quot;,&quot;_legend&quot;:&quot;{score}\\\/{best} - ({count} {votes})&quot;,&quot;font_factor&quot;:&quot;1.25&quot;}'>\n            \n<div class=\"kksr-stars\">\n    \n<div class=\"kksr-stars-inactive\">\n            <div class=\"kksr-star\" data-star=\"1\" style=\"padding-right: 5px\">\n            \n\n<div class=\"kksr-icon\" style=\"width: 24px; height: 24px;\"><\/div>\n        <\/div>\n            <div class=\"kksr-star\" data-star=\"2\" style=\"padding-right: 5px\">\n            \n\n<div class=\"kksr-icon\" style=\"width: 24px; height: 24px;\"><\/div>\n        <\/div>\n            <div class=\"kksr-star\" data-star=\"3\" style=\"padding-right: 5px\">\n            \n\n<div class=\"kksr-icon\" style=\"width: 24px; height: 24px;\"><\/div>\n        <\/div>\n            <div class=\"kksr-star\" data-star=\"4\" style=\"padding-right: 5px\">\n            \n\n<div class=\"kksr-icon\" style=\"width: 24px; height: 24px;\"><\/div>\n        <\/div>\n            <div class=\"kksr-star\" data-star=\"5\" style=\"padding-right: 5px\">\n            \n\n<div class=\"kksr-icon\" style=\"width: 24px; height: 24px;\"><\/div>\n        <\/div>\n    <\/div>\n    \n<div class=\"kksr-stars-active\" style=\"width: 0px;\">\n            <div class=\"kksr-star\" style=\"padding-right: 5px\">\n            \n\n<div class=\"kksr-icon\" style=\"width: 24px; height: 24px;\"><\/div>\n        <\/div>\n            <div class=\"kksr-star\" style=\"padding-right: 5px\">\n            \n\n<div class=\"kksr-icon\" style=\"width: 24px; height: 24px;\"><\/div>\n        <\/div>\n            <div class=\"kksr-star\" style=\"padding-right: 5px\">\n            \n\n<div class=\"kksr-icon\" style=\"width: 24px; height: 24px;\"><\/div>\n        <\/div>\n            <div class=\"kksr-star\" style=\"padding-right: 5px\">\n            \n\n<div class=\"kksr-icon\" style=\"width: 24px; height: 24px;\"><\/div>\n        <\/div>\n            <div class=\"kksr-star\" style=\"padding-right: 5px\">\n            \n\n<div class=\"kksr-icon\" style=\"width: 24px; height: 24px;\"><\/div>\n        <\/div>\n    <\/div>\n<\/div>\n                \n\n<div class=\"kksr-legend\" style=\"font-size: 19.2px;\">\n            <span class=\"kksr-muted\"><\/span>\n    <\/div>\n    <\/div>\n<p>Organizarea cosmeticelor este un aspect cheie pe care orice iubitor de produse de \u00eenfrumuse\u021bare ar trebui s\u0103 \u00eel ia \u00een considerare. Mul\u021bi oameni nu \u00ee\u0219i dau seama c\u0103 depozitarea necorespunz\u0103toare sau excesul de produse cosmetice pot duce la frustrare \u0219i utilizare ineficient\u0103. Aproape fiecare pasionat\u0103 de cosmetice are \u00een colec\u021bia sa produse care au fost folosite o singur\u0103 dat\u0103 sau deloc, iar data expir\u0103rii lor se apropie. O organizare adecvat\u0103 permite nu doar o mai bun\u0103 gestionare a resurselor, ci \u0219i utilizarea con\u0219tient\u0103 a produselor cosmetice. \u00cen acest articol, vom acoperi cele mai frecvente cinci gre\u0219eli pe care le fac pasiona\u021bii de frumuse\u021be \u0219i cum s\u0103 le evit\u0103m.<\/p>\n<h2>Gre\u0219eala 1: Depozitarea cosmeticelor \u00een locuri nepotrivite<\/h2>\n<p><img decoding=\"async\" alt=\"Cztery butelki z kosmetykami na blacie, w \u0142agodnym \u015bwietle, przy kwiatku.\" src=\"https:\/\/proclim.com.pl\/wp-content\/uploads\/2024\/10\/imagee299b6090bd049a78a75ca1daddc57d8.png\"\/><\/p>\n<h3>Care sunt cele mai comune locuri pentru depozitarea cosmeticelor?<\/h3>\n<p>Depozitarea cosmeticelor \u00een locuri nepotrivite poate afecta semnificativ calitatea acestora. Cele mai comune locuri sunt b\u0103ile, care sunt adesea umede \u0219i calde. Astfel de condi\u021bii pot duce la alterarea mai rapid\u0103 a produselor. Alte loca\u021bii nepotrivite includ dulapurile sau blaturile de buc\u0103t\u0103rie \u00eensorite, unde razele soarelui pot avea, de asemenea, un efect negativ. Cosmeticele trebuie depozitate \u00eentr-un loc r\u0103coros \u0219i uscat, ferit de surse de c\u0103ldur\u0103 \u0219i lumin\u0103. Locul potrivit pentru depozitarea cosmeticelor nu \u021bine doar de siguran\u021ba lor, ci \u0219i de eficacitatea lor.<\/p>\n<h3>Care sunt consecin\u021bele depozit\u0103rii necorespunz\u0103toare?<\/h3>\n<p>Depozitarea necorespunz\u0103toare a produselor cosmetice poate duce la numeroase probleme. \u00cen primul r\u00e2nd, acestea \u00ee\u0219i pot pierde propriet\u0103\u021bile active, ceea ce, la r\u00e2ndul s\u0103u, le elimin\u0103 eficacitatea. Utilizarea unor astfel de produse cosmetice poate duce la irita\u021bii ale pielii, alergii \u0219i chiar infec\u021bii. \u00cen plus, substan\u021bele chimice nedorite se pot transforma, afect\u00e2ndu-le stabilitatea. De asemenea, merit\u0103 men\u021bionat faptul c\u0103 produsele cosmetice prea uscate sau prea diluate pot deveni inutile, ceea ce este asociat cu o pierdere financiar\u0103. Depozitarea corect\u0103 este esen\u021bial\u0103 pentru durabilitatea produselor noastre preferate.<\/p>\n<h2>Gre\u0219eala 2: Prea multe produse cosmetice<\/h2>\n<p><img decoding=\"async\" alt=\"Kobieta aplikuje makija\u017c przy stole z lustrami i r\u00f3\u017cnymi kosmetykami.\" src=\"https:\/\/proclim.com.pl\/wp-content\/uploads\/2024\/10\/image5b6e79666af748618e437dae9feb0510.png\"\/><\/p>\n<h3>C\u00e2nd devine colec\u021bionarea o problem\u0103?<\/h3>\n<p>C\u00e2nd \u00eencepem s\u0103 colec\u021bion\u0103m cosmetice, adesea nu ne d\u0103m seama c\u0103 acestea pot deveni o surs\u0103 de mizerie. Prea multe produse fac dificil\u0103 g\u0103sirea a ceea ce ne trebuie cu adev\u0103rat. Prin urmare, le folosim pe cele de deasupra, iar altele\u2026 pur \u0219i simplu se irosesc. Este important s\u0103 introduce\u021bi dou\u0103 puncte de control pentru a depozita cosmeticele \u00een siguran\u021b\u0103 \u0219i eficient. Cel mai important, dac\u0103 avem de ales \u00eentre calitate \u0219i cantitate, este cu siguran\u021b\u0103 mai bine s\u0103 alegem cea mai bun\u0103 calitate. Faptul c\u0103 avem prea multe cosmetice ajunge, \u00een cele din urm\u0103, s\u0103 pierdem din vedere data expir\u0103rii acestora.<\/p>\n<h3>Cum s\u0103 limitezi num\u0103rul de produse cosmetice?<\/h3>\n<p>Pentru a limita eficient num\u0103rul de produse cosmetice, merit\u0103 s\u0103 introduce\u021bi c\u00e2teva reguli. Iat\u0103 pa\u0219ii cheie pentru a asigura o selec\u021bie eficient\u0103:<\/p>\n<ol>\n<li>Revizui\u021bi-v\u0103 periodic produsele cosmetice la fiecare trei luni.<\/li>\n<li>P\u0103stra\u021bi doar articolele care sunt efectiv folosite \u0219i func\u021bioneaz\u0103 cel mai bine.<\/li>\n<\/ol>\n<h2>Gre\u0219eala 3: Ignorarea datelor de expirare ale produselor cosmetice<\/h2>\n<h3>De ce sunt importante datele de expirare?<\/h3>\n<p>Datele de expirare sunt extrem de importante c\u00e2nd vine vorba de cosmetice, deoarece ne pot afecta s\u0103n\u0103tatea. Utilizarea produselor expirate poate duce nu doar la irita\u021bii, ci \u0219i la infec\u021bii ale pielii. Mul\u021bi oameni nu \u00ee\u0219i dau seama c\u0103 produc\u021bia de produse cosmetice necesit\u0103 utilizarea unor substan\u021be care pot deveni periculoase \u00een timp. Cunoa\u0219terea corect\u0103 a datelor de expirare este esen\u021bial\u0103 pentru siguran\u021b\u0103. Unii produc\u0103tori plaseaz\u0103 simbolul unui borcan deschis pe ambalaj pentru a indica c\u00e2t timp este bun produsul dup\u0103 deschidere. Prin urmare, merit\u0103 s\u0103 fii atent la date \u0219i s\u0103 le verifici \u00een mod regulat.<\/p>\n<h3>Cum verifici datele de expirare din colec\u021bia ta?<\/h3>\n<p>Verificarea datelor de expirare este extrem de important\u0103 pentru a evita riscul utiliz\u0103rii neautorizate a produselor cosmetice. Iat\u0103 c\u00e2teva modalit\u0103\u021bi de a face acest lucru eficient:<\/p>\n<ol>\n<li>Marcarea datelor de expirare pe etichetele capacului sau borcanului.<\/li>\n<li>Crearea unui tabel \u00een Excel, care va facilita monitorizarea produsului selectat.<\/li>\n<\/ol>\n<table border=\"1\">\n<tr>\n<th>Numele produsului<\/th>\n<th>Data achizi\u021biei<\/th>\n<th>Data expir\u0103rii<\/th>\n<\/tr>\n<tr>\n<td>Strat de baz\u0103<\/td>\n<td>2023-01-15<\/td>\n<td>2025-01-15<\/td>\n<\/tr>\n<tr>\n<td>Crem\u0103 hidratant\u0103<\/td>\n<td>2023-03-10<\/td>\n<td>2024-03-10<\/td>\n<\/tr>\n<tr>\n<td>Ruj<\/td>\n<td>2022-07-20<\/td>\n<td>2024-07-20<\/td>\n<\/tr>\n<\/table>\n<h2>Gre\u0219eala 4: Neevaluarea sistematic\u0103 a produselor cosmetice<\/h2>\n<h3>De ce merit\u0103 s\u0103 evaluezi \u00een mod regulat produsele cosmetice?<\/h3>\n<p>Revizuirea regulat\u0103 a produselor cosmetice este important\u0103, deoarece v\u0103 permite s\u0103 elimina\u021bi produsele care nu mai corespund a\u0219tept\u0103rilor dumneavoastr\u0103. Poate fi, de asemenea, o oportunitate de a descoperi cosmetice uitate, care merit\u0103 testate din nou. Acest lucru te va ajuta s\u0103-\u021bi organizezi mai bine cosmeticele \u0219i vei putea vedea ce ai deja. Inspec\u021biile regulate ajut\u0103, de asemenea, la eliminarea produselor expirate, asigur\u00e2nd utilizarea \u00een siguran\u021b\u0103. Acest pas este, de asemenea, o modalitate excelent\u0103 de a evita produsele care ocup\u0103 doar spa\u021biu \u00een trusa de machiaj. Ar trebui s\u0103 stabili\u021bi un ritm regulat de navigare pentru a evita neglijarea acestei activit\u0103\u021bi.<\/p>\n<h3>Cum s\u0103 v\u0103 crea\u021bi propriul plan de inspec\u021bie?<\/h3>\n<p>Merit\u0103 s\u0103 creezi un plan eficient de analiz\u0103 a produselor cosmetice. Iat\u0103 c\u00e2teva sugestii despre cum s\u0103 faci asta:<\/p>\n<ol>\n<li>Seta\u021bi o dat\u0103 fix\u0103 \u00een calendar \u2013 de ex. la fiecare trei luni.<\/li>\n<li>Noteaz\u0103 cele mai importante lucruri de verificat, cum ar fi datele de expirare sau starea produselor cosmetice.<\/li>\n<\/ol>\n<h2>Gre\u0219eala 5: Achizi\u021bii neglijente de produse cosmetice<\/h2>\n<h3>Cum s\u0103 evi\u021bi cump\u0103r\u0103turile impulsive?<\/h3>\n<p>Achizi\u021biile impulsive de cosmetice pot duce la achizi\u021bionarea de produse care nu vor fi utilizate. Se \u00eent\u00e2mpl\u0103 adesea s\u0103 descoperim o marc\u0103 de ruj sau fond de ten \u00een timp ce facem cump\u0103r\u0103turi online, doar pentru a o g\u0103si \u00een trusa de machiaj a doua zi \u0219i a nu ne aminti de ce am cump\u0103rat-o. Pentru a evita situa\u021bii similare, merit\u0103 s\u0103 creezi o list\u0103 cu produse cosmetice de care ai nevoie cu adev\u0103rat. De asemenea, po\u021bi respecta \u201eregula de 24 de ore\u201d \u2013 a\u0219teapt\u0103 24 de ore \u00eenainte de a cump\u0103ra pentru a te g\u00e2ndi la decizia ta. Nu uita c\u0103 fiecare decizie de cump\u0103rare trebuie s\u0103 fie bine g\u00e2ndit\u0103 \u0219i profitabil\u0103.<\/p>\n<h3>Cum s\u0103-\u021bi planifici achizi\u021biile de cosmetice?<\/h3>\n<p>Planificarea achizi\u021biilor de cosmetice este o modalitate excelent\u0103 de a evita cheltuielile inutile. \u00centreb\u0103rile cheie pe care trebuie s\u0103 \u021bi le pui atunci c\u00e2nd cumperi pot include:<\/p>\n<ol>\n<li>Chiar am nevoie de acest produs anume?<\/li>\n<li>Este posibil s\u0103 \u00eel \u00eenlocuiesc cu ceva ce am deja?<\/li>\n<\/ol>\n<h2>Rezumat<\/h2>\n<p>Organizarea cosmeticelor nu este doar un aspect vizual, ci \u0219i unul de s\u0103n\u0103tate \u0219i financiar. Evitarea gre\u0219elilor precum depozitarea necorespunz\u0103toare, supraaglomerarea sau ignorarea datelor de expirare ne permite s\u0103 ne folosim colec\u021bia eficient. De asemenea, merit\u0103 s\u0103 verifici \u0219i s\u0103 revizuie\u0219ti periodic produsele cosmetice pentru a men\u021bine prospe\u021bimea \u0219i calitatea produselor pe care le folose\u0219ti. O colec\u021bie bine organizat\u0103 de cosmetice va face din fiecare aplicare o pl\u0103cere \u0219i ne va ajuta s\u0103 evit\u0103m cheltuielile inutile. Grija pentru ordine \u00een cosmetice se traduce prin s\u0103n\u0103tatea noastr\u0103 \u0219i o \u00eengrijire mai bun\u0103.<\/p>\n<h2>\u00centreb\u0103ri frecvente<\/h2>\n<ul>\n<li><strong>Care sunt cele mai frecvente gre\u0219eli la depozitarea cosmeticelor?<\/strong><br \/>Cele mai frecvente gre\u0219eli sunt mutarea cosmeticelor \u00een locuri prea calde \u0219i depozitarea lor \u00een baie, unde exist\u0103 umiditate ridicat\u0103.<\/li>\n<li><strong>Cum pot limita num\u0103rul de cosmetice din colec\u021bia mea?<\/strong><br \/>Po\u021bi reduce num\u0103rul de cosmetice cre\u00e2nd o list\u0103 de produse esen\u021biale \u0219i revizuindu-\u021bi colec\u021bia \u00een mod regulat.<\/li>\n<li><strong>C\u00e2t de des ar trebui s\u0103-mi revizuiesc produsele cosmetice?<\/strong><br \/>Se recomand\u0103 verificarea produselor cosmetice la fiecare trei luni pentru a le urm\u0103ri datele de expirare.<\/li>\n<li><strong>Care sunt efectele utiliz\u0103rii produselor cosmetice expirate?<\/strong><br \/>Utilizarea produselor cosmetice expirate poate duce la irita\u021bii, alergii \u0219i chiar infec\u021bii ale pielii de contact.<\/li>\n<li><strong>Ce s\u0103 fac cu produsele cosmetice pe care nu le mai folosesc?<\/strong><br \/>Le po\u021bi oferi prietenilor, le po\u021bi dona unor organiza\u021bii caritabile sau le po\u021bi recicla, atunci c\u00e2nd este posibil.<\/li>\n<\/ul>","protected":false},"excerpt":{"rendered":"<p>Organizacja kosmetyk\u00f3w to kluczowy aspekt, kt\u00f3ry ka\u017cdy mi\u0142o\u015bnik urodowych produkt\u00f3w powinien przemy\u015ble\u0107. Wiele os\u00f3b nie zdaje sobie sprawy, \u017ce niew\u0142a\u015bciwe przechowywanie lub nadmiar kosmetyk\u00f3w mo\u017ce prowadzi\u0107 do frustracji i nieefektywnego ich wykorzystania. Niemal ka\u017cda pasjonatka kosmetyk\u00f3w ma w swojej kolekcji produkty, kt\u00f3re by\u0142y u\u017cywane tylko raz lub wcale, a ich termin przydatno\u015bci zbli\u017ca si\u0119 do [&hellip;]<\/p>","protected":false},"author":1,"featured_media":129,"comment_status":"closed","ping_status":"closed","sticky":false,"template":"","format":"standard","meta":{"_acf_changed":false,"footnotes":""},"categories":[1],"tags":[],"class_list":["post-155","post","type-post","status-publish","format-standard","has-post-thumbnail","hentry","category-blog"],"acf":[],"yoast_head":"<!-- This site is optimized with the Yoast SEO plugin v23.2 - https:\/\/yoast.com\/wordpress\/plugins\/seo\/ -->\n<title>5 Najcz\u0119stszych B\u0142\u0119d\u00f3w w Organizacji Kosmetyk\u00f3w, Kt\u00f3re Powiniene\u015b Unikn\u0105\u0107<\/title>\n<meta name=\"description\" content=\"Odkryj pi\u0119\u0107 kluczowych b\u0142\u0119d\u00f3w, kt\u00f3re pope\u0142niaj\u0105 mi\u0142o\u015bnicy kosmetyk\u00f3w. Zyskaj lepsz\u0105 organizacj\u0119 i dbaj o jako\u015b\u0107 swoich produkt\u00f3w!\" \/>\n<meta name=\"robots\" content=\"index, follow, max-snippet:-1, max-image-preview:large, max-video-preview:-1\" \/>\n<link rel=\"canonical\" href=\"https:\/\/proclim.com.pl\/ro\/5-bledow-w-organizacji-ktore-popelniaja-milosnicy-kosmetykow\/\" \/>\n<meta property=\"og:locale\" content=\"ro_RO\" \/>\n<meta property=\"og:type\" content=\"article\" \/>\n<meta property=\"og:title\" content=\"5 Najcz\u0119stszych B\u0142\u0119d\u00f3w w Organizacji Kosmetyk\u00f3w, Kt\u00f3re Powiniene\u015b Unikn\u0105\u0107\" \/>\n<meta property=\"og:description\" content=\"Odkryj pi\u0119\u0107 kluczowych b\u0142\u0119d\u00f3w, kt\u00f3re pope\u0142niaj\u0105 mi\u0142o\u015bnicy kosmetyk\u00f3w. Zyskaj lepsz\u0105 organizacj\u0119 i dbaj o jako\u015b\u0107 swoich produkt\u00f3w!\" \/>\n<meta property=\"og:url\" content=\"https:\/\/proclim.com.pl\/ro\/5-bledow-w-organizacji-ktore-popelniaja-milosnicy-kosmetykow\/\" \/>\n<meta property=\"og:site_name\" content=\"proclim.com.pl\" \/>\n<meta property=\"article:published_time\" content=\"2024-10-24T23:00:00+00:00\" \/>\n<meta property=\"og:image\" content=\"https:\/\/proclim.com.pl\/wp-content\/uploads\/2024\/10\/imagef7e4ea0a7b00440d8856aa26d22a19bc.png\" \/>\n\t<meta property=\"og:image:width\" content=\"1024\" \/>\n\t<meta property=\"og:image:height\" content=\"768\" \/>\n\t<meta property=\"og:image:type\" content=\"image\/png\" \/>\n<meta name=\"author\" content=\"Urszula Jasi\u0144ska\" \/>\n<meta name=\"twitter:card\" content=\"summary_large_image\" \/>\n<meta name=\"twitter:label1\" content=\"Scris de\" \/>\n\t<meta name=\"twitter:data1\" content=\"Urszula Jasi\u0144ska\" \/>\n\t<meta name=\"twitter:label2\" content=\"Timp estimat pentru citire\" \/>\n\t<meta name=\"twitter:data2\" content=\"6 minute\" \/>\n<script type=\"application\/ld+json\" class=\"yoast-schema-graph\">{\"@context\":\"https:\/\/schema.org\",\"@graph\":[{\"@type\":\"WebPage\",\"@id\":\"https:\/\/proclim.com.pl\/5-bledow-w-organizacji-ktore-popelniaja-milosnicy-kosmetykow\/\",\"url\":\"https:\/\/proclim.com.pl\/5-bledow-w-organizacji-ktore-popelniaja-milosnicy-kosmetykow\/\",\"name\":\"5 Najcz\u0119stszych B\u0142\u0119d\u00f3w w Organizacji Kosmetyk\u00f3w, Kt\u00f3re Powiniene\u015b Unikn\u0105\u0107\",\"isPartOf\":{\"@id\":\"https:\/\/proclim.com.pl\/#website\"},\"primaryImageOfPage\":{\"@id\":\"https:\/\/proclim.com.pl\/5-bledow-w-organizacji-ktore-popelniaja-milosnicy-kosmetykow\/#primaryimage\"},\"image\":{\"@id\":\"https:\/\/proclim.com.pl\/5-bledow-w-organizacji-ktore-popelniaja-milosnicy-kosmetykow\/#primaryimage\"},\"thumbnailUrl\":\"https:\/\/proclim.com.pl\/wp-content\/uploads\/2024\/10\/imagef7e4ea0a7b00440d8856aa26d22a19bc.png\",\"datePublished\":\"2024-10-24T23:00:00+00:00\",\"dateModified\":\"2024-10-24T23:00:00+00:00\",\"author\":{\"@id\":\"https:\/\/proclim.com.pl\/#\/schema\/person\/45c676b6550e197bc729f915ffc429e0\"},\"description\":\"Odkryj pi\u0119\u0107 kluczowych b\u0142\u0119d\u00f3w, kt\u00f3re pope\u0142niaj\u0105 mi\u0142o\u015bnicy kosmetyk\u00f3w. Zyskaj lepsz\u0105 organizacj\u0119 i dbaj o jako\u015b\u0107 swoich produkt\u00f3w!\",\"breadcrumb\":{\"@id\":\"https:\/\/proclim.com.pl\/5-bledow-w-organizacji-ktore-popelniaja-milosnicy-kosmetykow\/#breadcrumb\"},\"inLanguage\":\"ro-RO\",\"potentialAction\":[{\"@type\":\"ReadAction\",\"target\":[\"https:\/\/proclim.com.pl\/5-bledow-w-organizacji-ktore-popelniaja-milosnicy-kosmetykow\/\"]}]},{\"@type\":\"ImageObject\",\"inLanguage\":\"ro-RO\",\"@id\":\"https:\/\/proclim.com.pl\/5-bledow-w-organizacji-ktore-popelniaja-milosnicy-kosmetykow\/#primaryimage\",\"url\":\"https:\/\/proclim.com.pl\/wp-content\/uploads\/2024\/10\/imagef7e4ea0a7b00440d8856aa26d22a19bc.png\",\"contentUrl\":\"https:\/\/proclim.com.pl\/wp-content\/uploads\/2024\/10\/imagef7e4ea0a7b00440d8856aa26d22a19bc.png\",\"width\":1024,\"height\":768},{\"@type\":\"BreadcrumbList\",\"@id\":\"https:\/\/proclim.com.pl\/5-bledow-w-organizacji-ktore-popelniaja-milosnicy-kosmetykow\/#breadcrumb\",\"itemListElement\":[{\"@type\":\"ListItem\",\"position\":1,\"name\":\"Home\",\"item\":\"https:\/\/proclim.com.pl\/\"},{\"@type\":\"ListItem\",\"position\":2,\"name\":\"5 b\u0142\u0119d\u00f3w w organizacji, kt\u00f3re pope\u0142niaj\u0105 mi\u0142o\u015bnicy kosmetyk\u00f3w\"}]},{\"@type\":\"WebSite\",\"@id\":\"https:\/\/proclim.com.pl\/#website\",\"url\":\"https:\/\/proclim.com.pl\/\",\"name\":\"proclim.com.pl\",\"description\":\"Organizer na perfumy: porz\u0105dek i styl w jednym miejscu.\",\"potentialAction\":[{\"@type\":\"SearchAction\",\"target\":{\"@type\":\"EntryPoint\",\"urlTemplate\":\"https:\/\/proclim.com.pl\/?s={search_term_string}\"},\"query-input\":\"required name=search_term_string\"}],\"inLanguage\":\"ro-RO\"},{\"@type\":\"Person\",\"@id\":\"https:\/\/proclim.com.pl\/#\/schema\/person\/45c676b6550e197bc729f915ffc429e0\",\"name\":\"Urszula Jasi\u0144ska\",\"image\":{\"@type\":\"ImageObject\",\"inLanguage\":\"ro-RO\",\"@id\":\"https:\/\/proclim.com.pl\/#\/schema\/person\/image\/\",\"url\":\"https:\/\/proclim.com.pl\/wp-content\/uploads\/2025\/02\/jdtygnenjz1_ad_avatar-96x96.jpg\",\"contentUrl\":\"https:\/\/proclim.com.pl\/wp-content\/uploads\/2025\/02\/jdtygnenjz1_ad_avatar-96x96.jpg\",\"caption\":\"Urszula Jasi\u0144ska\"},\"description\":\"Jestem Urszula Jasi\u0144ska, pasjonatka mody z wieloletnim do\u015bwiadczeniem w projektowaniu i stylizacji. Pracowa\u0142am z r\u00f3\u017cnymi markami, a tak\u017ce prowadz\u0119 bloga, na kt\u00f3rym dziel\u0119 si\u0119 swoimi spostrze\u017ceniami. Moim celem jest pomaganie innym w odnalezieniu w\u0142asnego stylu, zach\u0119cam do eksperymentowania z kolorami i krojami.\",\"url\":\"https:\/\/proclim.com.pl\/ro\/author\/urszula-jasinska\/\"}]}<\/script>\n<!-- \/ Yoast SEO plugin. -->","yoast_head_json":{"title":"5 Najcz\u0119stszych B\u0142\u0119d\u00f3w w Organizacji Kosmetyk\u00f3w, Kt\u00f3re Powiniene\u015b Unikn\u0105\u0107","description":"Odkryj pi\u0119\u0107 kluczowych b\u0142\u0119d\u00f3w, kt\u00f3re pope\u0142niaj\u0105 mi\u0142o\u015bnicy kosmetyk\u00f3w. Zyskaj lepsz\u0105 organizacj\u0119 i dbaj o jako\u015b\u0107 swoich produkt\u00f3w!","robots":{"index":"index","follow":"follow","max-snippet":"max-snippet:-1","max-image-preview":"max-image-preview:large","max-video-preview":"max-video-preview:-1"},"canonical":"https:\/\/proclim.com.pl\/ro\/5-bledow-w-organizacji-ktore-popelniaja-milosnicy-kosmetykow\/","og_locale":"ro_RO","og_type":"article","og_title":"5 Najcz\u0119stszych B\u0142\u0119d\u00f3w w Organizacji Kosmetyk\u00f3w, Kt\u00f3re Powiniene\u015b Unikn\u0105\u0107","og_description":"Odkryj pi\u0119\u0107 kluczowych b\u0142\u0119d\u00f3w, kt\u00f3re pope\u0142niaj\u0105 mi\u0142o\u015bnicy kosmetyk\u00f3w. Zyskaj lepsz\u0105 organizacj\u0119 i dbaj o jako\u015b\u0107 swoich produkt\u00f3w!","og_url":"https:\/\/proclim.com.pl\/ro\/5-bledow-w-organizacji-ktore-popelniaja-milosnicy-kosmetykow\/","og_site_name":"proclim.com.pl","article_published_time":"2024-10-24T23:00:00+00:00","og_image":[{"width":1024,"height":768,"url":"https:\/\/proclim.com.pl\/wp-content\/uploads\/2024\/10\/imagef7e4ea0a7b00440d8856aa26d22a19bc.png","type":"image\/png"}],"author":"Urszula Jasi\u0144ska","twitter_card":"summary_large_image","twitter_misc":{"Scris de":"Urszula Jasi\u0144ska","Timp estimat pentru citire":"6 minute"},"schema":{"@context":"https:\/\/schema.org","@graph":[{"@type":"WebPage","@id":"https:\/\/proclim.com.pl\/5-bledow-w-organizacji-ktore-popelniaja-milosnicy-kosmetykow\/","url":"https:\/\/proclim.com.pl\/5-bledow-w-organizacji-ktore-popelniaja-milosnicy-kosmetykow\/","name":"5 Najcz\u0119stszych B\u0142\u0119d\u00f3w w Organizacji Kosmetyk\u00f3w, Kt\u00f3re Powiniene\u015b Unikn\u0105\u0107","isPartOf":{"@id":"https:\/\/proclim.com.pl\/#website"},"primaryImageOfPage":{"@id":"https:\/\/proclim.com.pl\/5-bledow-w-organizacji-ktore-popelniaja-milosnicy-kosmetykow\/#primaryimage"},"image":{"@id":"https:\/\/proclim.com.pl\/5-bledow-w-organizacji-ktore-popelniaja-milosnicy-kosmetykow\/#primaryimage"},"thumbnailUrl":"https:\/\/proclim.com.pl\/wp-content\/uploads\/2024\/10\/imagef7e4ea0a7b00440d8856aa26d22a19bc.png","datePublished":"2024-10-24T23:00:00+00:00","dateModified":"2024-10-24T23:00:00+00:00","author":{"@id":"https:\/\/proclim.com.pl\/#\/schema\/person\/45c676b6550e197bc729f915ffc429e0"},"description":"Odkryj pi\u0119\u0107 kluczowych b\u0142\u0119d\u00f3w, kt\u00f3re pope\u0142niaj\u0105 mi\u0142o\u015bnicy kosmetyk\u00f3w. Zyskaj lepsz\u0105 organizacj\u0119 i dbaj o jako\u015b\u0107 swoich produkt\u00f3w!","breadcrumb":{"@id":"https:\/\/proclim.com.pl\/5-bledow-w-organizacji-ktore-popelniaja-milosnicy-kosmetykow\/#breadcrumb"},"inLanguage":"ro-RO","potentialAction":[{"@type":"ReadAction","target":["https:\/\/proclim.com.pl\/5-bledow-w-organizacji-ktore-popelniaja-milosnicy-kosmetykow\/"]}]},{"@type":"ImageObject","inLanguage":"ro-RO","@id":"https:\/\/proclim.com.pl\/5-bledow-w-organizacji-ktore-popelniaja-milosnicy-kosmetykow\/#primaryimage","url":"https:\/\/proclim.com.pl\/wp-content\/uploads\/2024\/10\/imagef7e4ea0a7b00440d8856aa26d22a19bc.png","contentUrl":"https:\/\/proclim.com.pl\/wp-content\/uploads\/2024\/10\/imagef7e4ea0a7b00440d8856aa26d22a19bc.png","width":1024,"height":768},{"@type":"BreadcrumbList","@id":"https:\/\/proclim.com.pl\/5-bledow-w-organizacji-ktore-popelniaja-milosnicy-kosmetykow\/#breadcrumb","itemListElement":[{"@type":"ListItem","position":1,"name":"Home","item":"https:\/\/proclim.com.pl\/"},{"@type":"ListItem","position":2,"name":"5 b\u0142\u0119d\u00f3w w organizacji, kt\u00f3re pope\u0142niaj\u0105 mi\u0142o\u015bnicy kosmetyk\u00f3w"}]},{"@type":"WebSite","@id":"https:\/\/proclim.com.pl\/#website","url":"https:\/\/proclim.com.pl\/","name":"proclim.com.pl","description":"Organizer na perfumy: porz\u0105dek i styl w jednym miejscu.","potentialAction":[{"@type":"SearchAction","target":{"@type":"EntryPoint","urlTemplate":"https:\/\/proclim.com.pl\/?s={search_term_string}"},"query-input":"required name=search_term_string"}],"inLanguage":"ro-RO"},{"@type":"Person","@id":"https:\/\/proclim.com.pl\/#\/schema\/person\/45c676b6550e197bc729f915ffc429e0","name":"Urszula Jasi\u0144ska","image":{"@type":"ImageObject","inLanguage":"ro-RO","@id":"https:\/\/proclim.com.pl\/#\/schema\/person\/image\/","url":"https:\/\/proclim.com.pl\/wp-content\/uploads\/2025\/02\/jdtygnenjz1_ad_avatar-96x96.jpg","contentUrl":"https:\/\/proclim.com.pl\/wp-content\/uploads\/2025\/02\/jdtygnenjz1_ad_avatar-96x96.jpg","caption":"Urszula Jasi\u0144ska"},"description":"Jestem Urszula Jasi\u0144ska, pasjonatka mody z wieloletnim do\u015bwiadczeniem w projektowaniu i stylizacji. Pracowa\u0142am z r\u00f3\u017cnymi markami, a tak\u017ce prowadz\u0119 bloga, na kt\u00f3rym dziel\u0119 si\u0119 swoimi spostrze\u017ceniami. Moim celem jest pomaganie innym w odnalezieniu w\u0142asnego stylu, zach\u0119cam do eksperymentowania z kolorami i krojami.","url":"https:\/\/proclim.com.pl\/ro\/author\/urszula-jasinska\/"}]}},"yoast_meta":{"yoast_wpseo_title":"","yoast_wpseo_metadesc":"","yoast_wpseo_canonical":"https:\/\/proclim.com.pl\/ro\/wp-json\/wp\/v2\/posts\/155"},"_links":{"self":[{"href":"https:\/\/proclim.com.pl\/ro\/wp-json\/wp\/v2\/posts\/155"}],"collection":[{"href":"https:\/\/proclim.com.pl\/ro\/wp-json\/wp\/v2\/posts"}],"about":[{"href":"https:\/\/proclim.com.pl\/ro\/wp-json\/wp\/v2\/types\/post"}],"author":[{"embeddable":true,"href":"https:\/\/proclim.com.pl\/ro\/wp-json\/wp\/v2\/users\/1"}],"replies":[{"embeddable":true,"href":"https:\/\/proclim.com.pl\/ro\/wp-json\/wp\/v2\/comments?post=155"}],"version-history":[{"count":1,"href":"https:\/\/proclim.com.pl\/ro\/wp-json\/wp\/v2\/posts\/155\/revisions"}],"predecessor-version":[{"id":173,"href":"https:\/\/proclim.com.pl\/ro\/wp-json\/wp\/v2\/posts\/155\/revisions\/173"}],"wp:featuredmedia":[{"embeddable":true,"href":"https:\/\/proclim.com.pl\/ro\/wp-json\/wp\/v2\/media\/129"}],"wp:attachment":[{"href":"https:\/\/proclim.com.pl\/ro\/wp-json\/wp\/v2\/media?parent=155"}],"wp:term":[{"taxonomy":"category","embeddable":true,"href":"https:\/\/proclim.com.pl\/ro\/wp-json\/wp\/v2\/categories?post=155"},{"taxonomy":"post_tag","embeddable":true,"href":"https:\/\/proclim.com.pl\/ro\/wp-json\/wp\/v2\/tags?post=155"}],"curies":[{"name":"wp","href":"https:\/\/api.w.org\/{rel}","templated":true}]}}